{"id":100325,"date":"2026-03-24T12:51:10","date_gmt":"2026-03-24T17:51:10","guid":{"rendered":"https:\/\/www.evafm.net\/sitio\/?p=100325"},"modified":"2026-03-24T12:51:10","modified_gmt":"2026-03-24T17:51:10","slug":"patrik-mercado-se-queda-sin-mundial-2026","status":"publish","type":"post","link":"https:\/\/www.evafm.net\/sitio\/patrik-mercado-se-queda-sin-mundial-2026\/","title":{"rendered":"Patrik Mercado se queda sin Mundial 2026"},"content":{"rendered":"<p>El futuro inmediato de<strong>\u00a0Patrik Mercado\u00a0<\/strong>no solo preocupa en\u00a0<a href=\"https:\/\/www.ecuavisa.com\/deportes\/ind-del-valle\" target=\"_blank\" rel=\"noopener\"><strong>Independiente del Valle<\/strong><\/a>, sino que tambi\u00e9n ha despertado el inter\u00e9s del\u00a0<strong>Sevilla de Espa\u00f1a<\/strong>, club que sigue de cerca la evoluci\u00f3n m\u00e9dica del futbolista ecuatoriano.<\/p>\n<p>Ambas instituciones analizan conjuntamente los pasos a seguir respecto a su tratamiento.<\/p>\n<p><strong>Luis Fernando Saritama,<\/strong>\u00a0gerente deportivo del conjunto rayado, confirm\u00f3 que el equipo andaluz reaccion\u00f3 de forma r\u00e1pida ante la situaci\u00f3n del jugador y que ya existe comunicaci\u00f3n directa para tomar una decisi\u00f3n en conjunto. La principal inc\u00f3gnita pasa por definir d\u00f3nde se realizar\u00eda una posible intervenci\u00f3n quir\u00fargica.<\/p>\n<p>Seg\u00fan explic\u00f3 el directivo en declaraciones a\u00a0<strong>MachDeportes FM<\/strong>, las opciones sobre la mesa son que la operaci\u00f3n se lleve a cabo en Ecuador o en territorio espa\u00f1ol, dependiendo de lo que determinen los especialistas y lo que resulte m\u00e1s conveniente para la recuperaci\u00f3n del futbolista.<\/p>\n<p>Esto adelantando que ser\u00eda baja entre<strong> 7 a 8 meses, es decir, perdi\u00e9ndose el Mundial 2026.<\/strong><\/p>\n<p>La resoluci\u00f3n se tomar\u00e1 en las pr\u00f3ximas horas, una vez completadas las\u00a0<strong>evaluaciones m\u00e9dicas<\/strong>, en un proceso que involucra tanto al entorno de Mercado como a los clubes interesados en su bienestar y proyecci\u00f3n profesional.<strong>(D)<\/strong><\/p>\n<p><strong>Fuente:<\/strong> evafm.net &#8211; ecuavisa.com<\/p>\n<p>&nbsp;<\/p>\n<div class=\"gsp_post_data\" \r\n\t            data-post_type=\"post\" \r\n\t            data-cat=\"deportes-ecuador\" \r\n\t            data-modified=\"120\"\r\n\t            data-created=\"1774356670\"\r\n\t            data-title=\"Patrik Mercado se queda sin Mundial 2026\" \r\n\t            data-home=\"https:\/\/www.evafm.net\/sitio\"><\/div>","protected":false},"excerpt":{"rendered":"<p>El futuro inmediato de\u00a0Patrik Mercado\u00a0no solo preocupa en\u00a0Independiente del Valle, sino que tambi\u00e9n ha despertado el inter\u00e9s del\u00a0Sevilla de Espa\u00f1a, club que sigue de cerca la evoluci\u00f3n m\u00e9dica del futbolista ecuatoriano. Ambas instituciones analizan conjuntamente los pasos a seguir respecto a su tratamiento. Luis Fernando Saritama,\u00a0gerente deportivo del conjunto rayado, confirm\u00f3 que el equipo andaluz&#8230;<\/p>\n","protected":false},"author":5,"featured_media":100326,"comment_status":"closed","ping_status":"open","sticky":false,"template":"","format":"standard","meta":{"_joinchat":[],"footnotes":""},"categories":[1557],"tags":[],"class_list":["post-100325","post","type-post","status-publish","format-standard","has-post-thumbnail","hentry","category-deportes-ecuador","have-post-thumb"],"_links":{"self":[{"href":"https:\/\/www.evafm.net\/sitio\/wp-json\/wp\/v2\/posts\/100325","targetHints":{"allow":["GET"]}}],"collection":[{"href":"https:\/\/www.evafm.net\/sitio\/wp-json\/wp\/v2\/posts"}],"about":[{"href":"https:\/\/www.evafm.net\/sitio\/wp-json\/wp\/v2\/types\/post"}],"author":[{"embeddable":true,"href":"https:\/\/www.evafm.net\/sitio\/wp-json\/wp\/v2\/users\/5"}],"replies":[{"embeddable":true,"href":"https:\/\/www.evafm.net\/sitio\/wp-json\/wp\/v2\/comments?post=100325"}],"version-history":[{"count":1,"href":"https:\/\/www.evafm.net\/sitio\/wp-json\/wp\/v2\/posts\/100325\/revisions"}],"predecessor-version":[{"id":100327,"href":"https:\/\/www.evafm.net\/sitio\/wp-json\/wp\/v2\/posts\/100325\/revisions\/100327"}],"wp:featuredmedia":[{"embeddable":true,"href":"https:\/\/www.evafm.net\/sitio\/wp-json\/wp\/v2\/media\/100326"}],"wp:attachment":[{"href":"https:\/\/www.evafm.net\/sitio\/wp-json\/wp\/v2\/media?parent=100325"}],"wp:term":[{"taxonomy":"category","embeddable":true,"href":"https:\/\/www.evafm.net\/sitio\/wp-json\/wp\/v2\/categories?post=100325"},{"taxonomy":"post_tag","embeddable":true,"href":"https:\/\/www.evafm.net\/sitio\/wp-json\/wp\/v2\/tags?post=100325"}],"curies":[{"name":"wp","href":"https:\/\/api.w.org\/{rel}","templated":true}]}}