{"id":100352,"date":"2026-03-25T14:46:43","date_gmt":"2026-03-25T19:46:43","guid":{"rendered":"https:\/\/www.evafm.net\/sitio\/?p=100352"},"modified":"2026-03-25T14:46:43","modified_gmt":"2026-03-25T19:46:43","slug":"miler-bolanos-recupera-su-libertad-tras-detencion-y-espera-decision-de-emelec","status":"publish","type":"post","link":"https:\/\/www.evafm.net\/sitio\/miler-bolanos-recupera-su-libertad-tras-detencion-y-espera-decision-de-emelec\/","title":{"rendered":"Miler Bola\u00f1os recupera su libertad tras detenci\u00f3n y espera decisi\u00f3n de Emelec"},"content":{"rendered":"<p>El delantero ecuatoriano<strong>\u00a0<\/strong><a href=\"https:\/\/www.ecuavisa.com\/futbol-nacional\/arrestan-a-miler-bolanos-por-incumplir-el-toque-de-queda-20260325-0027.html\" target=\"_blank\" rel=\"noopener\"><strong>Miler Bola\u00f1os<\/strong>\u00a0<\/a>volvi\u00f3 a acaparar la atenci\u00f3n tras el incidente registrado la madrugada de este mi\u00e9rcoles, cuando fue detenido por incumplir el toque de queda en Guayas.<\/p>\n<p>No obstante, en las \u00faltimas horas se confirm\u00f3 que el jugador ya recuper\u00f3 su libertad, lo que reconfigura su panorama tanto en lo legal como en lo deportivo.<\/p>\n<p>De acuerdo con informaci\u00f3n del periodista Javier Ruiz en el programa De Una, el futbolista habr\u00eda argumentado que su presencia en la\u00a0<strong>v\u00eda p\u00fablica durante la madrugada respond\u00eda a un tema<\/strong><\/p>\n<p><strong> m\u00e9dico<\/strong>, explicaci\u00f3n que ahora ser\u00e1 determinante en la evaluaci\u00f3n interna que realice Emelec.<\/p>\n<p>&nbsp;<\/p>\n<p>En un inicio, tras conocerse su detenci\u00f3n, trascendi\u00f3 que el club hab\u00eda decidido separarlo de manera inmediata del plantel.<\/p>\n<p>Sin embargo, este nuevo elemento podr\u00eda matizar la postura institucional, aunque no asegura un desenlace favorable para el atacante.<\/p>\n<p>El caso de Bola\u00f1os se suma a un historial reciente de inconvenientes fuera de las canchas.<\/p>\n<p>En 2025, fue sentenciado a ocho meses de prisi\u00f3n mediante procedimiento abreviado por un delito de intimidaci\u00f3n en\u00a0<strong>Daule<\/strong>, antecedente que mantiene en observaci\u00f3n su conducta.<\/p>\n<p>Por ahora, la decisi\u00f3n final est\u00e1 en manos de\u00a0<strong>Emelec<\/strong>, que deber\u00e1 analizar la\u00a0<strong>versi\u00f3n del jugador\u00a0<\/strong>y definir si continuar\u00e1 formando parte del equipo o si se confirma su salida en medio de esta nueva<\/p>\n<p>pol\u00e9mica<strong>. (D)<\/strong><\/p>\n<p><strong>Fuente:<\/strong> evafm.net &#8211; ecuavisa.com<\/p>\n<p>&nbsp;<\/p>\n<div class=\"gsp_post_data\" \r\n\t            data-post_type=\"post\" \r\n\t            data-cat=\"deportes-ecuador,general\" \r\n\t            data-modified=\"120\"\r\n\t            data-created=\"1774450003\"\r\n\t            data-title=\"Miler Bola\u00f1os recupera su libertad tras detenci\u00f3n y espera decisi\u00f3n de Emelec\" \r\n\t            data-home=\"https:\/\/www.evafm.net\/sitio\"><\/div>","protected":false},"excerpt":{"rendered":"<p>El delantero ecuatoriano\u00a0Miler Bola\u00f1os\u00a0volvi\u00f3 a acaparar la atenci\u00f3n tras el incidente registrado la madrugada de este mi\u00e9rcoles, cuando fue detenido por incumplir el toque de queda en Guayas. No obstante, en las \u00faltimas horas se confirm\u00f3 que el jugador ya recuper\u00f3 su libertad, lo que reconfigura su panorama tanto en lo legal como en lo&#8230;<\/p>\n","protected":false},"author":5,"featured_media":100353,"comment_status":"closed","ping_status":"open","sticky":false,"template":"","format":"standard","meta":{"_joinchat":[],"footnotes":""},"categories":[1557,1720],"tags":[],"class_list":["post-100352","post","type-post","status-publish","format-standard","has-post-thumbnail","hentry","category-deportes-ecuador","category-general","have-post-thumb"],"_links":{"self":[{"href":"https:\/\/www.evafm.net\/sitio\/wp-json\/wp\/v2\/posts\/100352","targetHints":{"allow":["GET"]}}],"collection":[{"href":"https:\/\/www.evafm.net\/sitio\/wp-json\/wp\/v2\/posts"}],"about":[{"href":"https:\/\/www.evafm.net\/sitio\/wp-json\/wp\/v2\/types\/post"}],"author":[{"embeddable":true,"href":"https:\/\/www.evafm.net\/sitio\/wp-json\/wp\/v2\/users\/5"}],"replies":[{"embeddable":true,"href":"https:\/\/www.evafm.net\/sitio\/wp-json\/wp\/v2\/comments?post=100352"}],"version-history":[{"count":1,"href":"https:\/\/www.evafm.net\/sitio\/wp-json\/wp\/v2\/posts\/100352\/revisions"}],"predecessor-version":[{"id":100354,"href":"https:\/\/www.evafm.net\/sitio\/wp-json\/wp\/v2\/posts\/100352\/revisions\/100354"}],"wp:featuredmedia":[{"embeddable":true,"href":"https:\/\/www.evafm.net\/sitio\/wp-json\/wp\/v2\/media\/100353"}],"wp:attachment":[{"href":"https:\/\/www.evafm.net\/sitio\/wp-json\/wp\/v2\/media?parent=100352"}],"wp:term":[{"taxonomy":"category","embeddable":true,"href":"https:\/\/www.evafm.net\/sitio\/wp-json\/wp\/v2\/categories?post=100352"},{"taxonomy":"post_tag","embeddable":true,"href":"https:\/\/www.evafm.net\/sitio\/wp-json\/wp\/v2\/tags?post=100352"}],"curies":[{"name":"wp","href":"https:\/\/api.w.org\/{rel}","templated":true}]}}