{"id":100393,"date":"2026-03-27T11:19:38","date_gmt":"2026-03-27T16:19:38","guid":{"rendered":"https:\/\/www.evafm.net\/sitio\/?p=100393"},"modified":"2026-03-27T11:19:38","modified_gmt":"2026-03-27T16:19:38","slug":"daniel-noboa-se-apalanca-en-cinco-acciones-para-incrementar-la-oferta-de-vivienda","status":"publish","type":"post","link":"https:\/\/www.evafm.net\/sitio\/daniel-noboa-se-apalanca-en-cinco-acciones-para-incrementar-la-oferta-de-vivienda\/","title":{"rendered":"Daniel Noboa se apalanca en cinco acciones para incrementar la oferta de vivienda"},"content":{"rendered":"<p>En los \u00faltimos cinco meses, el gobierno de<strong>\u00a0<a href=\"https:\/\/www.ecuavisa.com\/tema\/daniel-noboa-t106685\" target=\"_blank\" rel=\"noopener\">Daniel Noboa<\/a>\u00a0<\/strong>ha impulsado cinco acciones para ampliar el acceso a vivienda, como<strong>\u00a0cr\u00e9ditos con baja tasa de inter\u00e9s y proyectos de ley<\/strong>.<\/p>\n<p>Dos de las iniciativas de tr\u00e1mite legislativo tienen reparos y generan resistencia en la Asamblea Nacional.<\/p>\n<p>Estas acciones han cobrado fuerza luego de que el<strong>\u00a0presidente Noboa ofreciera dar 200 000 soluciones habitacionales.<\/strong><\/p>\n<p><strong>\u00a0<\/strong>\u201cEl 2026 es el a\u00f1o de la construcci\u00f3n\u201d, manifest\u00f3 el 23 de febrero de 2026 en una entrega de viviendas en Guayas.<\/p>\n<p><strong>Dichas iniciativas son:<\/strong><\/p>\n<ul>\n<li>Cr\u00e9dito hipotecario Miti Miti<\/li>\n<li>Cr\u00e9dito hipotecario Credicasa<\/li>\n<li>Programa Casa 100<\/li>\n<li>Proyecto de Ley para Incentivar la Construcci\u00f3n de Viviendas de Inter\u00e9s Social y Reducir el D\u00e9ficit Habitacional<\/li>\n<li>Proyecto de Ley de Ordenamiento Territorial y Uso de Suelo<\/li>\n<\/ul>\n<p><strong>Crsicasa .Miti Miti y Casa 100.<\/strong><\/p>\n<p>El\u00a0<strong>cr\u00e9dito Miti Miti<\/strong>\u00a0est\u00e1 dirigido por el Ministerio de Infraestructura y Transporte (MIT) en alianza con la banca privada, ofreciendo una tasa de<strong>\u00a0inter\u00e9s del 4,99 %<\/strong>.<\/p>\n<p>En marzo de 2026, el Gobierno ampl\u00edo el cr\u00e9dito de 25 hasta 30 a\u00f1os plazo para los cr\u00e9ditos hipotecarios de Vivienda de Inter\u00e9s Social (VIS) y Vivienda de Inter\u00e9s P\u00fablico (VIP).<\/p>\n<p>Seg\u00fan el Ejecutivo, han entregado<strong> 7 814 cr\u00e9ditos<\/strong> a escala nacional, con un aporte estatal de <strong>USD 227 951 354.<\/strong><\/p>\n<p>Mientras que\u00a0<strong>Credicasa<\/strong>\u00a0viene del Biess y ofrece un inter\u00e9s nunca antes visto:\u00a0<strong>2,99 %<\/strong>. Para este beneficio hay que estar afiliado al IESS.<\/p>\n<p>Tambi\u00e9n est\u00e1 el programa Casa 100, cuyo costo de vivienda es asumido 100 % por el Estado y dirigido a familias que viven en pobreza o pobreza extrema, especialmente aquellas<\/p>\n<p>afectadas por emergencias.<\/p>\n<p><strong>Dos proyectos de ley generan resistencia.<\/strong><\/p>\n<p>El presidente Daniel Noboa envi\u00f3 a la Asamblea el proyecto de ley con el car\u00e1cter de econ\u00f3mico urgente para\u00a0<strong>Incentivar la Construcci\u00f3n de Viviendas de Inter\u00e9s Social y Reducir el D\u00e9ficit Habitacional.<\/strong><\/p>\n<p>Esta propone que quienes donen viviendas de inter\u00e9s social al MIT tengan una\u00a0<strong>rebaja del impuesto a la renta<\/strong>\u00a0equivalente al 100 % del valor donado, con un l\u00edmite m\u00e1ximo del 30 % del impuesto causado<\/p>\n<p>en el ejercicio fiscal correspondiente, sin derecho a devoluci\u00f3n.<\/p>\n<p>&nbsp;<\/p>\n<p>En paralelo, el bloque de ADN impulsa el\u00a0<strong>proyecto de Ley de Ordenamiento Territorial y Uso de Suelo<\/strong>, que busca otorgar la facultad al presidente Noboa para que pueda declarar Proyecto Estrat\u00e9gico Nacional de Construcci\u00f3n de Vivienda a propuestas que cumplan determinados requisitos.<\/p>\n<p>Sin embargo, el oficialismo ha encontrado reparos incluso dentro de sus propios aliados en ambas propuestas, por lo que se han visto obligados a suspender la votaci\u00f3n en el segundo debate hasta incorporar sugerencias y obtener los respaldos necesarios.<\/p>\n<p>En el primer caso,\u00a0<strong>Paola Cabezas, del corre\u00edsmo,<\/strong>\u00a0critic\u00f3 que las grandes empresas reduzcan hasta en un <strong>30 %<\/strong> el pago del impuesto a la renta y anticip\u00f3 una demanda de inconstitucionalidad.<\/p>\n<p>En el segundo caso,\u00a0<strong>Fernando Nantipia (expulsado de Pachakutik y aliado de ADN)<\/strong>, cuestion\u00f3 que ciertas reglas para la planificaci\u00f3n territorial no son viables en la Amazon\u00eda, de donde es originario (Morona Santiago).<\/p>\n<p><strong>\u00bfPor qu\u00e9 el Gobierno le apuesta a la construcci\u00f3n?<\/strong><\/p>\n<p>El analista pol\u00edtico y econ\u00f3mico Juan Rivadeneira recuerda precisamente que Noboa calific\u00f3 al 2026 como el a\u00f1o de la construcci\u00f3n.<\/p>\n<p>\u00abEn mi opini\u00f3n, el razonamiento econ\u00f3mico se sustenta en el multiplicador de empleo y din\u00e1mica econ\u00f3mica que este sector puede ofrecer.<\/p>\n<p>El encadenamiento es relevante, es decir, el impacto sobre varias fases del proceso productivo implican dinamizaci\u00f3n de actividades en: materiales, transporte, alimentaci\u00f3n, log\u00edstica, herramientas, cer\u00e1mica, grifer\u00eda, y todo lo relacionado.<\/p>\n<p>Los ciudadanos demandan siempre gesti\u00f3n de sus gobernantes.<\/p>\n<p>Pienso que en este caso el Presidente Noboa busca satisfacer la necesidad de vivienda (expresada en el d\u00e9ficit habitacional), demostrar gesti\u00f3n y, derivado de ello, seguramente tendr\u00e1 r\u00e9ditos positivos de valoraci\u00f3n y simpat\u00eda de los electores\u00bb.<strong> (I)<\/strong><\/p>\n<p><img decoding=\"async\" src=\"https:\/\/tctelevision.nyc3.digitaloceanspaces.com\/Noticias_wordpress\/2026\/03\/23\/MESSI-6.jpg\" alt=\"Presidente Noboa anuncia obras en Esmeraldas: Parque, viviendas y apoyo  productivo\" \/><\/p>\n<p><strong>Fuente:<\/strong> evafm.net &#8211; ecuavisa.com<\/p>\n<p>&nbsp;<\/p>\n<p>&nbsp;<\/p>\n<div class=\"gsp_post_data\" \r\n\t            data-post_type=\"post\" \r\n\t            data-cat=\"general,noticias-ecuador\" \r\n\t            data-modified=\"120\"\r\n\t            data-created=\"1774610378\"\r\n\t            data-title=\"Daniel Noboa se apalanca en cinco acciones para incrementar la oferta de vivienda\" \r\n\t            data-home=\"https:\/\/www.evafm.net\/sitio\"><\/div>","protected":false},"excerpt":{"rendered":"<p>En los \u00faltimos cinco meses, el gobierno de\u00a0Daniel Noboa\u00a0ha impulsado cinco acciones para ampliar el acceso a vivienda, como\u00a0cr\u00e9ditos con baja tasa de inter\u00e9s y proyectos de ley. Dos de las iniciativas de tr\u00e1mite legislativo tienen reparos y generan resistencia en la Asamblea Nacional. Estas acciones han cobrado fuerza luego de que el\u00a0presidente Noboa ofreciera&#8230;<\/p>\n","protected":false},"author":5,"featured_media":100394,"comment_status":"closed","ping_status":"open","sticky":false,"template":"","format":"standard","meta":{"_joinchat":[],"footnotes":""},"categories":[1720,1558],"tags":[],"class_list":["post-100393","post","type-post","status-publish","format-standard","has-post-thumbnail","hentry","category-general","category-noticias-ecuador","have-post-thumb"],"_links":{"self":[{"href":"https:\/\/www.evafm.net\/sitio\/wp-json\/wp\/v2\/posts\/100393","targetHints":{"allow":["GET"]}}],"collection":[{"href":"https:\/\/www.evafm.net\/sitio\/wp-json\/wp\/v2\/posts"}],"about":[{"href":"https:\/\/www.evafm.net\/sitio\/wp-json\/wp\/v2\/types\/post"}],"author":[{"embeddable":true,"href":"https:\/\/www.evafm.net\/sitio\/wp-json\/wp\/v2\/users\/5"}],"replies":[{"embeddable":true,"href":"https:\/\/www.evafm.net\/sitio\/wp-json\/wp\/v2\/comments?post=100393"}],"version-history":[{"count":1,"href":"https:\/\/www.evafm.net\/sitio\/wp-json\/wp\/v2\/posts\/100393\/revisions"}],"predecessor-version":[{"id":100395,"href":"https:\/\/www.evafm.net\/sitio\/wp-json\/wp\/v2\/posts\/100393\/revisions\/100395"}],"wp:featuredmedia":[{"embeddable":true,"href":"https:\/\/www.evafm.net\/sitio\/wp-json\/wp\/v2\/media\/100394"}],"wp:attachment":[{"href":"https:\/\/www.evafm.net\/sitio\/wp-json\/wp\/v2\/media?parent=100393"}],"wp:term":[{"taxonomy":"category","embeddable":true,"href":"https:\/\/www.evafm.net\/sitio\/wp-json\/wp\/v2\/categories?post=100393"},{"taxonomy":"post_tag","embeddable":true,"href":"https:\/\/www.evafm.net\/sitio\/wp-json\/wp\/v2\/tags?post=100393"}],"curies":[{"name":"wp","href":"https:\/\/api.w.org\/{rel}","templated":true}]}}