{"id":100473,"date":"2026-03-30T14:08:17","date_gmt":"2026-03-30T19:08:17","guid":{"rendered":"https:\/\/www.evafm.net\/sitio\/?p=100473"},"modified":"2026-03-30T14:08:17","modified_gmt":"2026-03-30T19:08:17","slug":"newcastle-united-acordo-el-fichaje-de-johan-martinez-con-independiente-del-valle","status":"publish","type":"post","link":"https:\/\/www.evafm.net\/sitio\/newcastle-united-acordo-el-fichaje-de-johan-martinez-con-independiente-del-valle\/","title":{"rendered":"Newcastle United acord\u00f3 el fichaje de Johan Mart\u00ednez con Independiente del Valle"},"content":{"rendered":"<p><a href=\"https:\/\/www.ecuavisa.com\/metadatos\/-\/meta\/independiente-del-valle\" target=\"_blank\" rel=\"noopener\">Independiente del Valle<\/a>\u00a0sigue exportando a juveniles al exterior y los g<strong>randes clubes del mundo tienen puesta la mirada en la cantera de los rayados<\/strong>, y cerraron un nuevo fichaje de un joven futbolista.<\/p>\n<p>Johan\u00a0<strong>Mart\u00ednez es una de las pr\u00f3ximas estrellas de la divisi\u00f3n formativa de los rayados,<\/strong>\u00a0por lo que\u00a0<a href=\"https:\/\/www.ecuavisa.com\/futbol-nacional\/johan-martinez-juvenil-independiente-del-valle-nuevo-fichaje-newcastle-20260325-0055.html\" target=\"_blank\" rel=\"noopener\">era seguido por varios equipos de Europa<\/a>\u00a0y ya lleg\u00f3 a un acuerdo para cerrar su traspaso.<\/p>\n<p>El<strong><mark> Newcastle acord\u00f3 el fichaje de Mart\u00ednez con Independiente del Valle<\/mark>,<\/strong> seg\u00fan report\u00f3 el reconocido periodista Fabrizio Romano, despu\u00e9s de que algunos clubes estaban viendo de cerca al extremo.<\/p>\n<p>&nbsp;<\/p>\n<p>El\u00a0<strong>cuadro ingl\u00e9s venci\u00f3 al Bayer Leverkusen y a otros equipos de la Premier League para poder contrata<\/strong>r al atacante nacido en el 2009, por lo que est\u00e1n a la expectativa de cerrar la negociaci\u00f3n.<\/p>\n<p>Romano agreg\u00f3 que los dos clubes esperan firmar todos los documentos y<strong>\u00a0garantizar el traspaso a lo largo de esta semana,\u00a0<\/strong>pues a\u00fan faltan varios detalles por definir para que se cierren las negociaciones.<\/p>\n<p><strong>\u00bfCu\u00e1ndo ir\u00e1 Johan Mart\u00ednez al Newcastle United?<\/strong><\/p>\n<p>Mart\u00ednez abandonar\u00e1 el plantel de Independiente del Valle y\u00a0<strong>se unir\u00e1 al Newcastle cuando cumpla los 18 a\u00f1os de edad<\/strong>, al igual que ocurri\u00f3 con <strong>Kendry P\u00e1ez.<\/strong><\/p>\n<p>Johan se suma a la lista de<strong><mark> juveniles de Independiente del Valle que fueron vendidos al exterior<\/mark>,<\/strong> antes de debutar con el primer equipo y siendo menores de edad.<\/p>\n<p>Como:<strong> Justin Lerma<\/strong> <strong>al Borussia Dortmund;<\/strong>\u00a0<strong>Holger y Edwin Quintero al Arsenal<\/strong>; y <strong>Deinner Ord\u00f3\u00f1ez al Chelsea.<\/strong><\/p>\n<p>Por ahora, Mart\u00ednez a\u00fan no suma minutos con el primer equipo de Independiente del Valle.<strong>(D)<\/strong><\/p>\n<p>&nbsp;<\/p>\n<p><strong>Fuente:<\/strong> evafm.net &#8211; ecuavisa.com<\/p>\n<p>&nbsp;<\/p>\n<div class=\"gsp_post_data\" \r\n\t            data-post_type=\"post\" \r\n\t            data-cat=\"deportes-ecuador\" \r\n\t            data-modified=\"120\"\r\n\t            data-created=\"1774879697\"\r\n\t            data-title=\"Newcastle United acord\u00f3 el fichaje de Johan Mart\u00ednez con Independiente del Valle\" \r\n\t            data-home=\"https:\/\/www.evafm.net\/sitio\"><\/div>","protected":false},"excerpt":{"rendered":"<p>Independiente del Valle\u00a0sigue exportando a juveniles al exterior y los grandes clubes del mundo tienen puesta la mirada en la cantera de los rayados, y cerraron un nuevo fichaje de un joven futbolista. Johan\u00a0Mart\u00ednez es una de las pr\u00f3ximas estrellas de la divisi\u00f3n formativa de los rayados,\u00a0por lo que\u00a0era seguido por varios equipos de Europa\u00a0y&#8230;<\/p>\n","protected":false},"author":5,"featured_media":100474,"comment_status":"closed","ping_status":"open","sticky":false,"template":"","format":"standard","meta":{"_joinchat":[],"footnotes":""},"categories":[1557],"tags":[],"class_list":["post-100473","post","type-post","status-publish","format-standard","has-post-thumbnail","hentry","category-deportes-ecuador","have-post-thumb"],"_links":{"self":[{"href":"https:\/\/www.evafm.net\/sitio\/wp-json\/wp\/v2\/posts\/100473","targetHints":{"allow":["GET"]}}],"collection":[{"href":"https:\/\/www.evafm.net\/sitio\/wp-json\/wp\/v2\/posts"}],"about":[{"href":"https:\/\/www.evafm.net\/sitio\/wp-json\/wp\/v2\/types\/post"}],"author":[{"embeddable":true,"href":"https:\/\/www.evafm.net\/sitio\/wp-json\/wp\/v2\/users\/5"}],"replies":[{"embeddable":true,"href":"https:\/\/www.evafm.net\/sitio\/wp-json\/wp\/v2\/comments?post=100473"}],"version-history":[{"count":1,"href":"https:\/\/www.evafm.net\/sitio\/wp-json\/wp\/v2\/posts\/100473\/revisions"}],"predecessor-version":[{"id":100475,"href":"https:\/\/www.evafm.net\/sitio\/wp-json\/wp\/v2\/posts\/100473\/revisions\/100475"}],"wp:featuredmedia":[{"embeddable":true,"href":"https:\/\/www.evafm.net\/sitio\/wp-json\/wp\/v2\/media\/100474"}],"wp:attachment":[{"href":"https:\/\/www.evafm.net\/sitio\/wp-json\/wp\/v2\/media?parent=100473"}],"wp:term":[{"taxonomy":"category","embeddable":true,"href":"https:\/\/www.evafm.net\/sitio\/wp-json\/wp\/v2\/categories?post=100473"},{"taxonomy":"post_tag","embeddable":true,"href":"https:\/\/www.evafm.net\/sitio\/wp-json\/wp\/v2\/tags?post=100473"}],"curies":[{"name":"wp","href":"https:\/\/api.w.org\/{rel}","templated":true}]}}