{"id":101069,"date":"2026-04-19T12:12:34","date_gmt":"2026-04-19T17:12:34","guid":{"rendered":"https:\/\/www.evafm.net\/sitio\/?p=101069"},"modified":"2026-04-19T12:12:34","modified_gmt":"2026-04-19T17:12:34","slug":"el-presidente-daniel-noboa-se-reunio-con-terry-cole-administrador-de-la-dea","status":"publish","type":"post","link":"https:\/\/www.evafm.net\/sitio\/el-presidente-daniel-noboa-se-reunio-con-terry-cole-administrador-de-la-dea\/","title":{"rendered":"El presidente Daniel Noboa se reuni\u00f3 con Terry Cole, administrador de la DEA"},"content":{"rendered":"<p>El presidente\u00a0<a href=\"https:\/\/www.ecuavisa.com\/metadatos\/-\/meta\/daniel-noboa\" target=\"_blank\" rel=\"noopener\">Daniel Noboa<\/a>, el ministro del Interior\u00a0<a href=\"https:\/\/www.ecuavisa.com\/tema\/john-reimberg-t94644\" target=\"_blank\" rel=\"noopener\">John Reimberg<\/a>, as\u00ed como representantes de las Fuerzas Armadas y de la Polic\u00eda Nacional se reunieron con\u00a0<strong>Terry Cole<\/strong>, titular de la<strong>\u00a0Administraci\u00f3n para el Control de Drogas (DEA)<\/strong>, de Estados Unidos.<\/p>\n<p>En la cita, que se desarroll\u00f3 en Guayaquil el s\u00e1bado 18 de abril. Tambi\u00e9n particip\u00f3 el encargado de negocios de la\u00a0<strong>Embajada de Estados Unidos en Ecuador<\/strong>, Lawrence Petroni.<\/p>\n<p>Seg\u00fan indic\u00f3 la Embajada, en este encuentro se abordaron mecanismos para fortalecer el trabajo conjunto frente al narcotr\u00e1fico y otras redes delictivas de alcance transnacional.<\/p>\n<p>Desde la delegaci\u00f3n estadounidense se destac\u00f3 que la presencia de Cole en el pa\u00eds refleja el<strong>\u00a0inter\u00e9s de Washington en apuntalar las capacidades operativas\u00a0<\/strong>de las instituciones ecuatorianas encargadas de la seguridad y la justicia.<\/p>\n<p>&nbsp;<\/p>\n<p>El Charg\u00e9 d\u2019Affaires a.i. de la Embajada y Consulado de los EE.UU. en el Ecuador, Lawrence Petroni, recibi\u00f3 en Guayaquil a Terry Cole, Administrador de la\u00a0<a href=\"https:\/\/twitter.com\/DEAHQ?ref_src=twsrc%5Etfw\">@DEAHQ<\/a>.<\/p>\n<p>En reuniones claves con el Presidente Daniel Noboa, el Ministro del Interior, John Reimberg, y l\u00edderes de las c\u00fapulas\u2026\u00a0<a href=\"https:\/\/t.co\/dpsBJFGM95\">pic.twitter.com\/dpsBJFGM95<\/a><\/p>\n<p>En la misma l\u00ednea, la Presidencia de Ecuador se\u00f1al\u00f3 que la cooperaci\u00f3n internacional forma parte de su estrategia para\u00a0<strong>enfrentar la criminalidad<\/strong>.<\/p>\n<p>El Gobierno remarc\u00f3 que busca traducir estos esfuerzos en resultados concretos que contribuyan a mejorar las condiciones de seguridad en el pa\u00eds.<strong>(I)<\/strong><\/p>\n<p><strong>Fuente:<\/strong> evafm.net &#8211; ecuavisa.com<\/p>\n<p>&nbsp;<\/p>\n<p>&nbsp;<\/p>\n<div class=\"gsp_post_data\" \r\n\t            data-post_type=\"post\" \r\n\t            data-cat=\"general,noticias-ecuador\" \r\n\t            data-modified=\"120\"\r\n\t            data-created=\"1776600754\"\r\n\t            data-title=\"El presidente Daniel Noboa se reuni\u00f3 con Terry Cole, administrador de la DEA\" \r\n\t            data-home=\"https:\/\/www.evafm.net\/sitio\"><\/div>","protected":false},"excerpt":{"rendered":"<p>El presidente\u00a0Daniel Noboa, el ministro del Interior\u00a0John Reimberg, as\u00ed como representantes de las Fuerzas Armadas y de la Polic\u00eda Nacional se reunieron con\u00a0Terry Cole, titular de la\u00a0Administraci\u00f3n para el Control de Drogas (DEA), de Estados Unidos. En la cita, que se desarroll\u00f3 en Guayaquil el s\u00e1bado 18 de abril. Tambi\u00e9n particip\u00f3 el encargado de negocios&#8230;<\/p>\n","protected":false},"author":5,"featured_media":101070,"comment_status":"closed","ping_status":"open","sticky":false,"template":"","format":"standard","meta":{"_joinchat":[],"footnotes":""},"categories":[1720,1558],"tags":[],"class_list":["post-101069","post","type-post","status-publish","format-standard","has-post-thumbnail","hentry","category-general","category-noticias-ecuador","have-post-thumb"],"_links":{"self":[{"href":"https:\/\/www.evafm.net\/sitio\/wp-json\/wp\/v2\/posts\/101069","targetHints":{"allow":["GET"]}}],"collection":[{"href":"https:\/\/www.evafm.net\/sitio\/wp-json\/wp\/v2\/posts"}],"about":[{"href":"https:\/\/www.evafm.net\/sitio\/wp-json\/wp\/v2\/types\/post"}],"author":[{"embeddable":true,"href":"https:\/\/www.evafm.net\/sitio\/wp-json\/wp\/v2\/users\/5"}],"replies":[{"embeddable":true,"href":"https:\/\/www.evafm.net\/sitio\/wp-json\/wp\/v2\/comments?post=101069"}],"version-history":[{"count":1,"href":"https:\/\/www.evafm.net\/sitio\/wp-json\/wp\/v2\/posts\/101069\/revisions"}],"predecessor-version":[{"id":101071,"href":"https:\/\/www.evafm.net\/sitio\/wp-json\/wp\/v2\/posts\/101069\/revisions\/101071"}],"wp:featuredmedia":[{"embeddable":true,"href":"https:\/\/www.evafm.net\/sitio\/wp-json\/wp\/v2\/media\/101070"}],"wp:attachment":[{"href":"https:\/\/www.evafm.net\/sitio\/wp-json\/wp\/v2\/media?parent=101069"}],"wp:term":[{"taxonomy":"category","embeddable":true,"href":"https:\/\/www.evafm.net\/sitio\/wp-json\/wp\/v2\/categories?post=101069"},{"taxonomy":"post_tag","embeddable":true,"href":"https:\/\/www.evafm.net\/sitio\/wp-json\/wp\/v2\/tags?post=101069"}],"curies":[{"name":"wp","href":"https:\/\/api.w.org\/{rel}","templated":true}]}}