{"id":101126,"date":"2026-04-21T11:02:28","date_gmt":"2026-04-21T16:02:28","guid":{"rendered":"https:\/\/www.evafm.net\/sitio\/?p=101126"},"modified":"2026-04-21T11:02:28","modified_gmt":"2026-04-21T16:02:28","slug":"la-guerra-arancelaria-ecuador-colombia-ya-afecta-a-miles-de-familias-en-el-carchi","status":"publish","type":"post","link":"https:\/\/www.evafm.net\/sitio\/la-guerra-arancelaria-ecuador-colombia-ya-afecta-a-miles-de-familias-en-el-carchi\/","title":{"rendered":"La guerra arancelaria Ecuador &#8211; Colombia ya afecta a miles de familias en el Carchi"},"content":{"rendered":"<p>La<strong>\u00a0provincia del Carchi,<\/strong>\u00a0en el norte del Ecuador y fronteriza con<a href=\"https:\/\/www.ecuavisa.com\/mundo\/ivan-cepeda-denuncia-amenazas-campana-presidencial-20260417-0077.html\" target=\"_blank\" rel=\"noopener\"><strong>\u00a0Colombia,\u00a0<\/strong><\/a>ha vivido durante d\u00e9cadas del intercambio comercial entre ambos pa\u00edses.<\/p>\n<p>En esta zona, miles de\u00a0<strong>familias dependen del transporte de carga,<\/strong>\u00a0de<strong>\u00a0las bodegas, los dep\u00f3sitos, en general<\/strong>\u00a0del comercio y del movimiento diario de personas que cruzan la frontera.<\/p>\n<p>Esa din\u00e1mica cambi\u00f3 desde el 1 de febrero de 2026, cuando<strong>\u00a0entr\u00f3 en vigencia la llamada\u00a0<\/strong><a href=\"https:\/\/www.ecuavisa.com\/tema\/tasa-de-seguridad-t126583\" target=\"_blank\" rel=\"noopener\"><strong>tasa de seguridad<\/strong><\/a><strong>\u00a0impuesta por el Gobierno ecuatoriano\u00a0<\/strong>a las importaciones colombianas.<\/p>\n<p>Desde entonces, el trabajo cay\u00f3 de forma acelerada y la crisis ya no solo se mide en cifras de comercio, sino en hogares afectados,\u00a0<strong>empleos perdidos y familias que buscan c\u00f3mo sobrevivir.<\/strong><\/p>\n<p>&nbsp;<\/p>\n<p>La medida comenz\u00f3 con un\u00a0<strong>recargo del 30 %, luego subi\u00f3 al 50 %<\/strong>\u00a0y, seg\u00fan lo anunciado por el presidente<strong> Daniel Noboa, llegar\u00e1 al 100 % desde el 1 de mayo.<\/strong><\/p>\n<p>En la pr\u00e1ctica, esa escalada fren\u00f3 el intercambio comercial entre Ecuador y Colombia y golpe\u00f3 de forma directa a las poblaciones fronterizas, que hist\u00f3ricamente han vivido de esa relaci\u00f3n binacional.<\/p>\n<p>Para quienes trabajan en el transporte pesado y en la cadena log\u00edstica, el cambio ha sido dr\u00e1stico.<\/p>\n<p><strong>Pablo Cer\u00f3n, transportista del Carchi,<\/strong> explic\u00f3 que<strong>\u00a0con el arancel del 30 % las operaciones de comercio internacional ya disminuyeron en un 60 %<\/strong>.<\/p>\n<p>Despu\u00e9s, con el alza al 50 %,<strong>\u00a0la ca\u00edda lleg\u00f3 al 95 % en las operaciones de comercio exterior en la frontera.\u00a0<\/strong><\/p>\n<p>Cer\u00f3n advirti\u00f3 que, si la tarifa sube al <strong>100 %,<\/strong> el escenario ser\u00e1 todav\u00eda m\u00e1s cr\u00edtico y la frontera podr\u00eda<strong>\u00a0convertirse en \u201cun desierto total\u201d<\/strong>\u00a0en t\u00e9rminos de intercambio comercial.<\/p>\n<p>&nbsp;<\/p>\n<p>Esa reducci\u00f3n de operaciones tiene consecuencias directas en la vida de las personas.<\/p>\n<p>En Tulc\u00e1n, muchos conductores que antes trabajaban a diario en<strong>\u00a0pasos de frontera entre Ipiales y Tulc\u00e1n\u00a0<\/strong>hoy est\u00e1n pr\u00e1cticamente en la desocupaci\u00f3n.<\/p>\n<p>Seg\u00fan Cer\u00f3n,<strong>\u00a0quienes tienen un cami\u00f3n propio a\u00fan pueden intentar buscar trabajo\u00a0<\/strong>en otras ciudades o incluso en la frontera sur con Per\u00fa, pero quienes depend\u00edan solo de la ruta local o eran choferes<\/p>\n<p>contratados ahora enfrentan una realidad mucho m\u00e1s dura.<\/p>\n<p>Empresas de transporte de la ciudad ya comenzaron a<strong>\u00a0despedir personal y otras han reducido su operaci\u00f3n por falta de carga.\u00a0<\/strong><\/p>\n<p>Adem\u00e1s, los dep\u00f3sitos habilitados y las bodegas, que dependen del flujo diario de mercanc\u00edas, tambi\u00e9n quedaron sin actividad, porque son estructuras fijas que\u00a0<strong>no pueden trasladarse a buscar nuevos mercados.<\/strong><\/p>\n<p><strong>Toda la cadena log\u00edstica se ve afectada.<\/strong><\/p>\n<p>Uno de los sectores m\u00e1s golpeados es el de los estibadores<strong>, trabajadores que se encargan de cargar y descargar mercader\u00eda.\u00a0<\/strong><\/p>\n<p>Cer\u00f3n relat\u00f3 que, en condiciones normales, un estibador pod\u00eda terminar su jornada con ingresos de entre\u00a0<strong>USD 25 y USD 30 diarios,<\/strong>\u00a0una cantidad que permit\u00eda sostener a su familia.<\/p>\n<p>Ahora, con la dr\u00e1stica ca\u00edda del comercio, ese ingreso desapareci\u00f3.<\/p>\n<p>Para el dirigente del sector, ese vac\u00edo<strong>\u00a0no solo representa pobreza, sino un riesgo social mayor.<\/strong><\/p>\n<p><strong>\u00a0<\/strong>Asegur\u00f3 que la falta de trabajo ha fortalecido el contrabando, porque muchas de estas personas, obligadas a buscar una fuente de ingresos, terminan<strong>\u00a0<\/strong><\/p>\n<p><strong>trabajando en las trochas, pasos irregulares donde el control estatal es casi nulo<\/strong>.<\/p>\n<p>Cer\u00f3n incluso alert\u00f3 que, en medio de la desesperaci\u00f3n econ\u00f3mica, algunas personas podr\u00edan convertirse en presas f\u00e1ciles del narcotr\u00e1fico, al ser captadas para actividades ilegales con tal de<strong>\u00a0llevar comida a sus hogares.<\/strong><\/p>\n<p><strong>Algunos han optado por migrar.<\/strong><\/p>\n<p>La crisis tambi\u00e9n ha provocado cambios profundos en la vida familiar. Ante la falta de trabajo en el paso fronterizo,\u00a0<strong>varios transportistas del Carchi migraron temporalmente a Quito, Santo Domingo, Guayaquil o a la frontera con Per\u00fa\u00a0<\/strong>para buscar rutas donde todav\u00eda exista movimiento.<\/p>\n<p>Ese desplazamiento ha obligado a muchos a permanecer semanas e incluso meses lejos de sus casas.<strong>\u00a0<\/strong><\/p>\n<p><strong>Cer\u00f3n sostiene que este fen\u00f3meno est\u00e1 rompiendo hogares,\u00a0<\/strong>porque la ausencia prolongada de la figura paterna altera la din\u00e1mica familiar, debilita la autoridad en casa y deja a ni\u00f1os y j\u00f3venes creciendo casi \u00fanicamente con la\u00a0<strong>presencia de sus madres.<\/strong><\/p>\n<p>En algunos casos, las familias completas han tenido que moverse junto al conductor para no separarse, lo que implica\u00a0<strong>comenzar de nuevo en otra ciudad y asumir nuevos costos de vida.<\/strong><\/p>\n<p><strong>A esa crisis se suma otro factor:<\/strong>\u00a0<strong>la inseguridad.<\/strong><\/p>\n<p>Muchos transportistas que\u00a0<strong>intentaron reemplazar las rutas internacionales con recorridos internos\u00a0<\/strong>se encontraron con un panorama igual o m\u00e1s complicado.<\/p>\n<p>Cer\u00f3n indic\u00f3 que varios de sus\u00a0<strong>compa\u00f1eros han sido v\u00edctimas de robos y asaltos\u00a0<\/strong>en tramos clandestinos.<\/p>\n<p>Incluso dijo que algunos<strong>\u00a0transportistas han perdido la vida mientras trabajaban,<\/strong>\u00a0lo que ha obligado al gremio a extremar precauciones y a limitar los viajes solo a horarios diurnos.<\/p>\n<p>Seg\u00fan su testimonio, el temor a la delincuencia<strong>\u00a0ha disminuido en cerca del 30 % las actividades normales del transporte nacional,\u00a0<\/strong>porque muchos conductores ya no est\u00e1n dispuestos a circular de madrugada o en la noche por v\u00edas peligrosas. As\u00ed, la guerra arancelaria\u00a0<strong>cerr\u00f3 una puerta en la frontera y la inseguridad interna ha dificultado abrir otra<\/strong>\u00a0dentro del pa\u00eds.<\/p>\n<p>El impacto econ\u00f3mico en el sector transportista tambi\u00e9n es severo.<\/p>\n<p>Cer\u00f3n explic\u00f3 que un<strong>\u00a0chofer asalariado en la provincia pod\u00eda ganar alrededor de USD 700 mensuales,\u00a0<\/strong>pero ahora ya casi nadie paga un salario fijo y los pocos viajes disponibles se cancelan por recorrido, con montos<\/p>\n<p><strong>m\u00ednimos de USD 60.<\/strong><\/p>\n<p>El problema es que esos viajes ya no son constantes.<\/p>\n<p>En el caso de los propietarios de camiones, el ingreso promedio mensual antes de la crisis oscilaba entre <strong>USD 1 500 y 2 000,<\/strong> pese a que muchos de\u00a0<strong>esos veh\u00edculos superan inversiones de USD 100 mil.\u00a0<\/strong><\/p>\n<p>Hoy, con la paralizaci\u00f3n de la actividad, esos ingresos cayeron a casi cero.<\/p>\n<p>Esto ha\u00a0<strong>provocado morosidad en bancos y cooperativas<\/strong>, deterioro de la calificaci\u00f3n crediticia y la imposibilidad de acceder a nuevos pr\u00e9stamos.<\/p>\n<p>Algunos propietarios, presionados por las deudas,\u00a0<strong>han optado por vender sus unidades a precios muy por debajo de su valor real.\u00a0<\/strong><\/p>\n<p>Cer\u00f3n describi\u00f3 ese escenario como vender\u00a0<strong>\u201ca precio de gallina correteada\u201d<\/strong>, porque un cami\u00f3n que antes era un activo productivo ahora se convierte en una carga inm\u00f3vil dentro de un garaje.<\/p>\n<p><strong>Del otro lado de la frontera la realidad no es muy diferente.<\/strong><\/p>\n<p>Del lado colombiano, en Ipiales, la situaci\u00f3n no es distinta.<strong>\u00a0<\/strong><\/p>\n<p><strong>Ren\u00e9 Verdugo,\u00a0<\/strong>director nacional de ABC Ingenier\u00eda Log\u00edstica, explic\u00f3 a Ecuavisa.com que el impacto de l<strong>a medida ecuatoriana ha sido inmediato<\/strong>\u00a0y ha afectado primero en<strong>\u00a0lo moral y luego en lo econ\u00f3mico a miles de personas\u00a0<\/strong>que viven del comercio exterior.<\/p>\n<p>Afirm\u00f3 que la decisi\u00f3n cay\u00f3 como<strong>\u00a0\u201cun baldazo de agua fr\u00eda\u201d\u00a0<\/strong>sobre una frontera que no se caracteriza por ser productora de bienes, sino por ser prestadora de servicios para\u00a0<strong>facilitar el comercio entre Ecuador y Colombia.<\/strong><\/p>\n<p>Seg\u00fan Verdugo, solo en Ipiales hay m\u00e1s de\u00a0<strong>2 800 familias que dependen directamente de esta actividad,<\/strong>\u00a0mientras que cifras citadas por el sector hablan de miles de empleos perdidos en esa ciudad, a esto se suma la<strong>\u00a0afectaci\u00f3n colateral sobre otros negocios y servicios.<\/strong><\/p>\n<p>Verdugo asegur\u00f3 que\u00a0<strong>el comercio en la frontera se redujo entre un 75 % y un 90 %<\/strong>, incluso antes de la entrada en vigencia del <strong>arancel del 100 %. <\/strong><\/p>\n<p>Explic\u00f3 que la afectaci\u00f3n alcanza a los auxiliares de\u00a0<strong>carga y descarga, dep\u00f3sitos, agencias de aduana, empresas de transporte y operadores log\u00edsticos.<\/strong><\/p>\n<p>En el caso de su empresa, dedicada a las\u00a0<strong>exportaciones colombianas hacia Ecuador, se\u00f1al\u00f3 que no generan ingresos desde el 30 de enero,\u00a0<\/strong>porque sus clientes dejaron de producir para el mercado ecuatoriano al considerar que, con un<strong>\u00a0incremento de costos de 30 %, 50 % y luego 100 %,<\/strong>\u00a0ya no pod\u00edan competir.<\/p>\n<p>&nbsp;<\/p>\n<p>Verdugo sostiene que la frontera no cuenta con una pol\u00edtica p\u00fablica de reconversi\u00f3n laboral, por lo que\u00a0<strong>quienes pierden su empleo no tienen una alternativa clara para reubicarse\u00a0<\/strong>en otra actividad econ\u00f3mica.<\/p>\n<p>En Ipiales, al igual que en Tulc\u00e1n, la crisis comienza a sentirse en los hogares. Verdugo compar\u00f3 el momento actual con lo vivido en pandemia.<\/p>\n<p>Dijo que, por ahora,<strong>\u00a0muchas familias est\u00e1n sobreviviendo con sus ahorros\u00a0<\/strong>y con la esperanza de que la situaci\u00f3n se resuelva, pero advirti\u00f3 que ese margen se agota.<\/p>\n<p>Se\u00f1al\u00f3 que ya se habla de posibles proyectos migratorios hacia otros lugares, incluso fuera de Colombia, aunque todav\u00eda no existe un \u00e9xodo masivo porque<strong>\u00a0las personas se resisten a abandonar su tierra y esperan una soluci\u00f3n pol\u00edtica.\u00a0<\/strong>Sin embargo, los camioneros ya se desplazaron hacia otras zonas del pa\u00eds, como el Valle del Cauca, para buscar trabajo.<\/p>\n<p>Eso los obliga a pasar\u00a0<strong>m\u00e1s tiempo fuera de casa y genera un efecto similar al descrito en el lado ecuatoriano:\u00a0<\/strong>la cabeza del hogar permanece lejos y la familia queda en una situaci\u00f3n m\u00e1s vulnerable .<\/p>\n<p>La crisis tambi\u00e9n ha golpeado a los peque\u00f1os comerciantes y al turismo de frontera.<\/p>\n<p>Tanto Cer\u00f3n como Verdugo coinciden en que el transporte mueve la econom\u00eda de estas ciudades.<\/p>\n<p><strong>Cuando dejan de pasar camiones, baja tambi\u00e9n el flujo de personas<\/strong>\u00a0que compran alimentos, repuestos, ropa, servicios o art\u00edculos del d\u00eda a d\u00eda.<\/p>\n<p>Verdugo explic\u00f3 que\u00a0<strong>el perjuicio no se queda en las empresas grandes,\u00a0<\/strong>porque si un operador log\u00edstico deja de recibir ingresos, tambi\u00e9n deja de comprar en la tienda del barrio, y esa tienda compra menos a su proveedor, lo que extiende el da\u00f1o a toda la cadena econ\u00f3mica.<\/p>\n<p>En una frontera donde buena parte de la poblaci\u00f3n vive de la circulaci\u00f3n diaria de bienes y personas, la reducci\u00f3n del tr\u00e1nsito se traduce e<strong>n menos ventas, menos empleo y m\u00e1s incertidumbre para negocios peque\u00f1os<\/strong>\u00a0que dependen del movimiento fronterizo.<\/p>\n<p>Ambos entrevistados coinciden en un punto central<strong>: la crisis no debe verse solo como un conflicto entre dos presidentes<\/strong>\u00a0o como una disputa comercial entre dos pa\u00edses.<\/p>\n<p>Para quienes viven en la frontera,\u00a0<strong>el problema es humano y cotidiano.<\/strong><\/p>\n<p>Se refleja en conductores que ya no tienen trabajo, en estibadores que pasaron del ingreso diario a la incertidumbre, en familias separadas por la migraci\u00f3n laboral, en empresas que despiden personal, en camiones que\u00a0<strong>permanecen detenidos\u00a0<\/strong>y en comunidades enteras que ven apagarse la actividad econ\u00f3mica que durante a\u00f1os sostuvo su vida diaria.<\/p>\n<p>La<strong>\u00a0frontera norte del Ecuador y el sur de Colombia<\/strong>\u00a0han compartido por a\u00f1os una relaci\u00f3n econ\u00f3mica, social y humana que iba m\u00e1s all\u00e1 de los controles aduaneros. Hoy, esa relaci\u00f3n\u00a0<strong>atraviesa uno de sus momentos m\u00e1s complejos.\u00a0<\/strong>Y quienes pagan el costo inmediato no son los gobiernos, sino<strong>\u00a0las familias que cada d\u00eda dependen de que la frontera se mueva<\/strong> para poder vivir.<strong> (I)<\/strong><\/p>\n<p><strong>Fuente;<\/strong> evafm.net &#8211; ecuavisa.com<\/p>\n<p>&nbsp;<\/p>\n<p>&nbsp;<\/p>\n<p>&nbsp;<\/p>\n<div class=\"gsp_post_data\" \r\n\t            data-post_type=\"post\" \r\n\t            data-cat=\"general,noticias-ecuador\" \r\n\t            data-modified=\"120\"\r\n\t            data-created=\"1776769348\"\r\n\t            data-title=\"La guerra arancelaria Ecuador &#8211; Colombia ya afecta a miles de familias en el Carchi\" \r\n\t            data-home=\"https:\/\/www.evafm.net\/sitio\"><\/div>","protected":false},"excerpt":{"rendered":"<p>La\u00a0provincia del Carchi,\u00a0en el norte del Ecuador y fronteriza con\u00a0Colombia,\u00a0ha vivido durante d\u00e9cadas del intercambio comercial entre ambos pa\u00edses. En esta zona, miles de\u00a0familias dependen del transporte de carga,\u00a0de\u00a0las bodegas, los dep\u00f3sitos, en general\u00a0del comercio y del movimiento diario de personas que cruzan la frontera. Esa din\u00e1mica cambi\u00f3 desde el 1 de febrero de 2026,&#8230;<\/p>\n","protected":false},"author":5,"featured_media":101127,"comment_status":"closed","ping_status":"open","sticky":false,"template":"","format":"standard","meta":{"_joinchat":[],"footnotes":""},"categories":[1720,1558],"tags":[],"class_list":["post-101126","post","type-post","status-publish","format-standard","has-post-thumbnail","hentry","category-general","category-noticias-ecuador","have-post-thumb"],"_links":{"self":[{"href":"https:\/\/www.evafm.net\/sitio\/wp-json\/wp\/v2\/posts\/101126","targetHints":{"allow":["GET"]}}],"collection":[{"href":"https:\/\/www.evafm.net\/sitio\/wp-json\/wp\/v2\/posts"}],"about":[{"href":"https:\/\/www.evafm.net\/sitio\/wp-json\/wp\/v2\/types\/post"}],"author":[{"embeddable":true,"href":"https:\/\/www.evafm.net\/sitio\/wp-json\/wp\/v2\/users\/5"}],"replies":[{"embeddable":true,"href":"https:\/\/www.evafm.net\/sitio\/wp-json\/wp\/v2\/comments?post=101126"}],"version-history":[{"count":1,"href":"https:\/\/www.evafm.net\/sitio\/wp-json\/wp\/v2\/posts\/101126\/revisions"}],"predecessor-version":[{"id":101128,"href":"https:\/\/www.evafm.net\/sitio\/wp-json\/wp\/v2\/posts\/101126\/revisions\/101128"}],"wp:featuredmedia":[{"embeddable":true,"href":"https:\/\/www.evafm.net\/sitio\/wp-json\/wp\/v2\/media\/101127"}],"wp:attachment":[{"href":"https:\/\/www.evafm.net\/sitio\/wp-json\/wp\/v2\/media?parent=101126"}],"wp:term":[{"taxonomy":"category","embeddable":true,"href":"https:\/\/www.evafm.net\/sitio\/wp-json\/wp\/v2\/categories?post=101126"},{"taxonomy":"post_tag","embeddable":true,"href":"https:\/\/www.evafm.net\/sitio\/wp-json\/wp\/v2\/tags?post=101126"}],"curies":[{"name":"wp","href":"https:\/\/api.w.org\/{rel}","templated":true}]}}