{"id":101156,"date":"2026-04-22T13:17:57","date_gmt":"2026-04-22T18:17:57","guid":{"rendered":"https:\/\/www.evafm.net\/sitio\/?p=101156"},"modified":"2026-04-22T13:17:57","modified_gmt":"2026-04-22T18:17:57","slug":"emelec-anuncio-la-salida-de-miler-bolanos","status":"publish","type":"post","link":"https:\/\/www.evafm.net\/sitio\/emelec-anuncio-la-salida-de-miler-bolanos\/","title":{"rendered":"Emelec anunci\u00f3 la salida de Miler Bola\u00f1os"},"content":{"rendered":"<p><strong>El Club Sport Emelec<\/strong> anunci\u00f3 este 21 de abril la terminaci\u00f3n de la relaci\u00f3n contractual con<strong> Miller Bola\u00f1os,<\/strong> quien atravesaba su tercera etapa en el equipo guayaquile\u00f1o.<\/p>\n<p>A trav\u00e9s de un comunicado oficial, la instituci\u00f3n confirm\u00f3 la salida del delantero ecuatoriano por motivos extrafutbol\u00edsticos, poniendo fin a un v\u00ednculo que, en esta \u00faltima etapa<\/p>\n<p>tuvo escaso impacto deportivo.<br \/>\n<strong>Las razones de la salida de Miller Bola\u00f1os<\/strong><br \/>\n.En su pronunciamiento, Emelec se\u00f1al\u00f3 que la decisi\u00f3n fue tomada<strong> \u201cen estricta observancia de los valores y reglamentos deportivos e institucionales del club\u201d.<\/strong><\/p>\n<p>Adem\u00e1s, el equipo aclar\u00f3 que la desvinculaci\u00f3n se dio por mutuo acuerdo, por lo que no existir\u00e1 ninguna obligaci\u00f3n econ\u00f3mica adicional ni posibles reclamos futuros entre las partes.<\/p>\n<p>El club tambi\u00e9n ratific\u00f3 su postura institucional:<\/p>\n<p>\u201cEmelec reafirma su compromiso con los valores, la disciplina y el respeto que han marcado su trayectoria\u201d.<\/p>\n<p>Aunque no se detallaron los hechos espec\u00edficos, el atacante ya ven\u00eda acumulando problemas disciplinarios.<\/p>\n<p>En la presente temporada, se perdi\u00f3 dos partidos tras recibir una tarjeta roja directa y no fue convocado en el \u00faltimo encuentro ante <strong>Guayaquil City por motivos internos.<\/strong><\/p>\n<p><strong>Un rendimiento discreto en su \u00faltima etapa.\u00c7<\/strong><\/p>\n<p>En lo deportivo, su paso m\u00e1s reciente por Emelec estuvo lejos de su mejor versi\u00f3n.<\/p>\n<p>De los nueve partidos disputados por el club en la Liga Pro 2026, Bola\u00f1os solo particip\u00f3 en seis.<\/p>\n<p>Su aporte fue limitado, tanto en minutos como en producci\u00f3n ofensiva, lo que contrast\u00f3 con el protagonismo que supo tener en etapas anteriores.<\/p>\n<p><strong>Un referente hist\u00f3rico, pese a las pol\u00e9micas.<\/strong><\/p>\n<p>M\u00e1s all\u00e1 de su salida, Miller Bola\u00f1os es considerado uno de los delanteros m\u00e1s importantes en la historia reciente de Emelec.<\/p>\n<p>Su mejor etapa fue entre 2013 y 2015, cuando fue pieza clave en el tricampeonato del f\u00fatbol ecuatoriano y destac\u00f3 a nivel internacional en Copa Libertadores y Sudamericana, lo que le permiti\u00f3 dar el salto al f\u00fatbol brasile\u00f1o con Gremio.<\/p>\n<p>Regres\u00f3 en 2023, en un contexto complicado para el club.<\/p>\n<p>Ese a\u00f1o disput\u00f3 21 partidos y marc\u00f3 11 goles, aunque nuevamente su paso se vio afectado por conflictos internos.<\/p>\n<p>En total, Bola\u00f1os jug\u00f3 132 partidos con la camiseta de Emelec y anot\u00f3 73 goles, lo que lo ubica entre los m\u00e1ximos goleadores hist\u00f3ricos del club.<\/p>\n<p>Adem\u00e1s, registr\u00f3 28 asistencias, alcanzando una participaci\u00f3n directa en 101 goles. <strong>(D)<\/strong><\/p>\n<p><img decoding=\"async\" src=\"https:\/\/pbs.twimg.com\/media\/HGcZmbiW0AEERuT?format=jpg&amp;name=small\" alt=\"Imagen\" \/><\/p>\n<p><strong>Fuente:<\/strong> evafm.net &#8211; elcomercio.com<\/p>\n<div class=\"gsp_post_data\" \r\n\t            data-post_type=\"post\" \r\n\t            data-cat=\"deportes-ecuador\" \r\n\t            data-modified=\"120\"\r\n\t            data-created=\"1776863877\"\r\n\t            data-title=\"Emelec anunci\u00f3 la salida de Miler Bola\u00f1os\" \r\n\t            data-home=\"https:\/\/www.evafm.net\/sitio\"><\/div>","protected":false},"excerpt":{"rendered":"<p>El Club Sport Emelec anunci\u00f3 este 21 de abril la terminaci\u00f3n de la relaci\u00f3n contractual con Miller Bola\u00f1os, quien atravesaba su tercera etapa en el equipo guayaquile\u00f1o. A trav\u00e9s de un comunicado oficial, la instituci\u00f3n confirm\u00f3 la salida del delantero ecuatoriano por motivos extrafutbol\u00edsticos, poniendo fin a un v\u00ednculo que, en esta \u00faltima etapa tuvo&#8230;<\/p>\n","protected":false},"author":5,"featured_media":101157,"comment_status":"closed","ping_status":"open","sticky":false,"template":"","format":"standard","meta":{"_joinchat":[],"footnotes":""},"categories":[1557],"tags":[],"class_list":["post-101156","post","type-post","status-publish","format-standard","has-post-thumbnail","hentry","category-deportes-ecuador","have-post-thumb"],"_links":{"self":[{"href":"https:\/\/www.evafm.net\/sitio\/wp-json\/wp\/v2\/posts\/101156","targetHints":{"allow":["GET"]}}],"collection":[{"href":"https:\/\/www.evafm.net\/sitio\/wp-json\/wp\/v2\/posts"}],"about":[{"href":"https:\/\/www.evafm.net\/sitio\/wp-json\/wp\/v2\/types\/post"}],"author":[{"embeddable":true,"href":"https:\/\/www.evafm.net\/sitio\/wp-json\/wp\/v2\/users\/5"}],"replies":[{"embeddable":true,"href":"https:\/\/www.evafm.net\/sitio\/wp-json\/wp\/v2\/comments?post=101156"}],"version-history":[{"count":1,"href":"https:\/\/www.evafm.net\/sitio\/wp-json\/wp\/v2\/posts\/101156\/revisions"}],"predecessor-version":[{"id":101158,"href":"https:\/\/www.evafm.net\/sitio\/wp-json\/wp\/v2\/posts\/101156\/revisions\/101158"}],"wp:featuredmedia":[{"embeddable":true,"href":"https:\/\/www.evafm.net\/sitio\/wp-json\/wp\/v2\/media\/101157"}],"wp:attachment":[{"href":"https:\/\/www.evafm.net\/sitio\/wp-json\/wp\/v2\/media?parent=101156"}],"wp:term":[{"taxonomy":"category","embeddable":true,"href":"https:\/\/www.evafm.net\/sitio\/wp-json\/wp\/v2\/categories?post=101156"},{"taxonomy":"post_tag","embeddable":true,"href":"https:\/\/www.evafm.net\/sitio\/wp-json\/wp\/v2\/tags?post=101156"}],"curies":[{"name":"wp","href":"https:\/\/api.w.org\/{rel}","templated":true}]}}