{"id":101159,"date":"2026-04-22T13:28:17","date_gmt":"2026-04-22T18:28:17","guid":{"rendered":"https:\/\/www.evafm.net\/sitio\/?p=101159"},"modified":"2026-04-22T13:28:17","modified_gmt":"2026-04-22T18:28:17","slug":"luis-cano-se-perdera-ocho-partidos-con-barcelona-sc-por-lesion","status":"publish","type":"post","link":"https:\/\/www.evafm.net\/sitio\/luis-cano-se-perdera-ocho-partidos-con-barcelona-sc-por-lesion\/","title":{"rendered":"Luis Cano se perder\u00e1 ocho partidos con Barcelona SC por lesi\u00f3n"},"content":{"rendered":"<p>Baja sensible para<a href=\"https:\/\/www.ecuavisa.com\/deportes\/barcelona\" target=\"_blank\" rel=\"noopener\">\u00a0Barcelona Sporting Club<\/a>.<strong>\u00a0Luis Cano se perder\u00e1 ocho partidos\u00a0<\/strong>debido a un esguince sufrido en el partido ante<a href=\"https:\/\/www.ecuavisa.com\/deportes\/macara\" target=\"_blank\" rel=\"noopener\">\u00a0Macar\u00e1\u00a0<\/a>por la novena fecha de la LigaPro.<\/p>\n<p><strong>\u201cLuis Cano ser\u00e1 baja aproximadamente un mes por un esguince ante Macar\u00e1\u201d<\/strong>, escribi\u00f3 el colega Eduardo Erazo en su cuenta de X.<\/p>\n<p><strong>Cano representa una baja sensible para los dirigidos por C\u00e9sar Far\u00edas<\/strong>, tanto por sus condiciones como por las virtudes que aporta al planteamiento ofensivo del cuadro amarillo.<\/p>\n<p>Ante esta situaci\u00f3n, el estratega torero ya trabaja en su reemplazo, y todo apunta a que ser\u00e1\u00a0<strong>H\u00e9ctor Villalba.<\/strong><\/p>\n<p>&nbsp;<\/p>\n<p>El jugador se perder\u00e1 un total de ocho partidos.<\/p>\n<p><strong>No estar\u00e1 presente en los duelos ante Mushuc Runa, Orense, Manta, Independiente del Valle y Aucas<\/strong>, adem\u00e1s de los esperados enfrentamientos frente a<\/p>\n<p><strong>Boca Juniors y Universidad Cat\u00f3lica de Chile\u00a0<\/strong>por la <strong>Copa Libertadores.<\/strong><\/p>\n<p><strong>Barcelona SC buscar\u00e1 revertir la derrota ante Macar\u00e1.<\/strong><\/p>\n<p><strong>\u00a0<\/strong>El conjunto ambate\u00f1o remont\u00f3 y termin\u00f3 imponi\u00e9ndose 3-1.<\/p>\n<p>Tras esta derrota, los toreros cayeron al cuarto lugar de la tabla de posiciones con 15 unidades.<\/p>\n<p>El pr\u00f3ximo partido del<strong>\u00a0\u00cddolo del Astillero ser\u00e1 este mi\u00e9rcoles 22 de abril ante Mushuc Runa<\/strong>\u00a0a las <strong>18:00 (hora de Ecuador) y ser\u00e1 transmitido en vivo por Zapping. (D)<\/strong><\/p>\n<p><img fetchpriority=\"high\" decoding=\"async\" class=\"\" src=\"https:\/\/pbs.twimg.com\/media\/HGZTwEHbMAAls_F?format=jpg&amp;name=360x360\" alt=\"Imagen\" width=\"656\" height=\"821\" \/><\/p>\n<p>&nbsp;<\/p>\n<p><img decoding=\"async\" class=\"\" src=\"https:\/\/pbs.twimg.com\/media\/HGZTwEZakAApBOe?format=jpg&amp;name=large\" alt=\"Imagen\" width=\"659\" height=\"823\" \/><\/p>\n<p>&nbsp;<\/p>\n<p><strong>Fuente:<\/strong> evafm.net &#8211; ecuavisa.com<\/p>\n<div class=\"gsp_post_data\" \r\n\t            data-post_type=\"post\" \r\n\t            data-cat=\"deportes-ecuador\" \r\n\t            data-modified=\"120\"\r\n\t            data-created=\"1776864497\"\r\n\t            data-title=\"Luis Cano se perder\u00e1 ocho partidos con Barcelona SC por lesi\u00f3n\" \r\n\t            data-home=\"https:\/\/www.evafm.net\/sitio\"><\/div>","protected":false},"excerpt":{"rendered":"<p>Baja sensible para\u00a0Barcelona Sporting Club.\u00a0Luis Cano se perder\u00e1 ocho partidos\u00a0debido a un esguince sufrido en el partido ante\u00a0Macar\u00e1\u00a0por la novena fecha de la LigaPro. \u201cLuis Cano ser\u00e1 baja aproximadamente un mes por un esguince ante Macar\u00e1\u201d, escribi\u00f3 el colega Eduardo Erazo en su cuenta de X. Cano representa una baja sensible para los dirigidos por&#8230;<\/p>\n","protected":false},"author":5,"featured_media":101160,"comment_status":"closed","ping_status":"open","sticky":false,"template":"","format":"standard","meta":{"_joinchat":[],"footnotes":""},"categories":[1557],"tags":[],"class_list":["post-101159","post","type-post","status-publish","format-standard","has-post-thumbnail","hentry","category-deportes-ecuador","have-post-thumb"],"_links":{"self":[{"href":"https:\/\/www.evafm.net\/sitio\/wp-json\/wp\/v2\/posts\/101159","targetHints":{"allow":["GET"]}}],"collection":[{"href":"https:\/\/www.evafm.net\/sitio\/wp-json\/wp\/v2\/posts"}],"about":[{"href":"https:\/\/www.evafm.net\/sitio\/wp-json\/wp\/v2\/types\/post"}],"author":[{"embeddable":true,"href":"https:\/\/www.evafm.net\/sitio\/wp-json\/wp\/v2\/users\/5"}],"replies":[{"embeddable":true,"href":"https:\/\/www.evafm.net\/sitio\/wp-json\/wp\/v2\/comments?post=101159"}],"version-history":[{"count":1,"href":"https:\/\/www.evafm.net\/sitio\/wp-json\/wp\/v2\/posts\/101159\/revisions"}],"predecessor-version":[{"id":101161,"href":"https:\/\/www.evafm.net\/sitio\/wp-json\/wp\/v2\/posts\/101159\/revisions\/101161"}],"wp:featuredmedia":[{"embeddable":true,"href":"https:\/\/www.evafm.net\/sitio\/wp-json\/wp\/v2\/media\/101160"}],"wp:attachment":[{"href":"https:\/\/www.evafm.net\/sitio\/wp-json\/wp\/v2\/media?parent=101159"}],"wp:term":[{"taxonomy":"category","embeddable":true,"href":"https:\/\/www.evafm.net\/sitio\/wp-json\/wp\/v2\/categories?post=101159"},{"taxonomy":"post_tag","embeddable":true,"href":"https:\/\/www.evafm.net\/sitio\/wp-json\/wp\/v2\/tags?post=101159"}],"curies":[{"name":"wp","href":"https:\/\/api.w.org\/{rel}","templated":true}]}}