{"id":101205,"date":"2026-04-24T10:25:46","date_gmt":"2026-04-24T15:25:46","guid":{"rendered":"https:\/\/www.evafm.net\/sitio\/?p=101205"},"modified":"2026-04-24T10:25:46","modified_gmt":"2026-04-24T15:25:46","slug":"mazar-alcanza-su-nivel-mas-bajo-del-ano-y-preocupa-la-caida-de-caudales","status":"publish","type":"post","link":"https:\/\/www.evafm.net\/sitio\/mazar-alcanza-su-nivel-mas-bajo-del-ano-y-preocupa-la-caida-de-caudales\/","title":{"rendered":"Mazar alcanza su nivel m\u00e1s bajo del a\u00f1o y preocupa la ca\u00edda de caudales"},"content":{"rendered":"<p>El nivel del agua de Mazar,\u00a0<strong>el embalse m\u00e1s grande del pa\u00eds<\/strong>, que abastece a tres centrales hidroel\u00e9ctricas,<strong>\u00a0<mark>lleg\u00f3 a su punto m\u00e1s bajo<\/mark><\/strong>\u00a0en lo que va del a\u00f1o.<\/p>\n<p>Este jueves, su cota se situ\u00f3 en 2 135 metros, 18 metros por debajo del nivel m\u00e1ximo.<\/p>\n<p>El nivel es menor en comparaci\u00f3n a los registros de los primeros d\u00edas de enero, cuando hubo pocas precipitaciones en el austro.<\/p>\n<p>Pese a lluvias ligeras de los \u00faltimos d\u00edas,\u00a0<strong>el caudal del r\u00edo Paute que alimenta a la central Mazar no ha aumentado<\/strong>.<\/p>\n<p>La ma\u00f1ana de este jueves 23 de abril fue de 77 metros c\u00fabicos por segundo. En la tarde decay\u00f3 a 46 metros c\u00fabicos por segundo.<\/p>\n<p><strong>\u201cAlgo ha podido generar de lluvias para este mes. Mantenemos condiciones an\u00f3malas de precipitaci\u00f3n en varias localidades del pa\u00eds. <\/strong><\/p>\n<p><strong>Entonces, los caudales en muchas de las cuencas hidrogr\u00e1ficas del pa\u00eds est\u00e1n bajos\u201d,<\/strong> dice Cristian Paliz \/ investigador ESPAM.<\/p>\n<p>&nbsp;<\/p>\n<p>Las predicciones se\u00f1alan lluvias ligeras el fin de semana y m\u00e1s intensas los \u00faltimos d\u00edas de abril, lo que mejorar\u00eda en algo los caudales.<\/p>\n<p>Sin embargo, las condiciones adversas pueden mantenerse.<\/p>\n<p>\u201cPues hay una probabilidad de que se presenten deficitarias en el mes de mayo y, bueno, luego ya tenemos el inicio de la \u00e9poca seca\u201d, a\u00f1ade Cristian Paliz \/ investigador ESPAM.<\/p>\n<p>El\u00a0<strong>embalse de Mazar<\/strong>\u00a0tambi\u00e9n se reduce por el encendido de su central hidroel\u00e9ctrica, que no ha parado de generar desde el martes.<\/p>\n<p>Antes, ten\u00eda descansos en las madrugadas, cuando la demanda bajaba y as\u00ed se ahorraba agua.<\/p>\n<p><strong>El uso de Mazar en estos momentos compensa la energ\u00eda que no produce Coca Codo Sinclair<\/strong>, que genera por debajo de su capacidad m\u00e1xima, adem\u00e1s de que se requiere por el aumento de la demanda.<\/p>\n<p>En las tardes hay picos de cerca de 5 000 megavatios y en las noches, como la del mi\u00e9rcoles, superaron los <strong>5 300 megavatios. (I)<\/strong><\/p>\n<p><strong>Fuente:<\/strong> evafm.net v- ecuavisa.com<\/p>\n<p>&nbsp;<\/p>\n<p>&nbsp;<\/p>\n<div class=\"gsp_post_data\" \r\n\t            data-post_type=\"post\" \r\n\t            data-cat=\"general,noticias-ecuador\" \r\n\t            data-modified=\"120\"\r\n\t            data-created=\"1777026346\"\r\n\t            data-title=\"Mazar alcanza su nivel m\u00e1s bajo del a\u00f1o y preocupa la ca\u00edda de caudales\" \r\n\t            data-home=\"https:\/\/www.evafm.net\/sitio\"><\/div>","protected":false},"excerpt":{"rendered":"<p>El nivel del agua de Mazar,\u00a0el embalse m\u00e1s grande del pa\u00eds, que abastece a tres centrales hidroel\u00e9ctricas,\u00a0lleg\u00f3 a su punto m\u00e1s bajo\u00a0en lo que va del a\u00f1o. Este jueves, su cota se situ\u00f3 en 2 135 metros, 18 metros por debajo del nivel m\u00e1ximo. El nivel es menor en comparaci\u00f3n a los registros de los&#8230;<\/p>\n","protected":false},"author":5,"featured_media":101206,"comment_status":"closed","ping_status":"open","sticky":false,"template":"","format":"standard","meta":{"_joinchat":[],"footnotes":""},"categories":[1720,1558],"tags":[],"class_list":["post-101205","post","type-post","status-publish","format-standard","has-post-thumbnail","hentry","category-general","category-noticias-ecuador","have-post-thumb"],"_links":{"self":[{"href":"https:\/\/www.evafm.net\/sitio\/wp-json\/wp\/v2\/posts\/101205","targetHints":{"allow":["GET"]}}],"collection":[{"href":"https:\/\/www.evafm.net\/sitio\/wp-json\/wp\/v2\/posts"}],"about":[{"href":"https:\/\/www.evafm.net\/sitio\/wp-json\/wp\/v2\/types\/post"}],"author":[{"embeddable":true,"href":"https:\/\/www.evafm.net\/sitio\/wp-json\/wp\/v2\/users\/5"}],"replies":[{"embeddable":true,"href":"https:\/\/www.evafm.net\/sitio\/wp-json\/wp\/v2\/comments?post=101205"}],"version-history":[{"count":1,"href":"https:\/\/www.evafm.net\/sitio\/wp-json\/wp\/v2\/posts\/101205\/revisions"}],"predecessor-version":[{"id":101207,"href":"https:\/\/www.evafm.net\/sitio\/wp-json\/wp\/v2\/posts\/101205\/revisions\/101207"}],"wp:featuredmedia":[{"embeddable":true,"href":"https:\/\/www.evafm.net\/sitio\/wp-json\/wp\/v2\/media\/101206"}],"wp:attachment":[{"href":"https:\/\/www.evafm.net\/sitio\/wp-json\/wp\/v2\/media?parent=101205"}],"wp:term":[{"taxonomy":"category","embeddable":true,"href":"https:\/\/www.evafm.net\/sitio\/wp-json\/wp\/v2\/categories?post=101205"},{"taxonomy":"post_tag","embeddable":true,"href":"https:\/\/www.evafm.net\/sitio\/wp-json\/wp\/v2\/tags?post=101205"}],"curies":[{"name":"wp","href":"https:\/\/api.w.org\/{rel}","templated":true}]}}