{"id":101208,"date":"2026-04-24T10:54:28","date_gmt":"2026-04-24T15:54:28","guid":{"rendered":"https:\/\/www.evafm.net\/sitio\/?p=101208"},"modified":"2026-04-24T10:54:28","modified_gmt":"2026-04-24T15:54:28","slug":"iran-exhibe-los-barcos-portacontenedores-secuestrados-y-recrudece-sus-amenazas","status":"publish","type":"post","link":"https:\/\/www.evafm.net\/sitio\/iran-exhibe-los-barcos-portacontenedores-secuestrados-y-recrudece-sus-amenazas\/","title":{"rendered":"Ir\u00e1n exhibe los barcos portacontenedores secuestrados y recrudece sus amenazas"},"content":{"rendered":"<p>El\u00a0<b>r\u00e9gimen de Ir\u00e1n<\/b>\u00a0mostr\u00f3 este viernes, a trav\u00e9s de la televisi\u00f3n estatal,\u00a0<b>barcos portacontenedores secuestrados<\/b>\u00a0y lanz\u00f3 advertencias a quienes intentan navegar por el\u00a0<b>estrecho de Ormuz<\/b>.<\/p>\n<p><a title=\"https:\/\/www.infobae.com\/america\/mundo\/2026\/04\/24\/bajo-presion-el-ministro-de-asuntos-exteriores-de-iran-viajara-a-pakistan-para-avanzar-en-el-dialogo-con-estados-unidos\/\" href=\"https:\/\/www.infobae.com\/america\/mundo\/2026\/04\/24\/bajo-presion-el-ministro-de-asuntos-exteriores-de-iran-viajara-a-pakistan-para-avanzar-en-el-dialogo-con-estados-unidos\/\" target=\"_blank\" rel=\"noopener noreferrer\" data-mrf-link=\"https:\/\/www.infobae.com\/america\/mundo\/2026\/04\/24\/bajo-presion-el-ministro-de-asuntos-exteriores-de-iran-viajara-a-pakistan-para-avanzar-en-el-dialogo-con-estados-unidos\/\">Mientras env\u00eda a su canciller a negociar en\u00a0<b>Pakist\u00e1n<\/b><\/a>, busca proyectar fuerza frente al despliegue militar de\u00a0<b>Estados Unidos<\/b> en Medio Oriente<\/p>\n<p>donde\u00a0<a title=\"https:\/\/www.infobae.com\/estados-unidos\/2026\/04\/24\/presion-a-iran-estados-unidos-concentro-tres-portaaviones-en-medio-oriente-por-primera-vez-desde-2003\/\" href=\"https:\/\/www.infobae.com\/estados-unidos\/2026\/04\/24\/presion-a-iran-estados-unidos-concentro-tres-portaaviones-en-medio-oriente-por-primera-vez-desde-2003\/\" target=\"_blank\" rel=\"noopener noreferrer\" data-mrf-link=\"https:\/\/www.infobae.com\/estados-unidos\/2026\/04\/24\/presion-a-iran-estados-unidos-concentro-tres-portaaviones-en-medio-oriente-por-primera-vez-desde-2003\/\">tres portaaviones estadounidenses y sus grupos de ataque permanecen a la espera de \u00f3rdenes<\/a>\u00a0para asegurar el paso mar\u00edtimo y desmantelar los restos del ej\u00e9rcito persa.<\/p>\n<p>&nbsp;<\/p>\n<p class=\"paragraph\" data-mrf-recirculation=\"Links inline\">La\u00a0<b>televisi\u00f3n estatal iran\u00ed<\/b>\u00a0difundi\u00f3 im\u00e1genes de los buques\u00a0<b>MSC Francesca<\/b>\u00a0y\u00a0<b>Epaminondas<\/b>, anclados cerca del estrecho tras ser incautados por el Cuerpo de la Guardia Revolucionaria Isl\u00e1mica<\/p>\n<p class=\"paragraph\" data-mrf-recirculation=\"Links inline\">(IRGC) bajo la acusaci\u00f3n de intentar ingresar sin autorizaci\u00f3n.<\/p>\n<p data-mrf-recirculation=\"Links inline\">\n<div class=\"news-module\" data-mrf-recirculation=\"IL_m3kiGo-8SVS6m0U7OqrZLw\" data-testid=\"text-html\" data-mrf-experience=\"IL_m3kiGo-8SVS6m0U7OqrZLw\">\n<div class=\"recommended-card__image-container\">La\u00a0<b>IRGC<\/b>\u00a0asegur\u00f3 que el estrecho est\u00e1 bajo \u201c<b>vigilancia continua e inteligente<\/b>\u201d, advirtiendo que ning\u00fan buque puede transitarlo sin su permiso.<\/div>\n<div><\/div>\n<div class=\"recommended-card__image-container\">El reportero de la televisi\u00f3n resalt\u00f3 que varios barcos internacionales esperan en la entrada del\u00a0<b>Golfo P\u00e9rsico<\/b>\u00a0instrucciones de la Armada de la\u00a0<b>IRGC<\/b>\u00a0y describi\u00f3 la situaci\u00f3n como<\/div>\n<div><\/div>\n<div class=\"recommended-card__image-container\">\u201cun control total del corredor mar\u00edtimo por parte de las fuerzas armadas iran\u00edes, hecho in\u00e9dito en la historia contempor\u00e1nea del pa\u00eds\u201d.<\/div>\n<\/div>\n<div><\/div>\n<div><\/div>\n<div>El presidente estadounidense,\u00a0<b>Donald Trump<\/b>,\u00a0<b>rest\u00f3 importancia a las amenazas de Ir\u00e1n<\/b>\u00a0y afirm\u00f3 haber dado la orden a la Armada de \u201c<b>disparar y matar<\/b>\u201d a las embarcaciones iran\u00edes que intentaran colocar minas<\/div>\n<div><\/div>\n<div>en el estrecho.<\/div>\n<div><\/div>\n<div><\/div>\n<div><strong>EEUU concentr\u00f3 tres portaaviones en Medio Oriente.<\/strong><\/div>\n<div><\/div>\n<div>\n<p class=\"paragraph\" data-mrf-recirculation=\"Links inline\"><b>Estados Unidos ha fortalecido su presencia militar en Medio Oriente desplegando tres portaaviones y elaborando nuevos planes de ataque<\/b>, con el prop\u00f3sito de presionar a Ir\u00e1n para que acepte restricciones a su programa de armas y permita la reapertura del estrecho de Ormuz al tr\u00e1fico comercial.<\/p>\n<p class=\"paragraph\" data-mrf-recirculation=\"Links inline\">Washington busca forzar a Ir\u00e1n a negociar imponiendo un\u00a0<b>bloqueo naval<\/b>.<\/p>\n<p class=\"paragraph\" data-mrf-recirculation=\"Links inline\">Seg\u00fan el informe del Comando Central, este dispositivo involucra\u00a0<b>tres portaaviones, m\u00e1s de 200 aeronaves y 15.000 efectivos<\/b>, y la operaci\u00f3n de\u00a0<b>12 buques en la regi\u00f3n y siete nav\u00edos<\/b>\u00a0en el oc\u00e9ano \u00cdndico.<\/p>\n<\/div>\n<p class=\"paragraph\" data-mrf-recirculation=\"Links inline\">El objetivo central es limitar la capacidad b\u00e9lica iran\u00ed, restringir el programa nuclear y asegurar la libre navegaci\u00f3n de energ\u00eda y mercanc\u00edas en el estrecho de Ormuz.<\/p>\n<p class=\"paragraph\" data-mrf-recirculation=\"Links inline\">El despliegue simult\u00e1neo de los portaaviones\u00a0<b>USS Abraham Lincoln, USS Gerald R. Ford y USS George H.W. Bush<\/b>\u00a0marca la primera vez en d\u00e9cadas que coinciden tres unidades de este tipo en Medio Oriente.<\/p>\n<p data-mrf-recirculation=\"Links inline\">Estas embarcaciones operan como n\u00facleo de una estrategia dise\u00f1ada para endurecer la postura de Washington frente a Teher\u00e1n y asegurar los intereses estrat\u00e9gicos estadounidenses. <strong>(D)<\/strong><\/p>\n<p data-mrf-recirculation=\"Links inline\">\n<p data-mrf-recirculation=\"Links inline\"><img fetchpriority=\"high\" decoding=\"async\" class=\"global-image\" src=\"https:\/\/www.infobae.com\/resizer\/v2\/43T7YI42CBBDLFCJVIKTUAOJ2I.jpg?auth=2af83046fb6d4f6a5427a89243f992d26cedd8f420d0233e7f7d5f7a28278cb9&amp;smart=true&amp;width=350&amp;height=197&amp;quality=85\" alt=\"La TV estatal iran\u00ed mostr\u00f3 petroleros incautados cerca del estrecho de Ormuz\" width=\"762\" height=\"429\" \/><\/p>\n<p data-mrf-recirculation=\"Links inline\">La TV estatal iran\u00ed mostr\u00f3 petroleros incautados cerca del estrecho de Ormuz (Captura)<\/p>\n<p data-mrf-recirculation=\"Links inline\">\n<p data-mrf-recirculation=\"Links inline\"><img decoding=\"async\" class=\"\" src=\"https:\/\/www.infobae.com\/resizer\/v2\/76LFC2AW75GQREUHPECS4WVBMU.png?auth=317ca97cbcb24961605597ccc7c728abc3c87cecd34ba0b6b64e8e956ec202bc&amp;smart=true&amp;width=350&amp;height=627&amp;quality=85\" alt=\"Infograf\u00eda sobre la capacidad militar de Estados Unidos en Medio Oriente, mostrando tres portaaviones, destructores y siluetas de aviones y marines.\" width=\"473\" height=\"847\" \/><\/p>\n<p data-mrf-recirculation=\"Links inline\">El Pent\u00e1gono rodea a Ir\u00e1n mientras Trump presiona por un acuerdo<\/p>\n<p data-mrf-recirculation=\"Links inline\">diplom\u00e1tico (Imagen Ilustrativa Infobae)<\/p>\n<p data-mrf-recirculation=\"Links inline\"><strong>Fuente<\/strong>: evafm.net &#8211;\u00a0 infobae.com<\/p>\n<p data-mrf-recirculation=\"Links inline\">\n<div><\/div>\n<div><\/div>\n<div><\/div>\n<div><\/div>\n<div class=\"gsp_post_data\" \r\n\t            data-post_type=\"post\" \r\n\t            data-cat=\"general,noticias-internacionales\" \r\n\t            data-modified=\"120\"\r\n\t            data-created=\"1777028068\"\r\n\t            data-title=\"Ir\u00e1n exhibe los barcos portacontenedores secuestrados y recrudece sus amenazas\" \r\n\t            data-home=\"https:\/\/www.evafm.net\/sitio\"><\/div>","protected":false},"excerpt":{"rendered":"<p>El\u00a0r\u00e9gimen de Ir\u00e1n\u00a0mostr\u00f3 este viernes, a trav\u00e9s de la televisi\u00f3n estatal,\u00a0barcos portacontenedores secuestrados\u00a0y lanz\u00f3 advertencias a quienes intentan navegar por el\u00a0estrecho de Ormuz. Mientras env\u00eda a su canciller a negociar en\u00a0Pakist\u00e1n, busca proyectar fuerza frente al despliegue militar de\u00a0Estados Unidos en Medio Oriente donde\u00a0tres portaaviones estadounidenses y sus grupos de ataque permanecen a la espera&#8230;<\/p>\n","protected":false},"author":5,"featured_media":101209,"comment_status":"closed","ping_status":"open","sticky":false,"template":"","format":"standard","meta":{"_joinchat":[],"footnotes":""},"categories":[1720,1345],"tags":[],"class_list":["post-101208","post","type-post","status-publish","format-standard","has-post-thumbnail","hentry","category-general","category-noticias-internacionales","have-post-thumb"],"_links":{"self":[{"href":"https:\/\/www.evafm.net\/sitio\/wp-json\/wp\/v2\/posts\/101208","targetHints":{"allow":["GET"]}}],"collection":[{"href":"https:\/\/www.evafm.net\/sitio\/wp-json\/wp\/v2\/posts"}],"about":[{"href":"https:\/\/www.evafm.net\/sitio\/wp-json\/wp\/v2\/types\/post"}],"author":[{"embeddable":true,"href":"https:\/\/www.evafm.net\/sitio\/wp-json\/wp\/v2\/users\/5"}],"replies":[{"embeddable":true,"href":"https:\/\/www.evafm.net\/sitio\/wp-json\/wp\/v2\/comments?post=101208"}],"version-history":[{"count":1,"href":"https:\/\/www.evafm.net\/sitio\/wp-json\/wp\/v2\/posts\/101208\/revisions"}],"predecessor-version":[{"id":101210,"href":"https:\/\/www.evafm.net\/sitio\/wp-json\/wp\/v2\/posts\/101208\/revisions\/101210"}],"wp:featuredmedia":[{"embeddable":true,"href":"https:\/\/www.evafm.net\/sitio\/wp-json\/wp\/v2\/media\/101209"}],"wp:attachment":[{"href":"https:\/\/www.evafm.net\/sitio\/wp-json\/wp\/v2\/media?parent=101208"}],"wp:term":[{"taxonomy":"category","embeddable":true,"href":"https:\/\/www.evafm.net\/sitio\/wp-json\/wp\/v2\/categories?post=101208"},{"taxonomy":"post_tag","embeddable":true,"href":"https:\/\/www.evafm.net\/sitio\/wp-json\/wp\/v2\/tags?post=101208"}],"curies":[{"name":"wp","href":"https:\/\/api.w.org\/{rel}","templated":true}]}}