{"id":101217,"date":"2026-04-24T11:31:34","date_gmt":"2026-04-24T16:31:34","guid":{"rendered":"https:\/\/www.evafm.net\/sitio\/?p=101217"},"modified":"2026-04-24T11:31:34","modified_gmt":"2026-04-24T16:31:34","slug":"emelec-anuncia-que-no-habra-hinchada-visitante-ante-liga-de-quito","status":"publish","type":"post","link":"https:\/\/www.evafm.net\/sitio\/emelec-anuncia-que-no-habra-hinchada-visitante-ante-liga-de-quito\/","title":{"rendered":"Emelec anuncia que no habr\u00e1 hinchada visitante ante Liga de Quito"},"content":{"rendered":"<p>El\u00a0<a href=\"https:\/\/www.ecuavisa.com\/deportes\/emelec\" target=\"_blank\" rel=\"noopener\">Club Sport Emelec<\/a>, mediante un comunicado oficial, anunci\u00f3 que para el partido ante<a href=\"https:\/\/www.ecuavisa.com\/deportes\/liga-de-quito\" target=\"_blank\" rel=\"noopener\">\u00a0Liga de Quito<\/a>\u00a0<strong>no se permitir\u00e1 la presencia de hinchada visitante<\/strong>.<\/p>\n<p>Este encuentro est\u00e1 programado para el s\u00e1bado 25 de abril en el estadio George Capwell, correspondiente a la fecha 11 de la LigaPro.<\/p>\n<p>\u201cEl Club Sport Emelec informa a sus socios, hinchas y p\u00fablico en general que, para el partido ante Liga Deportiva Universitaria de Quito, a disputarse a las<\/p>\n<p><strong> 17:00<\/strong> en el estadio George Capwell,\u00a0<strong>no se permitir\u00e1 el ingreso de hinchada visitante<\/strong>\u201d, se\u00f1ala el escrito.<\/p>\n<p>&nbsp;<\/p>\n<p>\u201cEsta medida se adopta en estricto cumplimiento de las recomendaciones emitidas por la Polic\u00eda Nacional y el Departamento de Seguridad de LigaPro, con el<\/p>\n<p><strong>objetivo de garantizar el normal desarrollo del encuentro<\/strong>\u00a0y salvaguardar la integridad de todos los asistentes\u201d, agrega el comunicado.<\/p>\n<p>\u201c<strong>Agradecemos la comprensi\u00f3n y colaboraci\u00f3n de nuestra afici\u00f3n e invitamos a vivir esta jornada<\/strong>\u00a0con responsabilidad y compromiso, alentando a nuestro equipo<\/p>\n<p>con la pasi\u00f3n de siempre\u201d, concluye.<\/p>\n<p>&nbsp;<\/p>\n<p>En lo deportivo,<strong>\u00a0los azules buscar\u00e1n conseguir su segunda victoria consecutiva en la LigaPro ante los albos<\/strong>, con el objetivo de seguir escalando en la tabla de<\/p>\n<p>posiciones, donde actualmente ocupan el<strong> puesto 13 con 11 unidades. (D)<\/strong><\/p>\n<div class=\"css-1dbjc4n r-18u37iz r-1t982j2\">\n<div class=\"css-1dbjc4n r-eqz5dr r-1777fci r-4amgru r-1kh6xel\">\n<div class=\"css-1dbjc4n r-1ny4l3l\">\n<div class=\"css-1dbjc4n r-1wbh5a2 r-dnmrzs r-1ny4l3l\">\n<div class=\"css-1dbjc4n r-1wbh5a2 r-dnmrzs r-1ny4l3l\">\n<div class=\"css-1dbjc4n r-1awozwy r-18u37iz r-dnmrzs\">\n<div class=\"css-901oao r-1awozwy r-18jsvk2 r-6koalj r-1qd0xha r-1b43r93 r-b88u0q r-hjklzo r-bcqeeo r-1udh08x r-3s2u2q r-qvutc0\" dir=\"auto\"><strong><span class=\"css-901oao css-16my406 css-1hf3ou5 r-poiln3 r-bcqeeo r-qvutc0\"><span class=\"css-901oao css-16my406 r-poiln3 r-bcqeeo r-qvutc0\">Club Sport Emelec<\/span><\/span><\/strong><\/div>\n<div class=\"css-901oao r-18jsvk2 r-xoduu5 r-18u37iz r-1q142lx r-1qd0xha r-1b43r93 r-16dba41 r-hjklzo r-bcqeeo r-qvutc0\" dir=\"auto\"><\/div>\n<\/div>\n<div class=\"css-1dbjc4n r-1awozwy r-18u37iz r-1wbh5a2\">\n<div class=\"css-1dbjc4n\">\n<div class=\"css-901oao css-1hf3ou5 r-14j79pv r-18u37iz r-1qd0xha r-1wvb978 r-1b43r93 r-16dba41 r-hjklzo r-bcqeeo r-qvutc0\" dir=\"ltr\"><strong><span class=\"css-901oao css-16my406 r-poiln3 r-bcqeeo r-qvutc0\">@CSEmelec<\/span><\/strong><\/div>\n<\/div>\n<div class=\"css-1dbjc4n r-18u37iz r-1q142lx\">\n<div class=\"css-901oao r-14j79pv r-1q142lx r-1qd0xha r-1b43r93 r-16dba41 r-hjklzo r-bcqeeo r-s1qlax r-qvutc0\" dir=\"auto\" aria-hidden=\"true\"><strong><span class=\"css-901oao css-16my406 r-poiln3 r-bcqeeo r-qvutc0\">\u00b7<\/span><\/strong><\/div>\n<\/div>\n<\/div>\n<\/div>\n<\/div>\n<\/div>\n<\/div>\n<\/div>\n<div class=\"css-1dbjc4n\">\n<div class=\"css-901oao r-18jsvk2 r-1dqbpge r-1qd0xha r-1b6yd1w r-16dba41 r-7ptqe7 r-bcqeeo r-bnwqim r-qvutc0\" dir=\"auto\" lang=\"pt\" data-testid=\"tweetText\"><strong><span class=\"css-901oao css-16my406 r-poiln3 r-bcqeeo r-qvutc0\">Comunicado oficial.<\/span><\/strong><\/div>\n<\/div>\n<p><img decoding=\"async\" src=\"https:\/\/pbs.twimg.com\/media\/HGo-k75XQAAaBHG?format=jpg&amp;name=small\" alt=\"Imagen\" \/><\/p>\n<p>&nbsp;<\/p>\n<p><strong>Fuente:<\/strong> evafm.net- ecuavisa.com<\/p>\n<p>&nbsp;<\/p>\n<div class=\"gsp_post_data\" \r\n\t            data-post_type=\"post\" \r\n\t            data-cat=\"deportes-ecuador\" \r\n\t            data-modified=\"120\"\r\n\t            data-created=\"1777030294\"\r\n\t            data-title=\"Emelec anuncia que no habr\u00e1 hinchada visitante ante Liga de Quito\" \r\n\t            data-home=\"https:\/\/www.evafm.net\/sitio\"><\/div>","protected":false},"excerpt":{"rendered":"<p>El\u00a0Club Sport Emelec, mediante un comunicado oficial, anunci\u00f3 que para el partido ante\u00a0Liga de Quito\u00a0no se permitir\u00e1 la presencia de hinchada visitante. Este encuentro est\u00e1 programado para el s\u00e1bado 25 de abril en el estadio George Capwell, correspondiente a la fecha 11 de la LigaPro. \u201cEl Club Sport Emelec informa a sus socios, hinchas y&#8230;<\/p>\n","protected":false},"author":5,"featured_media":101218,"comment_status":"closed","ping_status":"open","sticky":false,"template":"","format":"standard","meta":{"_joinchat":[],"footnotes":""},"categories":[1557],"tags":[],"class_list":["post-101217","post","type-post","status-publish","format-standard","has-post-thumbnail","hentry","category-deportes-ecuador","have-post-thumb"],"_links":{"self":[{"href":"https:\/\/www.evafm.net\/sitio\/wp-json\/wp\/v2\/posts\/101217","targetHints":{"allow":["GET"]}}],"collection":[{"href":"https:\/\/www.evafm.net\/sitio\/wp-json\/wp\/v2\/posts"}],"about":[{"href":"https:\/\/www.evafm.net\/sitio\/wp-json\/wp\/v2\/types\/post"}],"author":[{"embeddable":true,"href":"https:\/\/www.evafm.net\/sitio\/wp-json\/wp\/v2\/users\/5"}],"replies":[{"embeddable":true,"href":"https:\/\/www.evafm.net\/sitio\/wp-json\/wp\/v2\/comments?post=101217"}],"version-history":[{"count":1,"href":"https:\/\/www.evafm.net\/sitio\/wp-json\/wp\/v2\/posts\/101217\/revisions"}],"predecessor-version":[{"id":101219,"href":"https:\/\/www.evafm.net\/sitio\/wp-json\/wp\/v2\/posts\/101217\/revisions\/101219"}],"wp:featuredmedia":[{"embeddable":true,"href":"https:\/\/www.evafm.net\/sitio\/wp-json\/wp\/v2\/media\/101218"}],"wp:attachment":[{"href":"https:\/\/www.evafm.net\/sitio\/wp-json\/wp\/v2\/media?parent=101217"}],"wp:term":[{"taxonomy":"category","embeddable":true,"href":"https:\/\/www.evafm.net\/sitio\/wp-json\/wp\/v2\/categories?post=101217"},{"taxonomy":"post_tag","embeddable":true,"href":"https:\/\/www.evafm.net\/sitio\/wp-json\/wp\/v2\/tags?post=101217"}],"curies":[{"name":"wp","href":"https:\/\/api.w.org\/{rel}","templated":true}]}}