{"id":101220,"date":"2026-04-24T11:39:33","date_gmt":"2026-04-24T16:39:33","guid":{"rendered":"https:\/\/www.evafm.net\/sitio\/?p=101220"},"modified":"2026-04-24T11:39:33","modified_gmt":"2026-04-24T16:39:33","slug":"emelec-presento-su-nueva-camiseta-para-lo-que-resta-de-temporada","status":"publish","type":"post","link":"https:\/\/www.evafm.net\/sitio\/emelec-presento-su-nueva-camiseta-para-lo-que-resta-de-temporada\/","title":{"rendered":"Emelec present\u00f3 su nueva camiseta para lo que resta de temporada"},"content":{"rendered":"<p><strong>El\u00a0<a href=\"https:\/\/www.ecuavisa.com\/deportes\/emelec\" target=\"_blank\" rel=\"noopener\">Club Sport Emelec<\/a>,<\/strong> a trav\u00e9s de un video publicado en sus redes sociales, present\u00f3\u00a0<strong>su nueva indumentaria<\/strong>, la cual acompa\u00f1ar\u00e1 al conjunto el\u00e9ctrico durante lo que resta de la temporada.<\/p>\n<p><strong>Emelec dio a conocer sus dos equipaciones,<\/strong>\u00a0que estar\u00e1n disponibles a partir de este viernes 21 de abril en las distintas tiendas <strong>Adidas y Marathon Sports.<\/strong><\/p>\n<p>La camiseta principal\u00a0<strong>mantiene su tradicional color azul e incorpora una banda con dos l\u00edneas de diferentes tonos grises<\/strong>\u00a0que atraviesan el pecho.<\/p>\n<p>Por su parte,\u00a0<strong>el uniforme alterno es de color blanco con detalles azules.<\/strong>\u00a0Cuenta con cuello redondo y franjas laterales en azul, elementos que le aportan un toque de elegancia y sobriedad<\/p>\n<p>a la camiseta.<\/p>\n<p>&nbsp;<\/p>\n<p><strong>Emelec estrenar\u00e1 su nueva indumentaria este s\u00e1bado 25 de abril, cuando se enfrente a Liga de Quito<\/strong>\u00a0por la fecha 11 de la LigaPro.<\/p>\n<p>El encuentro est\u00e1 programado para las<strong> 17:00 (hora de Ecuador).<\/strong><\/p>\n<p>Adem\u00e1s,\u00a0<strong>los azules buscar\u00e1n conseguir su segunda victoria consecutiva en la LigaPro<\/strong><\/p>\n<p>ante los albos para seguir escalando en la tabla de posiciones, donde actualmente ocupan el<strong> puesto 13 con 11 unidades. (D)<\/strong><\/p>\n<p>&nbsp;<\/p>\n<blockquote class=\"twitter-tweet\" data-width=\"550\" data-dnt=\"true\">\n<p lang=\"es\" dir=\"ltr\">LA BANDA QUE NOS CRUZA EL CORAZ\u00d3N \u26a1\ufe0f\ud83d\udc99<\/p>\n<p>Historia escrita en noches de esplendor \u2b50\ufe0f<a href=\"https:\/\/twitter.com\/adidasfootball?ref_src=twsrc%5Etfw\">@adidasfootball<\/a><a href=\"https:\/\/twitter.com\/hashtag\/YouGotThis?src=hash&amp;ref_src=twsrc%5Etfw\">#YouGotThis<\/a> <a href=\"https:\/\/t.co\/3pr1cnREFd\">pic.twitter.com\/3pr1cnREFd<\/a><\/p>\n<p>&mdash; Club Sport Emelec (@CSEmelec) <a href=\"https:\/\/twitter.com\/CSEmelec\/status\/2047536676965081412?ref_src=twsrc%5Etfw\">April 24, 2026<\/a><\/p><\/blockquote>\n<p><script async src=\"https:\/\/platform.twitter.com\/widgets.js\" charset=\"utf-8\"><\/script><\/p>\n<p><strong>Fuente:<\/strong> evafm-.net &#8211; ecuavisa.com<\/p>\n<div class=\"gsp_post_data\" \r\n\t            data-post_type=\"post\" \r\n\t            data-cat=\"deportes-ecuador\" \r\n\t            data-modified=\"120\"\r\n\t            data-created=\"1777030773\"\r\n\t            data-title=\"Emelec present\u00f3 su nueva camiseta para lo que resta de temporada\" \r\n\t            data-home=\"https:\/\/www.evafm.net\/sitio\"><\/div>","protected":false},"excerpt":{"rendered":"<p>El\u00a0Club Sport Emelec, a trav\u00e9s de un video publicado en sus redes sociales, present\u00f3\u00a0su nueva indumentaria, la cual acompa\u00f1ar\u00e1 al conjunto el\u00e9ctrico durante lo que resta de la temporada. Emelec dio a conocer sus dos equipaciones,\u00a0que estar\u00e1n disponibles a partir de este viernes 21 de abril en las distintas tiendas Adidas y Marathon Sports. La&#8230;<\/p>\n","protected":false},"author":5,"featured_media":101221,"comment_status":"closed","ping_status":"open","sticky":false,"template":"","format":"standard","meta":{"_joinchat":[],"footnotes":""},"categories":[1557],"tags":[],"class_list":["post-101220","post","type-post","status-publish","format-standard","has-post-thumbnail","hentry","category-deportes-ecuador","have-post-thumb"],"_links":{"self":[{"href":"https:\/\/www.evafm.net\/sitio\/wp-json\/wp\/v2\/posts\/101220","targetHints":{"allow":["GET"]}}],"collection":[{"href":"https:\/\/www.evafm.net\/sitio\/wp-json\/wp\/v2\/posts"}],"about":[{"href":"https:\/\/www.evafm.net\/sitio\/wp-json\/wp\/v2\/types\/post"}],"author":[{"embeddable":true,"href":"https:\/\/www.evafm.net\/sitio\/wp-json\/wp\/v2\/users\/5"}],"replies":[{"embeddable":true,"href":"https:\/\/www.evafm.net\/sitio\/wp-json\/wp\/v2\/comments?post=101220"}],"version-history":[{"count":1,"href":"https:\/\/www.evafm.net\/sitio\/wp-json\/wp\/v2\/posts\/101220\/revisions"}],"predecessor-version":[{"id":101222,"href":"https:\/\/www.evafm.net\/sitio\/wp-json\/wp\/v2\/posts\/101220\/revisions\/101222"}],"wp:featuredmedia":[{"embeddable":true,"href":"https:\/\/www.evafm.net\/sitio\/wp-json\/wp\/v2\/media\/101221"}],"wp:attachment":[{"href":"https:\/\/www.evafm.net\/sitio\/wp-json\/wp\/v2\/media?parent=101220"}],"wp:term":[{"taxonomy":"category","embeddable":true,"href":"https:\/\/www.evafm.net\/sitio\/wp-json\/wp\/v2\/categories?post=101220"},{"taxonomy":"post_tag","embeddable":true,"href":"https:\/\/www.evafm.net\/sitio\/wp-json\/wp\/v2\/tags?post=101220"}],"curies":[{"name":"wp","href":"https:\/\/api.w.org\/{rel}","templated":true}]}}