{"id":101256,"date":"2026-04-26T11:51:31","date_gmt":"2026-04-26T16:51:31","guid":{"rendered":"https:\/\/www.evafm.net\/sitio\/?p=101256"},"modified":"2026-04-26T11:51:31","modified_gmt":"2026-04-26T16:51:31","slug":"crisis-en-la-universidad-central","status":"publish","type":"post","link":"https:\/\/www.evafm.net\/sitio\/crisis-en-la-universidad-central\/","title":{"rendered":"Crisis en la Universidad Central"},"content":{"rendered":"<p>Aunque las clases iniciaron el 6 de abril en la<a href=\"https:\/\/www.ecuavisa.com\/quito\/bar-clandestino-universidad-central-clausurado-20260424-0070.html\" target=\"_blank\" rel=\"noopener\">\u00a0Universidad Central<\/a>,<strong>\u00a0en la Facultad de Enfermer\u00eda hay aulas que permanecen vac\u00edas<\/strong>. Lo mismo ocurre con las oficinas de los docentes.<\/p>\n<p>La raz\u00f3n<strong>: estudiantes y profesores se\u00f1alan que enfrentan una situaci\u00f3n cr\u00edtica debido a la falta de contrataci\u00f3n oportuna de docentes y tutores de pr\u00e1cticas<\/strong>.<\/p>\n<p>Esto ha provocado retrasos en el desarrollo acad\u00e9mico y la reducci\u00f3n de horas pr\u00e1cticas para los estudiantes.<\/p>\n<p>&nbsp;<\/p>\n<p>Y por eso protestaron este viernes. Lorena Romero, profesora de enfermer\u00eda, se\u00f1ala que el problema responde a una falta de gesti\u00f3n administrativa dentro del decanato.<\/p>\n<p>\u201c<strong>Eso nos ha llevado a este momento ca\u00f3tico en donde en todos los semestres de la carrera de enfermer\u00eda tenemos docentes que han trabajado y no se les ha pagado<\/strong>.<\/p>\n<p>A\u00fan no salen los convenios de pago y aparte de eso hay un grupo de docentes que no tienen el contrato y no han sido autorizados esos contratos pese a que ya estamos en clases\u201d, dijo.<\/p>\n<p>Adem\u00e1s, advierten sobre conflictos internos entre autoridades. El impacto directo se refleja en los estudiantes.<\/p>\n<p>\u201c<strong>Los tres d\u00edas, que son desde el mi\u00e9rcoles hasta el viernes, no se est\u00e1n yendo a clases<\/strong>.<\/p>\n<p>Tenemos clases posteriores, pero ya en la tarde, pero en la ma\u00f1ana todos los d\u00edas pasa libres\u201d, cuenta un alumno.<\/p>\n<p>Y aunque en una entrevista anterior el decano Juan Emilio Ocampo indic\u00f3 que solucionar\u00e1 el problema, hoy justifica este retraso.<\/p>\n<p>&nbsp;<\/p>\n<p>\u201cUnos contratos est\u00e1n elabor\u00e1ndose porque en esta semana llegaron los lineamientos para poder llevarlos a cabo desde la Direcci\u00f3n de Talento Humano de la Universidad Central del Ecuador, que es quien tiene que enviarnos c\u00f3mo proceder para sacar adelante este proceso\u201d, coment\u00f3.<\/p>\n<p><strong>Hay inquietud, porque a\u00fan no existen garant\u00edas de que la situaci\u00f3n se normalice, o al menos no en el corto plazo<\/strong>.<strong>(I)<\/strong><\/p>\n<p>&nbsp;<\/p>\n<p><strong>Fuente: evafm.net\u00a0 &#8211; ecuavisa.com<\/strong><\/p>\n<p>&nbsp;<\/p>\n<p>&nbsp;<\/p>\n<p>&nbsp;<\/p>\n<div class=\"gsp_post_data\" \r\n\t            data-post_type=\"post\" \r\n\t            data-cat=\"general,noticias-ecuador\" \r\n\t            data-modified=\"120\"\r\n\t            data-created=\"1777204291\"\r\n\t            data-title=\"Crisis en la Universidad Central\" \r\n\t            data-home=\"https:\/\/www.evafm.net\/sitio\"><\/div>","protected":false},"excerpt":{"rendered":"<p>Aunque las clases iniciaron el 6 de abril en la\u00a0Universidad Central,\u00a0en la Facultad de Enfermer\u00eda hay aulas que permanecen vac\u00edas. Lo mismo ocurre con las oficinas de los docentes. La raz\u00f3n: estudiantes y profesores se\u00f1alan que enfrentan una situaci\u00f3n cr\u00edtica debido a la falta de contrataci\u00f3n oportuna de docentes y tutores de pr\u00e1cticas. Esto ha&#8230;<\/p>\n","protected":false},"author":5,"featured_media":101257,"comment_status":"closed","ping_status":"open","sticky":false,"template":"","format":"standard","meta":{"_joinchat":[],"footnotes":""},"categories":[1720,1558],"tags":[],"class_list":["post-101256","post","type-post","status-publish","format-standard","has-post-thumbnail","hentry","category-general","category-noticias-ecuador","have-post-thumb"],"_links":{"self":[{"href":"https:\/\/www.evafm.net\/sitio\/wp-json\/wp\/v2\/posts\/101256","targetHints":{"allow":["GET"]}}],"collection":[{"href":"https:\/\/www.evafm.net\/sitio\/wp-json\/wp\/v2\/posts"}],"about":[{"href":"https:\/\/www.evafm.net\/sitio\/wp-json\/wp\/v2\/types\/post"}],"author":[{"embeddable":true,"href":"https:\/\/www.evafm.net\/sitio\/wp-json\/wp\/v2\/users\/5"}],"replies":[{"embeddable":true,"href":"https:\/\/www.evafm.net\/sitio\/wp-json\/wp\/v2\/comments?post=101256"}],"version-history":[{"count":1,"href":"https:\/\/www.evafm.net\/sitio\/wp-json\/wp\/v2\/posts\/101256\/revisions"}],"predecessor-version":[{"id":101258,"href":"https:\/\/www.evafm.net\/sitio\/wp-json\/wp\/v2\/posts\/101256\/revisions\/101258"}],"wp:featuredmedia":[{"embeddable":true,"href":"https:\/\/www.evafm.net\/sitio\/wp-json\/wp\/v2\/media\/101257"}],"wp:attachment":[{"href":"https:\/\/www.evafm.net\/sitio\/wp-json\/wp\/v2\/media?parent=101256"}],"wp:term":[{"taxonomy":"category","embeddable":true,"href":"https:\/\/www.evafm.net\/sitio\/wp-json\/wp\/v2\/categories?post=101256"},{"taxonomy":"post_tag","embeddable":true,"href":"https:\/\/www.evafm.net\/sitio\/wp-json\/wp\/v2\/tags?post=101256"}],"curies":[{"name":"wp","href":"https:\/\/api.w.org\/{rel}","templated":true}]}}