{"id":101259,"date":"2026-04-26T12:28:45","date_gmt":"2026-04-26T17:28:45","guid":{"rendered":"https:\/\/www.evafm.net\/sitio\/?p=101259"},"modified":"2026-04-26T12:28:45","modified_gmt":"2026-04-26T17:28:45","slug":"donald-trump-atribuyo-el-ataque-en-la-cena-de-corresponsales-a-un-posible-odio-anticristiano","status":"publish","type":"post","link":"https:\/\/www.evafm.net\/sitio\/donald-trump-atribuyo-el-ataque-en-la-cena-de-corresponsales-a-un-posible-odio-anticristiano\/","title":{"rendered":"Donald Trump atribuy\u00f3 el ataque en la cena de corresponsales a un posible odio anticristiano"},"content":{"rendered":"<p>El presidente de\u00a0<b>Estados Unidos<\/b>,\u00a0<b>Donald Trump<\/b>, endureci\u00f3 este domingo su discurso sobre el\u00a0<a title=\"https:\/\/www.infobae.com\/estados-unidos\/2026\/04\/26\/intento-de-asesinato-contra-donald-trump-el-servicio-secreto-de-eeuu-trabaja-en-la-hipotesis-del-lobo-solitario\/\" href=\"https:\/\/www.infobae.com\/estados-unidos\/2026\/04\/26\/intento-de-asesinato-contra-donald-trump-el-servicio-secreto-de-eeuu-trabaja-en-la-hipotesis-del-lobo-solitario\/\" target=\"_blank\" rel=\"noopener noreferrer\" data-mrf-link=\"https:\/\/www.infobae.com\/estados-unidos\/2026\/04\/26\/intento-de-asesinato-contra-donald-trump-el-servicio-secreto-de-eeuu-trabaja-en-la-hipotesis-del-lobo-solitario\/\">tiroteo ocurrido la noche<\/a>\u00a0anterior en la\u00a0<b>Cena de Corresponsales de la Casa Blanca<\/b>\u00a0y asegur\u00f3 que el sospechoso actu\u00f3 impulsado por un \u201codio profundo hacia los cristianos\u201d, una afirmaci\u00f3n que, seg\u00fan dijo, surge del an\u00e1lisis de un manifiesto y de informaci\u00f3n preliminar en manos de las autoridades.<\/p>\n<p>En una entrevista telef\u00f3nica con\u00a0<i>Fox News,<\/i>\u00a0Trump puso el foco en el componente ideol\u00f3gico del ataque y fue categ\u00f3rico:<\/p>\n<p><b>\u201cCuando lees su manifiesto, odia a los cristianos.<\/b><\/p>\n<p><b> Eso es seguro. Es un odio fuerte, anticristiano\u201d<\/b>.<\/p>\n<p>El mandatario insisti\u00f3 en que no se trat\u00f3 de un acto aislado sin motivaci\u00f3n, sino de una acci\u00f3n con un trasfondo claro.<\/p>\n<p><b>\u201cHay cosas muy fuertes en ese texto. Mucho enojo, mucho odio\u201d<\/b>, agreg\u00f3, al describir el material atribuido al atacante.<\/p>\n<p>&nbsp;<\/p>\n<p>El presidente tambi\u00e9n apunt\u00f3 al entorno del sospechoso, identificado como\u00a0<b>Cole Tomas Allen<\/b>, de 31 a\u00f1os, al sugerir que sus conductas ya eran conocidas.<\/p>\n<p><b>\u201cSu familia sab\u00eda que ten\u00eda dificultades. Tal vez deber\u00edan haberlo denunciado con un poco m\u00e1s de firmeza. Es dif\u00edcil, lo entiendo, pero esto muestra lo grave de la situaci\u00f3n\u201d<\/b>, afirm\u00f3.<\/p>\n<p class=\"paragraph\" data-mrf-recirculation=\"Links inline\">Las declaraciones de Trump llegan horas despu\u00e9s de que fuera evacuado de urgencia junto a la primera dama,\u00a0<b>Melania Trump<\/b>, durante el evento celebrado en el\u00a0<b>hotel Washington Hilton<\/b>.<\/p>\n<p class=\"paragraph\" data-mrf-recirculation=\"Links inline\">El incidente se produjo cuando un hombre armado con una escopeta, una pistola y varios cuchillos atac\u00f3 un puesto de control de seguridad en el vest\u00edbulo del edificio.<\/p>\n<p data-mrf-recirculation=\"Links inline\">\n<p data-mrf-recirculation=\"Links inline\">La r\u00e1pida intervenci\u00f3n del\u00a0<b>Servicio Secreto de Estados Unidos<\/b>\u00a0evit\u00f3 que el atacante alcanzara el sal\u00f3n principal.<\/p>\n<p data-mrf-recirculation=\"Links inline\">Dentro del recinto, el sonido de los disparos desat\u00f3 escenas de p\u00e1nico: los asistentes se arrojaron al suelo o se refugiaron bajo las mesas, mientras agentes armados irrump\u00edan y evacuaban a las principales autoridades.\u00a0<b>Trump<\/b>\u00a0fue cubierto por su equipo y retirado del escenario en segundos.<\/p>\n<p data-mrf-recirculation=\"Links inline\">Pese al \u00e9nfasis del mandatario en el m\u00f3vil \u201canticristiano\u201d, las autoridades mantienen cautela.<\/p>\n<p data-mrf-recirculation=\"Links inline\">El fiscal general interino,\u00a0<b>Todd Blanche<\/b>, se\u00f1al\u00f3 que si bien existen indicios de que el ataque pudo estar dirigido contra el presidente y otros altos cargos, la investigaci\u00f3n a\u00fan se encuentra en una fase inicial.<\/p>\n<p data-mrf-recirculation=\"Links inline\">\u00a0<b>\u201cEl an\u00e1lisis de los dispositivos electr\u00f3nicos apunta a un ataque dirigido, pero el motivo oficial sigue bajo evaluaci\u00f3n\u201d<\/b>, indic\u00f3.<\/p>\n<p data-mrf-recirculation=\"Links inline\">\n<p class=\"paragraph\" data-mrf-recirculation=\"Links inline\">El sospechoso, que no result\u00f3 herido, permanece bajo custodia hospitalaria y no est\u00e1 colaborando con los investigadores.<\/p>\n<p class=\"paragraph\" data-mrf-recirculation=\"Links inline\">Se espera que comparezca este lunes ante un tribunal federal en el\u00a0<b>Distrito de Columbia<\/b>\u00a0para enfrentar cargos formales.<\/p>\n<p class=\"paragraph\" data-mrf-recirculation=\"Links inline\">En paralelo, el\u00a0<b>FBI<\/b>\u00a0contin\u00faa con los allanamientos y peritajes para reconstruir el recorrido del atacante, quien hab\u00eda viajado desde\u00a0<b>Los \u00e1ngeles<\/b>\u00a0a Washington d\u00edas antes del evento.<\/p>\n<p class=\"paragraph\" data-mrf-recirculation=\"Links inline\">Mientras tanto, Trump busc\u00f3 transmitir tranquilidad y asegur\u00f3 que tanto \u00e9l como su esposa se encuentran en buen estado.<\/p>\n<p data-mrf-recirculation=\"Links inline\">\n<p data-mrf-recirculation=\"Links inline\">Hasta ahora, el sospechoso permanece bajo custodia federal y ser\u00e1 presentado este lunes ante un tribunal en el Distrito de Columbia, donde se formalizar\u00e1n los cargos en su contra.<\/p>\n<p data-mrf-recirculation=\"Links inline\">Las autoridades confirmaron que contin\u00faan los peritajes sobre sus dispositivos electr\u00f3nicos y el an\u00e1lisis de las c\u00e1maras de seguridad del hotel, mientras se refuerza la seguridad en edificios p\u00fablicos de Washington tras el incidente.<strong> (I)<\/strong><\/p>\n<p data-mrf-recirculation=\"Links inline\">\n<p data-mrf-recirculation=\"Links inline\"><img fetchpriority=\"high\" decoding=\"async\" class=\"global-image\" src=\"https:\/\/www.infobae.com\/resizer\/v2\/6HSCYYK3QNEGVNMBE4XO5WYW6U.JPG?auth=b5f81574bdeea3094b542aef4088f48e77b1ea3466896e020c7a9b90142106cf&amp;smart=true&amp;width=350&amp;height=263&amp;quality=85\" alt=\"Cole Tomas Allen, fue detenido en el Hotel Hilton de Washington cuando pretend\u00eda asesinar a Donald Trump en la cena de corresponsales de la Casa Blanca\" width=\"723\" height=\"543\" \/><\/p>\n<p data-mrf-recirculation=\"Links inline\">Cole Tomas Allen, fue detenido en el Hotel Hilton de Washington cuando pretend\u00eda asesinar<\/p>\n<p data-mrf-recirculation=\"Links inline\">a Donald Trump en la cena de corresponsales de la Casa Blanca.<\/p>\n<p data-mrf-recirculation=\"Links inline\">\n<p data-mrf-recirculation=\"Links inline\"><img decoding=\"async\" class=\"global-image\" src=\"https:\/\/www.infobae.com\/resizer\/v2\/NNRYFTODFJG6VP7FXWQBSVT4J4.JPG?auth=ee08854310ddbcef044c0d0072c757d2099266db57692cd381987c16a015a4ca&amp;smart=true&amp;width=350&amp;height=233&amp;quality=85\" alt=\"El FBI realiza allanamientos y peritajes para rastrear los movimientos del agresor, quien viaj\u00f3 desde Los \u00c1ngeles a la capital.  REUTERS\/Evan Vucci\" width=\"722\" height=\"481\" \/><\/p>\n<p data-mrf-recirculation=\"Links inline\">El FBI realiza allanamientos y peritajes para rastrear los movimientos del agresor, quien viaj\u00f3 desde<\/p>\n<p data-mrf-recirculation=\"Links inline\">Los \u00c1ngeles a la capital. REUTERS\/Evan Vucci<\/p>\n<p data-mrf-recirculation=\"Links inline\">\n<p data-mrf-recirculation=\"Links inline\"><strong>Fuente:<\/strong> evafm.net _ infobae.com<\/p>\n<div class=\"inline_2 ad-wrapper\">\n<div class=\"dfpAd ad-inline ad-text\"><\/div>\n<\/div>\n<div class=\"gsp_post_data\" \r\n\t            data-post_type=\"post\" \r\n\t            data-cat=\"general,noticias-internacionales\" \r\n\t            data-modified=\"120\"\r\n\t            data-created=\"1777206525\"\r\n\t            data-title=\"Donald Trump atribuy\u00f3 el ataque en la cena de corresponsales a un posible odio anticristiano\" \r\n\t            data-home=\"https:\/\/www.evafm.net\/sitio\"><\/div>","protected":false},"excerpt":{"rendered":"<p>El presidente de\u00a0Estados Unidos,\u00a0Donald Trump, endureci\u00f3 este domingo su discurso sobre el\u00a0tiroteo ocurrido la noche\u00a0anterior en la\u00a0Cena de Corresponsales de la Casa Blanca\u00a0y asegur\u00f3 que el sospechoso actu\u00f3 impulsado por un \u201codio profundo hacia los cristianos\u201d, una afirmaci\u00f3n que, seg\u00fan dijo, surge del an\u00e1lisis de un manifiesto y de informaci\u00f3n preliminar en manos de las&#8230;<\/p>\n","protected":false},"author":5,"featured_media":101261,"comment_status":"closed","ping_status":"open","sticky":false,"template":"","format":"standard","meta":{"_joinchat":[],"footnotes":""},"categories":[1720,1345],"tags":[],"class_list":["post-101259","post","type-post","status-publish","format-standard","has-post-thumbnail","hentry","category-general","category-noticias-internacionales","have-post-thumb"],"_links":{"self":[{"href":"https:\/\/www.evafm.net\/sitio\/wp-json\/wp\/v2\/posts\/101259","targetHints":{"allow":["GET"]}}],"collection":[{"href":"https:\/\/www.evafm.net\/sitio\/wp-json\/wp\/v2\/posts"}],"about":[{"href":"https:\/\/www.evafm.net\/sitio\/wp-json\/wp\/v2\/types\/post"}],"author":[{"embeddable":true,"href":"https:\/\/www.evafm.net\/sitio\/wp-json\/wp\/v2\/users\/5"}],"replies":[{"embeddable":true,"href":"https:\/\/www.evafm.net\/sitio\/wp-json\/wp\/v2\/comments?post=101259"}],"version-history":[{"count":1,"href":"https:\/\/www.evafm.net\/sitio\/wp-json\/wp\/v2\/posts\/101259\/revisions"}],"predecessor-version":[{"id":101262,"href":"https:\/\/www.evafm.net\/sitio\/wp-json\/wp\/v2\/posts\/101259\/revisions\/101262"}],"wp:featuredmedia":[{"embeddable":true,"href":"https:\/\/www.evafm.net\/sitio\/wp-json\/wp\/v2\/media\/101261"}],"wp:attachment":[{"href":"https:\/\/www.evafm.net\/sitio\/wp-json\/wp\/v2\/media?parent=101259"}],"wp:term":[{"taxonomy":"category","embeddable":true,"href":"https:\/\/www.evafm.net\/sitio\/wp-json\/wp\/v2\/categories?post=101259"},{"taxonomy":"post_tag","embeddable":true,"href":"https:\/\/www.evafm.net\/sitio\/wp-json\/wp\/v2\/tags?post=101259"}],"curies":[{"name":"wp","href":"https:\/\/api.w.org\/{rel}","templated":true}]}}