{"id":101280,"date":"2026-04-27T11:52:20","date_gmt":"2026-04-27T16:52:20","guid":{"rendered":"https:\/\/www.evafm.net\/sitio\/?p=101280"},"modified":"2026-04-27T11:52:20","modified_gmt":"2026-04-27T16:52:20","slug":"guayaquil-recauda-mas-de-un-millon-de-dolares-por-tasa-de-pernoctacion-y-lo-destina-a-promocion-turistica","status":"publish","type":"post","link":"https:\/\/www.evafm.net\/sitio\/guayaquil-recauda-mas-de-un-millon-de-dolares-por-tasa-de-pernoctacion-y-lo-destina-a-promocion-turistica\/","title":{"rendered":"Guayaquil recauda m\u00e1s de un mill\u00f3n de d\u00f3lares por tasa de pernoctaci\u00f3n y lo destina a promoci\u00f3n tur\u00edstica"},"content":{"rendered":"<p>El\u00a0<strong>Municipio de Guayaquil\u00a0<\/strong>recauda m\u00e1s de un mill\u00f3n de d\u00f3lares al a\u00f1o por la\u00a0<a href=\"https:\/\/www.ecuavisa.com\/guayaquil\/concejo-municipal-guayaquil-usd-1-noche-alojamientos-airbnb-20260417-0102.html\" target=\"_blank\" rel=\"noopener\"><strong>tasa de pernoctaci\u00f3n<\/strong><\/a>, un ingreso que \u2014seg\u00fan la directora de Turismo y Eventos Especiales,\u00a0<strong>Tahiz Panus<\/strong>\u2014 se reinvierte en ferias y otras iniciativas para posicionar a la ciudad como destino tur\u00edstico.<\/p>\n<p>La tasa de pernoctaci\u00f3n se incrementar\u00e1 este 2026, tras la reforma aprobada por el Concejo Cantonal el pasado 16 de abril. Este rubro \u2014vigente desde hace una d\u00e9cada\u2014 ampl\u00eda ahora su alcance e incorpora a los alojamientos ofertados en la plataforma\u00a0<strong>Airbnb<\/strong>. De acuerdo con el Municipio,\u00a0<strong>en Guayaquil existen alrededor de 1 500 propiedades disponibles bajo esta modalidad<\/strong>.<\/p>\n<p>&nbsp;<\/p>\n<p><strong>Con la m\u00e1s reciente actualizaci\u00f3n, las tarifas quedan establecidas de la siguiente manera:<\/strong><\/p>\n<ul>\n<li>USD 2,50 para hoteles de cinco estrellas;<\/li>\n<li>USD 1,50 para hoteles de cuatro estrellas;<\/li>\n<li>USD 1,00 para hoteles de tres estrellas; y<\/li>\n<li>USD 1,00 para alojamientos en Airbnb.<\/li>\n<\/ul>\n<p>Hasta antes de esta reforma,\u00a0<strong>el cobro se limitaba exclusivamente a hoteles de tres, cuatro y cinco estrellas<\/strong>.<\/p>\n<p>En entrevista con Ecuavisa, Panus subraya que la tasa se cobra por habitaci\u00f3n, no por persona, y debe estar claramente detallada en la factura.<\/p>\n<p><strong>Ferias y turismo MICE<\/strong><\/p>\n<p>A pesar de la\u00a0<strong>ola de violencia<\/strong>\u00a0que golpea a la ciudad y de la inestabilidad pol\u00edtica en el Municipio tras la detenci\u00f3n del alcalde\u00a0<strong>Aquiles \u00c1lvarez<\/strong>, la directora de Turismo mantiene una valoraci\u00f3n positiva sobre el desempe\u00f1o del sector.<\/p>\n<p>El Observatorio de Turismo de la Escuela Superior Polit\u00e9cnica del Litoral (<strong>Espol<\/strong>) reporta que, durante el primer trimestre del a\u00f1o, la actividad tur\u00edstica gener\u00f3 m\u00e1s de USD 137 millones.<\/p>\n<p>La meta oficial es alcanzar los mil millones de d\u00f3lares en gasto tur\u00edstico hasta finales de este a\u00f1o, frente a los USD 650 millones registrados en todo 2025.<\/p>\n<p>Uno de los pilares de este crecimiento es el turismo MICE (meetings, incentives, conferences y exhibitions).<\/p>\n<p>Este segmento agrupa a viajeros que llegan por motivos laborales, acad\u00e9micos o comerciales, y no por ocio.<\/p>\n<p>Seg\u00fan Panus,\u00a0<strong>este tipo de visitante es clave para la econom\u00eda local<\/strong>, ya que genera un mayor gasto promedio y dinamiza sectores como la hoteler\u00eda, el transporte y la gastronom\u00eda. Adem\u00e1s, permite aprovechar la infraestructura urbana existente, como el aeropuerto, los centros de convenciones y la oferta hotelera.<\/p>\n<p>Con ese diagn\u00f3stico coincide\u00a0<strong>Hugo Rivera<\/strong>, quien es presidente de la Asociaci\u00f3n de Hoteleros del Guayas, un gremio que agrupa a 14 hoteles de cuatro y cinco estrellas en\u00a0<strong>Guayaquil\u00a0<\/strong>y\u00a0<strong>Samborond\u00f3n<\/strong>.<\/p>\n<p>El l\u00edder gremial destaca que Guayaquil ha mantenido una presencia activa en congresos y convenciones.<\/p>\n<p>Por ello, el gremio ve con buenos ojos que los recursos de la tasa de pernoctaci\u00f3n se destinen a la promoci\u00f3n tur\u00edstica, aunque reconoce que no recibe reportes pormenorizados y peri\u00f3dicos sobre el uso de estos fondos. Aun as\u00ed, se\u00f1ala que existen espacios de di\u00e1logo con el Municipio donde se socializan avances y objetivos.<\/p>\n<p>Rivera insiste en que la principal preocupaci\u00f3n del sector sigue siendo la inseguridad. No obstante, subraya que, pese al contexto, la ciudad mantiene su atractivo por factores como la cercan\u00eda entre el aeropuerto, los hoteles, centros comerciales y restaurantes.<strong> (I)<\/strong><\/p>\n<p>&nbsp;<\/p>\n<p><strong>Fuente:<\/strong> evafm.net &#8211; ecuavisa.com<\/p>\n<p>&nbsp;<\/p>\n<p>&nbsp;<\/p>\n<div class=\"gsp_post_data\" \r\n\t            data-post_type=\"post\" \r\n\t            data-cat=\"general,noticias-ecuador\" \r\n\t            data-modified=\"120\"\r\n\t            data-created=\"1777290740\"\r\n\t            data-title=\"Guayaquil recauda m\u00e1s de un mill\u00f3n de d\u00f3lares por tasa de pernoctaci\u00f3n y lo destina a promoci\u00f3n tur\u00edstica\" \r\n\t            data-home=\"https:\/\/www.evafm.net\/sitio\"><\/div>","protected":false},"excerpt":{"rendered":"<p>El\u00a0Municipio de Guayaquil\u00a0recauda m\u00e1s de un mill\u00f3n de d\u00f3lares al a\u00f1o por la\u00a0tasa de pernoctaci\u00f3n, un ingreso que \u2014seg\u00fan la directora de Turismo y Eventos Especiales,\u00a0Tahiz Panus\u2014 se reinvierte en ferias y otras iniciativas para posicionar a la ciudad como destino tur\u00edstico. La tasa de pernoctaci\u00f3n se incrementar\u00e1 este 2026, tras la reforma aprobada por&#8230;<\/p>\n","protected":false},"author":5,"featured_media":101281,"comment_status":"closed","ping_status":"open","sticky":false,"template":"","format":"standard","meta":{"_joinchat":[],"footnotes":""},"categories":[1720,1558],"tags":[],"class_list":["post-101280","post","type-post","status-publish","format-standard","has-post-thumbnail","hentry","category-general","category-noticias-ecuador","have-post-thumb"],"_links":{"self":[{"href":"https:\/\/www.evafm.net\/sitio\/wp-json\/wp\/v2\/posts\/101280","targetHints":{"allow":["GET"]}}],"collection":[{"href":"https:\/\/www.evafm.net\/sitio\/wp-json\/wp\/v2\/posts"}],"about":[{"href":"https:\/\/www.evafm.net\/sitio\/wp-json\/wp\/v2\/types\/post"}],"author":[{"embeddable":true,"href":"https:\/\/www.evafm.net\/sitio\/wp-json\/wp\/v2\/users\/5"}],"replies":[{"embeddable":true,"href":"https:\/\/www.evafm.net\/sitio\/wp-json\/wp\/v2\/comments?post=101280"}],"version-history":[{"count":1,"href":"https:\/\/www.evafm.net\/sitio\/wp-json\/wp\/v2\/posts\/101280\/revisions"}],"predecessor-version":[{"id":101282,"href":"https:\/\/www.evafm.net\/sitio\/wp-json\/wp\/v2\/posts\/101280\/revisions\/101282"}],"wp:featuredmedia":[{"embeddable":true,"href":"https:\/\/www.evafm.net\/sitio\/wp-json\/wp\/v2\/media\/101281"}],"wp:attachment":[{"href":"https:\/\/www.evafm.net\/sitio\/wp-json\/wp\/v2\/media?parent=101280"}],"wp:term":[{"taxonomy":"category","embeddable":true,"href":"https:\/\/www.evafm.net\/sitio\/wp-json\/wp\/v2\/categories?post=101280"},{"taxonomy":"post_tag","embeddable":true,"href":"https:\/\/www.evafm.net\/sitio\/wp-json\/wp\/v2\/tags?post=101280"}],"curies":[{"name":"wp","href":"https:\/\/api.w.org\/{rel}","templated":true}]}}