{"id":101284,"date":"2026-04-27T12:09:16","date_gmt":"2026-04-27T17:09:16","guid":{"rendered":"https:\/\/www.evafm.net\/sitio\/?p=101284"},"modified":"2026-04-27T12:09:16","modified_gmt":"2026-04-27T17:09:16","slug":"apoyo-de-rusia-a-iran","status":"publish","type":"post","link":"https:\/\/www.evafm.net\/sitio\/apoyo-de-rusia-a-iran\/","title":{"rendered":"Apoyo de Rusia a Ir\u00e1n"},"content":{"rendered":"<p>El presidente de\u00a0<b>Rusia<\/b>,\u00a0<b>Vladimir Putin<\/b>, elogi\u00f3 la \u00ab<b>valent\u00eda y hero\u00edsmo<\/b>\u00bb de\u00a0<b>Ir\u00e1n<\/b>\u00a0y afirm\u00f3 haber recibido un\u00a0<b>mensaje del l\u00edder supremo Mojtaba Khamenei<\/b>\u00a0durante una reuni\u00f3n en\u00a0<b>San Petersburgo<\/b><\/p>\n<p>con el ministro de Relaciones Exteriores iran\u00ed,\u00a0<b>Abbas Araqchi<\/b>, seg\u00fan medios estatales rusos.<\/p>\n<p>Araqchi declar\u00f3 que la\u00a0<b>Rep\u00fablica Isl\u00e1mica de Ir\u00e1n<\/b>\u00a0es \u00ab<b>estable, s\u00f3lida y poderosa<\/b>\u00bb y sostuvo que, tras el conflicto con\u00a0<b>Estados Unidos<\/b>\u00a0e\u00a0<b>Israel<\/b>, \u00ab<b>el mundo ha comprendido el verdadero poder de Ir\u00e1n<\/b>\u201c.<\/p>\n<p>El ministro destac\u00f3 que\u00a0<b>Rusia ha apoyado a Ir\u00e1n<\/b>\u00a0y que ambos pa\u00edses mantendr\u00e1n su \u00ab<b>asociaci\u00f3n estrat\u00e9gica<\/b>\u201c.<\/p>\n<p>&nbsp;<\/p>\n<p><b>Tres semanas despu\u00e9s del alto el fuego<\/b>\u00a0alcanzado tras\u00a0<b>40 d\u00edas de combates<\/b>\u00a0entre Estados Unidos, Israel e Ir\u00e1n, Rusia contin\u00faa como uno de los principales apoyos de la rep\u00fablica isl\u00e1mica.<\/p>\n<p>El portavoz del Kremlin,\u00a0<b>Dmitri Peskov<\/b>, declar\u00f3 que \u00ab<b>la importancia de esta conversaci\u00f3n es dif\u00edcil de sobrestimar, en vista de la evoluci\u00f3n de la situaci\u00f3n en torno a Ir\u00e1n y Oriente Medio<\/b>\u201c.<\/p>\n<p>Putin manifest\u00f3 que\u00a0<b>Mosc\u00fa har\u00e1 \u201ctodo\u201d lo que est\u00e9 en su mano para alcanzar la paz en Oriente Medio<\/b>, seg\u00fan medios estatales rusos.<\/p>\n<p>&nbsp;<\/p>\n<p>Hasta el momento, los\u00a0<b>intentos de impulsar las conversaciones<\/b>\u00a0para mantener el alto el fuego y reabrir el\u00a0<b>estrecho de Ormuz<\/b>\u00a0no han tenido \u00e9xito.<\/p>\n<p>Araqchi se\u00f1al\u00f3 que \u00ab<b>el enfoque de Estados Unidos hizo que la anterior ronda de negociaciones, pese a los avances, no lograra alcanzar sus objetivos<\/b>\u00bb y calific\u00f3 de \u00ab<b>excesivas<\/b>\u00bb las exigencias de la delegaci\u00f3n estadounidense. A principios de abril,\u00a0<b>Pakist\u00e1n<\/b>\u00a0actu\u00f3 como mediador y acogi\u00f3 una\u00a0<b>primera ronda de encuentros<\/b>.<\/p>\n<p>&nbsp;<\/p>\n<p>Durante la reuni\u00f3n en\u00a0<b>San Petersburgo<\/b>,\u00a0<b>Putin<\/b>\u00a0subray\u00f3 la disposici\u00f3n de\u00a0<b>Rusia<\/b>\u00a0a hacer \u201c<b>todo lo posible<\/b>\u201d para lograr la\u00a0<b>paz en la regi\u00f3n<\/b>\u00a0lo antes posible.<\/p>\n<p>Dijo que\u00a0<b>Mosc\u00fa<\/b>\u00a0considera prioritario estabilizar\u00a0<b>Oriente Medio<\/b>\u00a0y reiter\u00f3 la voluntad rusa de colaborar con todas las partes involucradas en el conflicto.<\/p>\n<p>El mandatario ruso traslad\u00f3 a\u00a0<b>Araqchi<\/b>\u00a0el mensaje recibido del l\u00edder supremo iran\u00ed y reiter\u00f3 su valoraci\u00f3n sobre la actitud mantenida por\u00a0<b>Ir\u00e1n<\/b>\u00a0durante los recientes enfrentamientos.<\/p>\n<p>&nbsp;<\/p>\n<p><b>Araqchi<\/b>, por su parte, insisti\u00f3 en que la\u00a0<b>Rep\u00fablica Isl\u00e1mica<\/b>\u00a0ha demostrado solidez y estabilidad frente a los retos planteados durante los combates con\u00a0<b>Estados Unidos<\/b>\u00a0e\u00a0<b>Israel<\/b>.<\/p>\n<p>El ministro asegur\u00f3 que la actuaci\u00f3n iran\u00ed ha servido para que la comunidad internacional perciba la capacidad del pa\u00eds.<\/p>\n<p>En la misma l\u00ednea, agradeci\u00f3 el respaldo sostenido de\u00a0<b>Rusia<\/b>\u00a0y recalc\u00f3 que las relaciones bilaterales representan una\u00a0<b>asociaci\u00f3n estrat\u00e9gica<\/b>\u00a0que se fortalecer\u00e1 en el futuro.<\/p>\n<p>&nbsp;<\/p>\n<p>El portavoz del Kremlin,\u00a0<b>Dmitri Peskov<\/b>, consider\u00f3 que el di\u00e1logo entre\u00a0<b>Putin<\/b>\u00a0y\u00a0<b>Araqchi<\/b>\u00a0tiene especial relevancia dada la coyuntura actual en\u00a0<b>Oriente Medio<\/b>.<\/p>\n<p>Seg\u00fan medios estatales rusos, la conversaci\u00f3n se centr\u00f3 en los\u00a0<b>esfuerzos conjuntos<\/b>\u00a0para avanzar hacia la paz y en la coordinaci\u00f3n de posiciones respecto a la seguridad en la regi\u00f3n.<\/p>\n<p>&nbsp;<\/p>\n<p>La persistencia de tensiones en torno al\u00a0<b>estrecho de Ormuz<\/b>\u00a0y las dificultades para consolidar el alto el fuego mantienen la incertidumbre sobre la evoluci\u00f3n del conflicto.<\/p>\n<p>Autoridades rusas reiteraron su disposici\u00f3n a participar activamente en iniciativas diplom\u00e1ticas, mientras que fuentes iran\u00edes se\u00f1alaron que las demandas estadounidenses han complicado<\/p>\n<p>la posibilidad de alcanzar acuerdos definitivos.<\/p>\n<p>&nbsp;<\/p>\n<p>El canciller iran\u00ed manifest\u00f3 que, pese a los intentos de mediaci\u00f3n internacional, las negociaciones no han logrado producir resultados concretos. Indic\u00f3 que\u00a0<b>Ir\u00e1n<\/b>\u00a0mantiene una postura firme y que<\/p>\n<p>no aceptar\u00e1 condiciones que considere desproporcionadas.<\/p>\n<p>Los encuentros de principios de abril en\u00a0<b>Pakist\u00e1n<\/b>, seg\u00fan fuentes oficiales, no permitieron avances sustanciales debido a las diferencias entre las partes.<\/p>\n<p><b>Putin<\/b>\u00a0reiter\u00f3 que\u00a0<b>Rusia<\/b>\u00a0mantendr\u00e1 su apoyo a\u00a0<b>Ir\u00e1n<\/b>\u00a0en el marco de la cooperaci\u00f3n bilateral y afirm\u00f3 que\u00a0<b>Mosc\u00fa<\/b>\u00a0continuar\u00e1 promoviendo iniciativas de di\u00e1logo regional.<\/p>\n<p><b>Araqchi<\/b>\u00a0concluy\u00f3 que la alianza estrat\u00e9gica entre\u00a0<b>Mosc\u00fa<\/b>\u00a0y\u00a0<b>Teher\u00e1n<\/b>\u00a0se consolidar\u00e1 y que ambos pa\u00edses compartir\u00e1n esfuerzos para enfrentar los desaf\u00edos que presenta la situaci\u00f3n en\u00a0<b>Oriente Medio<\/b>. (I)<\/p>\n<p><img fetchpriority=\"high\" decoding=\"async\" class=\"global-image\" src=\"https:\/\/www.infobae.com\/resizer\/v2\/XI3H7AANKJDPZHHAU2HA6JCOJQ.JPG?auth=6287ccb6e2a1d9d92308fee350321ef996d14df4f2996d8725f357bdd3662b95&amp;smart=true&amp;width=350&amp;height=233&amp;quality=85\" alt=\"El ministro de Relaciones Exteriores iran\u00ed, Abbas Araqchi, asisti\u00f3 a una reuni\u00f3n con el presidente ruso, Vladimir Putin, en la Biblioteca Presidencial Boris Yeltsin de San Petersburgo. (Dmitri Lovetsky\/REUTERS)\" width=\"717\" height=\"477\" \/><\/p>\n<p>El ministro de Relaciones Exteriores iran\u00ed, Abbas Araqchi, asisti\u00f3 a una reuni\u00f3n con el presidente<\/p>\n<p>ruso, Vladimir Putin, en la Biblioteca Presidencial Boris Yeltsin de San Petersburgo.<\/p>\n<p>(Dmitri Lovetsky\/REUTERS)<\/p>\n<p>&nbsp;<\/p>\n<p><img decoding=\"async\" class=\"global-image\" src=\"https:\/\/www.infobae.com\/resizer\/v2\/VLFVZGCNBZHE3NPUE524GMOCJE.JPG?auth=c4ed05689669e8e74882a2dfe5f61c82e843ee5073083eb14a95f0a487de35c8&amp;smart=true&amp;width=350&amp;height=233&amp;quality=85\" alt=\"Putin asegur\u00f3 que Mosc\u00fa har\u00e1 todo lo posible para promover la paz en Oriente Medio, priorizando la estabilidad regional. (Dmitri Lovetsky\/REUTERS)\" width=\"711\" height=\"473\" \/><\/p>\n<p>Putin asegur\u00f3 que Mosc\u00fa har\u00e1 todo lo posible para promover la paz en Oriente Medio, priorizando<\/p>\n<p>la estabilidad regional. (Dmitri Lovetsky\/REUTERS)<\/p>\n<div class=\"gsp_post_data\" \r\n\t            data-post_type=\"post\" \r\n\t            data-cat=\"general,noticias-internacionales\" \r\n\t            data-modified=\"120\"\r\n\t            data-created=\"1777291756\"\r\n\t            data-title=\"Apoyo de Rusia a Ir\u00e1n\" \r\n\t            data-home=\"https:\/\/www.evafm.net\/sitio\"><\/div>","protected":false},"excerpt":{"rendered":"<p>El presidente de\u00a0Rusia,\u00a0Vladimir Putin, elogi\u00f3 la \u00abvalent\u00eda y hero\u00edsmo\u00bb de\u00a0Ir\u00e1n\u00a0y afirm\u00f3 haber recibido un\u00a0mensaje del l\u00edder supremo Mojtaba Khamenei\u00a0durante una reuni\u00f3n en\u00a0San Petersburgo con el ministro de Relaciones Exteriores iran\u00ed,\u00a0Abbas Araqchi, seg\u00fan medios estatales rusos. Araqchi declar\u00f3 que la\u00a0Rep\u00fablica Isl\u00e1mica de Ir\u00e1n\u00a0es \u00abestable, s\u00f3lida y poderosa\u00bb y sostuvo que, tras el conflicto con\u00a0Estados Unidos\u00a0e\u00a0Israel, \u00abel&#8230;<\/p>\n","protected":false},"author":5,"featured_media":101285,"comment_status":"closed","ping_status":"open","sticky":false,"template":"","format":"standard","meta":{"_joinchat":[],"footnotes":""},"categories":[1720,1345],"tags":[],"class_list":["post-101284","post","type-post","status-publish","format-standard","has-post-thumbnail","hentry","category-general","category-noticias-internacionales","have-post-thumb"],"_links":{"self":[{"href":"https:\/\/www.evafm.net\/sitio\/wp-json\/wp\/v2\/posts\/101284","targetHints":{"allow":["GET"]}}],"collection":[{"href":"https:\/\/www.evafm.net\/sitio\/wp-json\/wp\/v2\/posts"}],"about":[{"href":"https:\/\/www.evafm.net\/sitio\/wp-json\/wp\/v2\/types\/post"}],"author":[{"embeddable":true,"href":"https:\/\/www.evafm.net\/sitio\/wp-json\/wp\/v2\/users\/5"}],"replies":[{"embeddable":true,"href":"https:\/\/www.evafm.net\/sitio\/wp-json\/wp\/v2\/comments?post=101284"}],"version-history":[{"count":1,"href":"https:\/\/www.evafm.net\/sitio\/wp-json\/wp\/v2\/posts\/101284\/revisions"}],"predecessor-version":[{"id":101286,"href":"https:\/\/www.evafm.net\/sitio\/wp-json\/wp\/v2\/posts\/101284\/revisions\/101286"}],"wp:featuredmedia":[{"embeddable":true,"href":"https:\/\/www.evafm.net\/sitio\/wp-json\/wp\/v2\/media\/101285"}],"wp:attachment":[{"href":"https:\/\/www.evafm.net\/sitio\/wp-json\/wp\/v2\/media?parent=101284"}],"wp:term":[{"taxonomy":"category","embeddable":true,"href":"https:\/\/www.evafm.net\/sitio\/wp-json\/wp\/v2\/categories?post=101284"},{"taxonomy":"post_tag","embeddable":true,"href":"https:\/\/www.evafm.net\/sitio\/wp-json\/wp\/v2\/tags?post=101284"}],"curies":[{"name":"wp","href":"https:\/\/api.w.org\/{rel}","templated":true}]}}