{"id":101290,"date":"2026-04-27T12:27:34","date_gmt":"2026-04-27T17:27:34","guid":{"rendered":"https:\/\/www.evafm.net\/sitio\/?p=101290"},"modified":"2026-04-27T12:27:34","modified_gmt":"2026-04-27T17:27:34","slug":"lanus-vs-liga-de-quito-por-la-conmebol-libertadores","status":"publish","type":"post","link":"https:\/\/www.evafm.net\/sitio\/lanus-vs-liga-de-quito-por-la-conmebol-libertadores\/","title":{"rendered":"Lan\u00fas vs. Liga de Quito por la Conmebol Libertadores"},"content":{"rendered":"<p><strong><a href=\"https:\/\/www.ecuavisa.com\/metadatos\/-\/meta\/liga-de-quito\" target=\"_blank\" rel=\"noopener\">Liga de Quito<\/a>\u00a0<\/strong>no vive su mejor momento de la temporada en la LigaPro, tras caer 1-0 ante Emelec en el campeonato nacional, pero debe\u00a0<strong>viajar a Argentina para enfrentar a Lan\u00fas por la\u00a0<\/strong><a href=\"https:\/\/www.ecuavisa.com\/metadatos\/-\/meta\/copa-libertadores\" target=\"_blank\" rel=\"noopener\"><strong>Copa Libertadores<\/strong><\/a><strong>.<\/strong><\/p>\n<p>Los albos viven dos realidades diferentes en esta temporada, pues el\u00a0<a href=\"https:\/\/www.ecuavisa.com\/liveblogs\/envivo-emelec-vs-liga-de-quito-resultado-fecha11-ligapro-lb202604250004.html\" target=\"_blank\" rel=\"noopener\">cuadro quite\u00f1o tiene un irregular rendimiento<\/a>\u00a0en el campeonato nacional, pero un\u00a0<strong>camino perfecto en el torneo Conmebol.<\/strong><\/p>\n<p>Hasta ahora,\u00a0<strong>Liga de Quito acumula dos triunfos consecutivos<\/strong>\u00a0en la fase de grupos, tras\u00a0<a href=\"https:\/\/www.ecuavisa.com\/liveblogs\/club-always-ready-vs.-liga-de-quito-por-la-copa-libertadores-lb202604070004.html\" target=\"_blank\" rel=\"noopener\">imponerse<strong> 0-1 ante Always Ready<\/strong><\/a><strong>\u00a0y 2-0 frente Mirassol.<\/strong><\/p>\n<p><strong>Fecha, hora y d\u00f3nde ver Lan\u00fas vs. Liga de Quito.<\/strong><\/p>\n<p>El enfrentamiento entre Lan\u00fas y Liga de Quito se disputar\u00e1 este\u00a0<strong><mark>martes 28 de abril, a las 17:00 (hora de Ecuador), por la transmisi\u00f3n de Disney+ Premium<\/mark>\u00a0y ESPN 2.<\/strong><\/p>\n<p>Antes del viaje a Argentina, el presidente de los albos, Isaac\u00a0<strong>\u00c1lvarez,\u00a0<\/strong><a href=\"https:\/\/www.ecuavisa.com\/futbol-nacional\/liga-de-quito-garantizo-continuidad-tiago-nunes-entrenador-20260426-0029.html\" target=\"_blank\" rel=\"noopener\"><strong>garantiz\u00f3 la continuidad de Tiago Nunes<\/strong><\/a>\u00a0como entrenador, a pesar de las cr\u00edticas de los hinchas albos.<\/p>\n<p>&nbsp;<\/p>\n<p>En la tabla de posiciones del grupo,<strong>\u00a0Liga de Quito es el l\u00edder con seis puntos<\/strong>; en cambio, el cuadro argentino es segundo con tres unidades, empatado con Mirassol, pero con mayor gol de diferencia.<\/p>\n<p>Por su lado, Lan\u00fas, \u00faltimo campe\u00f3n de la Copa Sudamericana y de la Recopa, suma<strong>\u00a0tres puntos tras la ca\u00edda en el debut por la m\u00ednima ante Mirassol<\/strong>\u00a0y la victoria 1-0 ante Always Ready.<\/p>\n<p>En el Torneo Apertura de la Liga Profesional de Argentina, el conjunto del entrenador Mauricio Pellegrino sigue buscando alcanzar al menos la cuarta posici\u00f3n que lo clasifique a los cuartos de final,<\/p>\n<p><strong>ya que en el grupo A suma 23 puntos tras 15 partidos jugados. (D)<\/strong><\/p>\n<p><strong>Fuente:<\/strong> evafm.net &#8211; ecuavisa.com<\/p>\n<p>&nbsp;<\/p>\n<p>&nbsp;<\/p>\n<p>&nbsp;<\/p>\n<p>&nbsp;<\/p>\n<p>&nbsp;<\/p>\n<div class=\"gsp_post_data\" \r\n\t            data-post_type=\"post\" \r\n\t            data-cat=\"deportes-internacionales,general\" \r\n\t            data-modified=\"120\"\r\n\t            data-created=\"1777292854\"\r\n\t            data-title=\"Lan\u00fas vs. Liga de Quito por la Conmebol Libertadores\" \r\n\t            data-home=\"https:\/\/www.evafm.net\/sitio\"><\/div>","protected":false},"excerpt":{"rendered":"<p>Liga de Quito\u00a0no vive su mejor momento de la temporada en la LigaPro, tras caer 1-0 ante Emelec en el campeonato nacional, pero debe\u00a0viajar a Argentina para enfrentar a Lan\u00fas por la\u00a0Copa Libertadores. Los albos viven dos realidades diferentes en esta temporada, pues el\u00a0cuadro quite\u00f1o tiene un irregular rendimiento\u00a0en el campeonato nacional, pero un\u00a0camino perfecto&#8230;<\/p>\n","protected":false},"author":5,"featured_media":101291,"comment_status":"closed","ping_status":"open","sticky":false,"template":"","format":"standard","meta":{"_joinchat":[],"footnotes":""},"categories":[1342,1720],"tags":[],"class_list":["post-101290","post","type-post","status-publish","format-standard","has-post-thumbnail","hentry","category-deportes-internacionales","category-general","have-post-thumb"],"_links":{"self":[{"href":"https:\/\/www.evafm.net\/sitio\/wp-json\/wp\/v2\/posts\/101290","targetHints":{"allow":["GET"]}}],"collection":[{"href":"https:\/\/www.evafm.net\/sitio\/wp-json\/wp\/v2\/posts"}],"about":[{"href":"https:\/\/www.evafm.net\/sitio\/wp-json\/wp\/v2\/types\/post"}],"author":[{"embeddable":true,"href":"https:\/\/www.evafm.net\/sitio\/wp-json\/wp\/v2\/users\/5"}],"replies":[{"embeddable":true,"href":"https:\/\/www.evafm.net\/sitio\/wp-json\/wp\/v2\/comments?post=101290"}],"version-history":[{"count":1,"href":"https:\/\/www.evafm.net\/sitio\/wp-json\/wp\/v2\/posts\/101290\/revisions"}],"predecessor-version":[{"id":101292,"href":"https:\/\/www.evafm.net\/sitio\/wp-json\/wp\/v2\/posts\/101290\/revisions\/101292"}],"wp:featuredmedia":[{"embeddable":true,"href":"https:\/\/www.evafm.net\/sitio\/wp-json\/wp\/v2\/media\/101291"}],"wp:attachment":[{"href":"https:\/\/www.evafm.net\/sitio\/wp-json\/wp\/v2\/media?parent=101290"}],"wp:term":[{"taxonomy":"category","embeddable":true,"href":"https:\/\/www.evafm.net\/sitio\/wp-json\/wp\/v2\/categories?post=101290"},{"taxonomy":"post_tag","embeddable":true,"href":"https:\/\/www.evafm.net\/sitio\/wp-json\/wp\/v2\/tags?post=101290"}],"curies":[{"name":"wp","href":"https:\/\/api.w.org\/{rel}","templated":true}]}}