{"id":101293,"date":"2026-04-27T12:42:32","date_gmt":"2026-04-27T17:42:32","guid":{"rendered":"https:\/\/www.evafm.net\/sitio\/?p=101293"},"modified":"2026-04-27T12:42:32","modified_gmt":"2026-04-27T17:42:32","slug":"libertad-vs-independiente-del-valle-por-la-conmebol-libertadores","status":"publish","type":"post","link":"https:\/\/www.evafm.net\/sitio\/libertad-vs-independiente-del-valle-por-la-conmebol-libertadores\/","title":{"rendered":"Libertad vs Independiente del Valle por la Conmebol Libertadores"},"content":{"rendered":"<p><strong>Independiente del Valle<\/strong>\u00a0va por la irradiaci\u00f3n de realidades en la Copa Libertadores.<\/p>\n<p><strong>Este martes 28 de abril de 2026,<\/strong> se vivir\u00e1 un vibrante encuentro por la tercera fecha de la fase de grupos contra\u00a0<strong>Libertad\u00a0<\/strong>en el Estadio<strong> Tigo La Huerta.<\/strong><\/p>\n<p><strong>As\u00ed llega Libertad al partido vs. Independiente del Valle.<\/strong><\/p>\n<p><strong>El local, Libertad, dirigido por Juan Samudio<\/strong>, se encuentra \u00faltimo en el <strong>Grupo H,<\/strong> con solo un gol a favor y cuatro en contra en dos partidos disputados.<\/p>\n<p>En el marco dom\u00e9stico, la victoria 3-2 sobre Olimpia sirvi\u00f3 an\u00edmicamente para romper una racha adversa de cinco cotejos seguidos sin alegr\u00edas.<\/p>\n<p><strong>\u00daltimos partidos de Libertad.<\/strong><\/p>\n<ul>\n<li>Libertad 3 &#8211; 2 Olimpia, s\u00e1bado 25 de abril de 2026, Apertura, Division Profesional<\/li>\n<li>Rubio \u00d1\u00fa 3 &#8211; 0 Libertad, martes 21 de abril de 2026, Apertura, Division Profesional<\/li>\n<li>Libertad 0 &#8211; 1 Rosario Central, mi\u00e9rcoles 15 de abril de 2026, Fase de grupos, Libertadores<\/li>\n<li>Libertad 1 &#8211; 1 Sportivo Trinidense, domingo 12 de abril de 2026, Apertura, Division Profesional<\/li>\n<li>UCV 3 &#8211; 1 Libertad, jueves 9 de abril de 2026, Fase de grupos, Libertadores<\/li>\n<li>Club Guaran\u00ed 1 &#8211; 0 Libertad, domingo 5 de abril de 2026, Apertura, Division Profesional<\/li>\n<\/ul>\n<p><strong>Como llega Independientre del Valle.<\/strong><\/p>\n<p>Por su parte, Independiente del Valle, bajo el mando de Joaqu\u00edn Papa, lidera el<strong> Grupo H<\/strong> con tres goles a favor y uno en contra.<\/p>\n<p>En LigaPro llega entonado con una victoria 2-1 ante Leones y siendo l\u00edder del campeonato.<\/p>\n<p><strong>\u00daltimos partidos de Independiente del Valle:<\/strong><\/p>\n<ul>\n<li>Independiente del Valle 2 &#8211; 1 Leones, s\u00e1bado 25 de abril de 2026, Temporada Regular, LigaPro<\/li>\n<li>Delf\u00edn 0 &#8211; 1 Independiente del Valle, mi\u00e9rcoles 22 de abril de 2026, Temporada Regular, LigaPro<\/li>\n<li>Independiente del Valle 0 &#8211; 2 LDU Quito, domingo 19 de abril de 2026, Temporada Regular, LigaPro<\/li>\n<li>Independiente del Valle 3 &#8211; 1 UCV, mi\u00e9rcoles 15 de abril de 2026, Fase de grupos, Libertadores<\/li>\n<li>Deportivo Cuenca 2 &#8211; 3 Independiente del Valle, domingo 12 de abril de 2026, Temporada Regular, LigaPro<\/li>\n<li>Rosario Central 0 &#8211; 0 Independiente del Valle, jueves 9 de abril de 2026, Fase de grupos, Libertadores<\/li>\n<\/ul>\n<p>&nbsp;<\/p>\n<p><strong>No hay antecedentes en el historial entre Libertad e Independiente del Valle y dicho compromiso en Paraguay ser\u00e1 el primero entre estos equipos.<\/strong><\/p>\n<p><strong>\u00bfA qu\u00e9 hora juegan Libertad vs. Independiente del Valle?<\/strong><\/p>\n<p>El partido se disputar\u00e1 el<strong> martes 28 de abril de 2026 a las 17:00 &#8211; ECU &#8211; en el Estadio Tigo La Huerta, Asunci\u00f3n, Paraguay. (D)<\/strong><\/p>\n<p><strong>Arbitraje de Libertad vs Independiente del Valle.<\/strong><\/p>\n<ul>\n<li>\u00c1rbitro principal: Carlos Betancur (Colombia)<\/li>\n<li>Asistente 1: Alexander Guzm\u00e1n (Colombia)<\/li>\n<li>Asistente 2: Cristian Aguirre (Colombia)<\/li>\n<li>VAR: Nicol\u00e1s Gallo (Colombia)<\/li>\n<li>AVAR: Mary Blanco (Colombia)<\/li>\n<\/ul>\n<p><strong>Fuente:<\/strong> evafm.net &#8211; ole,com.ar<\/p>\n<div id=\"element-body-7\" class=\"sc-136cd478-0 ekTCfV\">\n<h2><\/h2>\n<p>&nbsp;<\/p>\n<\/div>\n<div class=\"gsp_post_data\" \r\n\t            data-post_type=\"post\" \r\n\t            data-cat=\"deportes-internacionales\" \r\n\t            data-modified=\"120\"\r\n\t            data-created=\"1777293752\"\r\n\t            data-title=\"Libertad vs Independiente del Valle por la Conmebol Libertadores\" \r\n\t            data-home=\"https:\/\/www.evafm.net\/sitio\"><\/div>","protected":false},"excerpt":{"rendered":"<p>Independiente del Valle\u00a0va por la irradiaci\u00f3n de realidades en la Copa Libertadores. Este martes 28 de abril de 2026, se vivir\u00e1 un vibrante encuentro por la tercera fecha de la fase de grupos contra\u00a0Libertad\u00a0en el Estadio Tigo La Huerta. As\u00ed llega Libertad al partido vs. Independiente del Valle. El local, Libertad, dirigido por Juan Samudio,&#8230;<\/p>\n","protected":false},"author":5,"featured_media":101294,"comment_status":"closed","ping_status":"open","sticky":false,"template":"","format":"standard","meta":{"_joinchat":[],"footnotes":""},"categories":[1342],"tags":[],"class_list":["post-101293","post","type-post","status-publish","format-standard","has-post-thumbnail","hentry","category-deportes-internacionales","have-post-thumb"],"_links":{"self":[{"href":"https:\/\/www.evafm.net\/sitio\/wp-json\/wp\/v2\/posts\/101293","targetHints":{"allow":["GET"]}}],"collection":[{"href":"https:\/\/www.evafm.net\/sitio\/wp-json\/wp\/v2\/posts"}],"about":[{"href":"https:\/\/www.evafm.net\/sitio\/wp-json\/wp\/v2\/types\/post"}],"author":[{"embeddable":true,"href":"https:\/\/www.evafm.net\/sitio\/wp-json\/wp\/v2\/users\/5"}],"replies":[{"embeddable":true,"href":"https:\/\/www.evafm.net\/sitio\/wp-json\/wp\/v2\/comments?post=101293"}],"version-history":[{"count":1,"href":"https:\/\/www.evafm.net\/sitio\/wp-json\/wp\/v2\/posts\/101293\/revisions"}],"predecessor-version":[{"id":101295,"href":"https:\/\/www.evafm.net\/sitio\/wp-json\/wp\/v2\/posts\/101293\/revisions\/101295"}],"wp:featuredmedia":[{"embeddable":true,"href":"https:\/\/www.evafm.net\/sitio\/wp-json\/wp\/v2\/media\/101294"}],"wp:attachment":[{"href":"https:\/\/www.evafm.net\/sitio\/wp-json\/wp\/v2\/media?parent=101293"}],"wp:term":[{"taxonomy":"category","embeddable":true,"href":"https:\/\/www.evafm.net\/sitio\/wp-json\/wp\/v2\/categories?post=101293"},{"taxonomy":"post_tag","embeddable":true,"href":"https:\/\/www.evafm.net\/sitio\/wp-json\/wp\/v2\/tags?post=101293"}],"curies":[{"name":"wp","href":"https:\/\/api.w.org\/{rel}","templated":true}]}}