{"id":101296,"date":"2026-04-27T12:58:28","date_gmt":"2026-04-27T17:58:28","guid":{"rendered":"https:\/\/www.evafm.net\/sitio\/?p=101296"},"modified":"2026-04-27T12:58:28","modified_gmt":"2026-04-27T17:58:28","slug":"recoleta-vs-deportivo-cuenca-por-conmebol-sudamericana","status":"publish","type":"post","link":"https:\/\/www.evafm.net\/sitio\/recoleta-vs-deportivo-cuenca-por-conmebol-sudamericana\/","title":{"rendered":"Recoleta vs Deportivo Cuenca por Conmebol Sudamericana"},"content":{"rendered":"<p><strong>Recoleta recibe a\u00a0<a title=\"Deportivo Cuenca\" href=\"https:\/\/www.ole.com.ar\/ecuador\/cuenca\" target=\"_blank\" rel=\"noopener\">Deportivo Cuenca<\/a><\/strong>, en el partido correspondiente a la fecha 3 de la fase de grupos de la\u00a0<a title=\"Copa Sudamericana\" href=\"https:\/\/www.ole.com.ar\/futbol-internacional\/sudamericana\" target=\"_blank\" rel=\"noopener\">Copa Sudamericana<\/a>\u00a0en el Estadio<strong> Ueno Defensores del Chaco.<\/strong><\/p>\n<p><strong>As\u00ed llega Recoleta al partido vs. Deportivo Cuenca:<\/strong><\/p>\n<p>El local, Recoleta, dirigido por Jorge Gonz\u00e1lez,\u00a0<strong>ocupa la tercera posici\u00f3n en el Grupo D<\/strong>, producto de dos igualdades (ante San Lorenzo y Santos) y buscar\u00e1 recortar la<\/p>\n<p>diferencia de dos puntos con el l\u00edder, que es el cuadro argentino.<\/p>\n<p><strong>\u00daltimos partidos de Recoleta:<\/strong><\/p>\n<ul>\n<li>Nacional de Asunci\u00f3n 2 &#8211; 1 Recoleta, viernes 24 de abril de 2026, Apertura, Primera Divisi\u00f3n<\/li>\n<li>Recoleta 5 &#8211; 0 2 de Mayo, s\u00e1bado 18 de abril de 2026, Apertura, Primera Divisi\u00f3n<\/li>\n<li>Santos 1 &#8211; 1 Recoleta, martes 14 de abril de 2026, Fase de grupos, Copa Sudamericana<\/li>\n<li>Sportivo Luque\u00f1o 2 &#8211; 1 Recoleta, s\u00e1bado 11 de abril de 2026, Apertura, Primera Divisi\u00f3n<\/li>\n<li>Recoleta 1 &#8211; 1 San Lorenzo, mi\u00e9rcoles 8 de abril de 2026, Fase de grupos, Copa Sudamericana<\/li>\n<li>Recoleta 4 &#8211; 2 Sportivo San Lorenzo, s\u00e1bado 4 de abril de 2026, Apertura, Primera Divisi\u00f3n<\/li>\n<\/ul>\n<p><strong>Asi llega Dep.Cuenca al partido con Recoleta:<\/strong><\/p>\n<p>Deportivo Cuenca, al mando de Jorge C\u00e9lico, es segundo en el grupo.<\/p>\n<p><strong>Los ecuatorianos buscar\u00e1n los tres puntos para recuperarse de la derrota ante San Lorenzo en Buenos Aires.<\/strong><\/p>\n<p><strong>\u00daltimos partidos de Deportivo Cuenca:<\/strong><\/p>\n<ul>\n<li>Mushuc Runa 4 &#8211; 1 Deportivo Cuenca, s\u00e1bado 25 de abril de 2026, Temporada Regular, LigaPro<\/li>\n<li>Deportivo Cuenca 1 &#8211; 3 Orense, mi\u00e9rcoles 22 de abril de 2026, Temporada Regular, LigaPro<\/li>\n<li>Manta 0 &#8211; 1 Deportivo Cuenca, domingo 19 de abril de 2026, Temporada Regular, LigaPro<\/li>\n<li>San Lorenzo 2 &#8211; 0 Deportivo Cuenca, jueves 16 de abril de 2026, Fase de grupos, Copa Sudamericana<\/li>\n<li>Deportivo Cuenca 2 &#8211; 3 Independiente del Valle, domingo 12 de abril de 2026, Temporada Regular, LigaPro<\/li>\n<li>Deportivo Cuenca 1 &#8211; 0 Santos, mi\u00e9rcoles 8 de abril de 2026, Fase de grupos, Copa Sudamericana<\/li>\n<\/ul>\n<p><strong>Ultimos encuentros entre estos equipos.<\/strong><\/p>\n<p>Recoleta y Deportivo Cuenca se enfrentar\u00e1n por primera vez en el historial profesional.<\/p>\n<p><strong>\u00bfA qu\u00e9 hora juegan Recoleta vs. Deportivo Cuenca?<\/strong><\/p>\n<p>El partido se disputar\u00e1 <strong>el martes 28 de abril de 2026 a las 21:30 &#8211; PAR &#8211; (19:30 de Ecuador)<\/strong> en el Estadio <strong>Ueno Defensores del Chaco, Asunci\u00f3n, Paraguay. (D)<\/strong><\/p>\n<p><strong>Los \u00e1rbitros de Recoleta vs Deportivo Cuenca.<\/strong><\/p>\n<ul>\n<li>\u00c1rbitro: Jordi Espinoza (PER).<\/li>\n<li>Asistente 1: Diego Jaimes (PER).<\/li>\n<li>Asistente 2: Jos\u00e9 Castillo (PER).<\/li>\n<li>Cuarto \u00e1rbitro: Daniel Ureta (PER).<\/li>\n<li>VAR: Joel Alarc\u00f3n (PER).<\/li>\n<li>AVAR: Pablo L\u00f3pez (PER).<\/li>\n<\/ul>\n<p><strong>Fuente:<\/strong> evafm.net &#8211; ole.com.ar<\/p>\n<div class=\"gsp_post_data\" \r\n\t            data-post_type=\"post\" \r\n\t            data-cat=\"deportes-internacionales\" \r\n\t            data-modified=\"120\"\r\n\t            data-created=\"1777294708\"\r\n\t            data-title=\"Recoleta vs Deportivo Cuenca por Conmebol Sudamericana\" \r\n\t            data-home=\"https:\/\/www.evafm.net\/sitio\"><\/div>","protected":false},"excerpt":{"rendered":"<p>Recoleta recibe a\u00a0Deportivo Cuenca, en el partido correspondiente a la fecha 3 de la fase de grupos de la\u00a0Copa Sudamericana\u00a0en el Estadio Ueno Defensores del Chaco. As\u00ed llega Recoleta al partido vs. Deportivo Cuenca: El local, Recoleta, dirigido por Jorge Gonz\u00e1lez,\u00a0ocupa la tercera posici\u00f3n en el Grupo D, producto de dos igualdades (ante San Lorenzo&#8230;<\/p>\n","protected":false},"author":5,"featured_media":101297,"comment_status":"closed","ping_status":"open","sticky":false,"template":"","format":"standard","meta":{"_joinchat":[],"footnotes":""},"categories":[1342],"tags":[],"class_list":["post-101296","post","type-post","status-publish","format-standard","has-post-thumbnail","hentry","category-deportes-internacionales","have-post-thumb"],"_links":{"self":[{"href":"https:\/\/www.evafm.net\/sitio\/wp-json\/wp\/v2\/posts\/101296","targetHints":{"allow":["GET"]}}],"collection":[{"href":"https:\/\/www.evafm.net\/sitio\/wp-json\/wp\/v2\/posts"}],"about":[{"href":"https:\/\/www.evafm.net\/sitio\/wp-json\/wp\/v2\/types\/post"}],"author":[{"embeddable":true,"href":"https:\/\/www.evafm.net\/sitio\/wp-json\/wp\/v2\/users\/5"}],"replies":[{"embeddable":true,"href":"https:\/\/www.evafm.net\/sitio\/wp-json\/wp\/v2\/comments?post=101296"}],"version-history":[{"count":1,"href":"https:\/\/www.evafm.net\/sitio\/wp-json\/wp\/v2\/posts\/101296\/revisions"}],"predecessor-version":[{"id":101298,"href":"https:\/\/www.evafm.net\/sitio\/wp-json\/wp\/v2\/posts\/101296\/revisions\/101298"}],"wp:featuredmedia":[{"embeddable":true,"href":"https:\/\/www.evafm.net\/sitio\/wp-json\/wp\/v2\/media\/101297"}],"wp:attachment":[{"href":"https:\/\/www.evafm.net\/sitio\/wp-json\/wp\/v2\/media?parent=101296"}],"wp:term":[{"taxonomy":"category","embeddable":true,"href":"https:\/\/www.evafm.net\/sitio\/wp-json\/wp\/v2\/categories?post=101296"},{"taxonomy":"post_tag","embeddable":true,"href":"https:\/\/www.evafm.net\/sitio\/wp-json\/wp\/v2\/tags?post=101296"}],"curies":[{"name":"wp","href":"https:\/\/api.w.org\/{rel}","templated":true}]}}