{"id":101302,"date":"2026-04-27T13:39:43","date_gmt":"2026-04-27T18:39:43","guid":{"rendered":"https:\/\/www.evafm.net\/sitio\/?p=101302"},"modified":"2026-04-27T13:39:43","modified_gmt":"2026-04-27T18:39:43","slug":"juliano-valdi-y-los-retos-de-darle-vida-a-un-joven-michael-jackson","status":"publish","type":"post","link":"https:\/\/www.evafm.net\/sitio\/juliano-valdi-y-los-retos-de-darle-vida-a-un-joven-michael-jackson\/","title":{"rendered":"Juliano Valdi y los retos de darle vida a un joven Michael Jackson"},"content":{"rendered":"<p>El actor infantil\u00a0<b>Juliano Valdi<\/b>\u00a0se posicion\u00f3 como una de las figuras centrales de\u00a0<a title=\"https:\/\/www.infobae.com\/entretenimiento\/2026\/04\/26\/michael-supero-a-bohemian-rhapsody-en-taquilla-y-ya-es-el-biopic-musical-con-mejor-apertura-de-la-historia\/\" href=\"https:\/\/www.infobae.com\/entretenimiento\/2026\/04\/26\/michael-supero-a-bohemian-rhapsody-en-taquilla-y-ya-es-el-biopic-musical-con-mejor-apertura-de-la-historia\/\" target=\"_blank\" rel=\"noopener noreferrer\" data-mrf-link=\"https:\/\/www.infobae.com\/entretenimiento\/2026\/04\/26\/michael-supero-a-bohemian-rhapsody-en-taquilla-y-ya-es-el-biopic-musical-con-mejor-apertura-de-la-historia\/\">Michael<\/a>, la pel\u00edcula dirigida por\u00a0<b>Antoine Fuqua<\/b>\u00a0que aborda la vida de\u00a0<a title=\"https:\/\/www.infobae.com\/entretenimiento\/2026\/04\/26\/las-ultimas-palabras-de-michael-jackson-antes-de-morir-en-2009\/\" href=\"https:\/\/www.infobae.com\/entretenimiento\/2026\/04\/26\/las-ultimas-palabras-de-michael-jackson-antes-de-morir-en-2009\/\" target=\"_blank\" rel=\"noopener noreferrer\" data-mrf-link=\"https:\/\/www.infobae.com\/entretenimiento\/2026\/04\/26\/las-ultimas-palabras-de-michael-jackson-antes-de-morir-en-2009\/\">Michael Jackson<\/a>\u00a0desde sus primeros a\u00f1os hasta su consolidaci\u00f3n como estrella global.<\/p>\n<p>En el filme, Valdi interpret\u00f3 la etapa infantil del cantante, especialmente durante su paso por los\u00a0<b>Jackson 5<\/b>, en un papel que llam\u00f3 la atenci\u00f3n por su aproximaci\u00f3n vocal y f\u00edsica al artista.<\/p>\n<p>El joven artista obtuvo el rol en un contexto familiar, seg\u00fan relat\u00f3 en una entrevista con\u00a0<i>Nerd Reactor<\/i>.\u00a0<b>\u201cMi mam\u00e1 me dijo que hab\u00eda conseguido el papel de Michael joven\u201d<\/b>, explic\u00f3.<\/p>\n<p>&nbsp;<\/p>\n<p>En ese sentido, record\u00f3 el momento en casa de su abuela:<\/p>\n<p><strong> \u201cEstaba en la casa de mi abuela otra vez, y me dijo: \u2018Oye, vas a ser Michael Jackson de ni\u00f1o\u2019. Y yo le dije: \u2018\u00bfQu\u00e9, en serio?\u2019. Y ella me dijo: \u2018S\u00ed\u2019\u201d.<\/strong><\/p>\n<p>La noticia marc\u00f3 el inicio de una preparaci\u00f3n exigente.<\/p>\n<p>\u201cEstaba muy emocionado, pero sab\u00eda que era una gran responsabilidad, as\u00ed que ten\u00eda que concentrarme y trabajar duro en mi t\u00e9cnica.<\/p>\n<p><b>Empec\u00e9 a practicar la voz de Michael Jackson<\/b>\u201d, a\u00f1adi\u00f3.<\/p>\n<p>&nbsp;<\/p>\n<p>El proceso de construcci\u00f3n del personaje implic\u00f3 no solo el trabajo vocal, sino tambi\u00e9n la recreaci\u00f3n de los gestos y movimientos caracter\u00edsticos del artista.<\/p>\n<p class=\"paragraph\" data-mrf-recirculation=\"Links inline\"><b>Juliano Valdi\u00a0<\/b>reconoci\u00f3 que uno de los principales desaf\u00edos fue capturar esos detalles.<\/p>\n<p class=\"paragraph\" data-mrf-recirculation=\"Links inline\">\u201cDir\u00eda que el baile, pero\u00a0<b>tambi\u00e9n sus gestos<\/b>\u201d, se\u00f1al\u00f3 al referirse a los aspectos m\u00e1s complejos de la interpretaci\u00f3n.<\/p>\n<p class=\"paragraph\" data-mrf-recirculation=\"Links inline\">El desempe\u00f1o de Valdi tambi\u00e9n fue valorado por su compa\u00f1ero de reparto\u00a0<b>Jaafar Jackson<\/b>, quien interpret\u00f3 la versi\u00f3n adulta del cantante.<\/p>\n<p data-mrf-recirculation=\"Links inline\">\n<p class=\"paragraph\" data-mrf-recirculation=\"Links inline\">Ambos actores trabajaron de manera separada durante gran parte del rodaje, debido a que representaron distintas etapas de la vida del personaje.<\/p>\n<p class=\"paragraph\" data-mrf-recirculation=\"Links inline\">En declaraciones recogidas por\u00a0<i>Blavity<\/i>, Jackson explic\u00f3:<b>\u00a0<\/b>\u201cLas veces que ve\u00eda a Juliano eran realmente en el proceso de ensayo\u201d.<\/p>\n<p class=\"paragraph\" data-mrf-recirculation=\"Links inline\">El int\u00e9rprete del Rey del Pop detall\u00f3 que cada uno se preparaba en espacios distintos, centrado en su propio periodo del personaje.<\/p>\n<p class=\"paragraph\" data-mrf-recirculation=\"Links inline\">A pesar de ese contacto limitado, Jackson destac\u00f3 la impresi\u00f3n que le produjo el trabajo de\u00a0<b>Juliano Valdi<\/b>. \u201cSolo fui al set una vez para verlo hacer una actuaci\u00f3n, y\u00a0<b>me dej\u00f3 muy impresionado<\/b>\u201d, afirm\u00f3.<\/p>\n<p data-mrf-recirculation=\"Links inline\">\n<p class=\"paragraph\" data-mrf-recirculation=\"Links inline\">Tambi\u00e9n explic\u00f3 que no presenci\u00f3 las escenas dram\u00e1ticas durante el rodaje, por lo que su valoraci\u00f3n se complet\u00f3 al ver el resultado final.<\/p>\n<p class=\"paragraph\" data-mrf-recirculation=\"Links inline\">\u201cCuando lo vi en la pel\u00edcula por primera vez, honestamente me sorprendi\u00f3 mucho\u201d, agreg\u00f3.<\/p>\n<p class=\"paragraph\" data-mrf-recirculation=\"Links inline\">El propio Valdi se refiri\u00f3 a su relaci\u00f3n con Jackson, se\u00f1alando que, aunque no compartieron demasiado tiempo, los encuentros fueron positivos.<\/p>\n<p data-mrf-recirculation=\"Links inline\">\n<p class=\"paragraph\" data-mrf-recirculation=\"Links inline\">Realmente no tuve mucho tiempo para pasar con Jaafar, pero cuando coincid\u00edamos, la pas\u00e1bamos muy bien\u201d, coment\u00f3.<\/p>\n<p class=\"paragraph\" data-mrf-recirculation=\"Links inline\">Uno de esos momentos ocurri\u00f3 durante una sesi\u00f3n fotogr\u00e1fica, donde pudieron conversar con m\u00e1s calma sobre el proceso de trabajo.<\/p>\n<p data-mrf-recirculation=\"Links inline\">El filme tambi\u00e9n cont\u00f3 con un elenco que incluy\u00f3 a\u00a0<b>Nia Long<\/b>\u00a0como\u00a0<b>Katherine Jackson<\/b>\u00a0y\u00a0<b>Colman Domingo<\/b>\u00a0como\u00a0<b>Joe Jackson<\/b>.<\/p>\n<p data-mrf-recirculation=\"Links inline\"><strong>\u201cMichael\u201d es un \u00e9xito de taquilla.<\/strong><\/p>\n<p class=\"paragraph\" data-mrf-recirculation=\"Links inline\"><i><b>Michael<\/b><\/i>\u00a0presenta un recorrido por la evoluci\u00f3n de\u00a0<b>Michael Jackson<\/b>, desde sus inicios como ni\u00f1o prodigio hasta su desarrollo como artista solista en la d\u00e9cada de 1980.<\/p>\n<p class=\"paragraph\" data-mrf-recirculation=\"Links inline\">La pel\u00edcula, estrenada el 23 de abril en cines de Am\u00e9rica Latina, rompi\u00f3 r\u00e9cords en taquilla durante su primer fin de semana de lanzamiento, superando incluso al biopic musical\u00a0<i><b>Bohemian Rhapsody<\/b><\/i>.<\/p>\n<p class=\"paragraph\" data-mrf-recirculation=\"Links inline\">A nivel global, recaud\u00f3 un total de<b>\u00a0314 millones de d\u00f3lares<\/b>, por lo que, se espera que este desempe\u00f1o se mantenga con el paso de los d\u00edas.<\/p>\n<p class=\"paragraph\" data-mrf-recirculation=\"Links inline\">Respecto a una secuela, los directivos de Lionsgate indicaron que antes de confirmar una segunda parte tendr\u00edan que asegurarse que el primer largometraje sea lo suficientemente exitoso.<strong> (E)<\/strong><\/p>\n<p data-mrf-recirculation=\"Links inline\">\n<p data-mrf-recirculation=\"Links inline\"><img fetchpriority=\"high\" decoding=\"async\" class=\"global-image\" src=\"https:\/\/www.infobae.com\/resizer\/v2\/C5YG5FISNBD7TMFHBB4TK5SNEE.jpg?auth=da5575117ed60eb58612d1367bcc4542a8fa42e8ff39d8dbe9bd778d885a5b5e&amp;smart=true&amp;width=350&amp;height=233&amp;quality=85\" alt=\"Michael\" width=\"763\" height=\"508\" \/><\/p>\n<p data-mrf-recirculation=\"Links inline\">Juliano Valdi sorprende como el joven Michael Jackson en la pel\u00edcula biogr\u00e1fica dirigida por Antoine Fuqua<\/p>\n<p data-mrf-recirculation=\"Links inline\">(Glen Wilson\/Lionsgate via AP)<\/p>\n<p data-mrf-recirculation=\"Links inline\"><img decoding=\"async\" class=\"global-image\" src=\"https:\/\/www.infobae.com\/resizer\/v2\/27URSR74AVE33HIBG2XLDHVEU4.JPG?auth=2d02d6f9821c5edc3c88d75c8f73c5e0d5ffe27daa41a6b64f03c162a75cec34&amp;smart=true&amp;width=350&amp;height=234&amp;quality=85\" alt=\"Jaafar Jackson, quien encarn\u00f3 la etapa adulta de Michael, elogi\u00f3 el desempe\u00f1o y el talento de Valdi en el filme (REUTERS\/Mario Anzuoni)\" width=\"756\" height=\"506\" \/><\/p>\n<p data-mrf-recirculation=\"Links inline\">Jaafar Jackson, quien encarn\u00f3 la etapa adulta de Michael, elogi\u00f3 el desempe\u00f1o y el talento de Valdi<\/p>\n<p data-mrf-recirculation=\"Links inline\">en el filme (REUTERS\/Mario Anzuoni)<\/p>\n<p data-mrf-recirculation=\"Links inline\">\n<p data-mrf-recirculation=\"Links inline\"><img decoding=\"async\" class=\"global-image\" src=\"https:\/\/www.infobae.com\/resizer\/v2\/RCKWR6IUIJCC3LSTZUUEVUPV4A.JPG?auth=40ba677a360d5d04a47c7583f659440598782116ab029e88e63db4c1194e6e19&amp;smart=true&amp;width=350&amp;height=525&amp;quality=85\" alt=\"Juliano Valdi obtuvo el papel tras un proceso familiar, compartido en entrevista, que marc\u00f3 el inicio de su exigente preparaci\u00f3n (REUTERS\/Nadja Wohlleben)\" width=\"789\" height=\"1184\" \/><\/p>\n<p data-mrf-recirculation=\"Links inline\">Juliano Valdi obtuvo el papel tras un proceso familiar, compartido en entrevista, que marc\u00f3 el inicio de su<\/p>\n<p data-mrf-recirculation=\"Links inline\">exigente preparaci\u00f3n (REUTERS\/Nadja Wohlleben)<\/p>\n<p data-mrf-recirculation=\"Links inline\">\n<p data-mrf-recirculation=\"Links inline\"><strong>Fuente:<\/strong> evafm.net &#8211; infobae.com<\/p>\n<div class=\"gsp_post_data\" \r\n\t            data-post_type=\"post\" \r\n\t            data-cat=\"espectaculos,general\" \r\n\t            data-modified=\"120\"\r\n\t            data-created=\"1777297183\"\r\n\t            data-title=\"Juliano Valdi y los retos de darle vida a un joven Michael Jackson\" \r\n\t            data-home=\"https:\/\/www.evafm.net\/sitio\"><\/div>","protected":false},"excerpt":{"rendered":"<p>El actor infantil\u00a0Juliano Valdi\u00a0se posicion\u00f3 como una de las figuras centrales de\u00a0Michael, la pel\u00edcula dirigida por\u00a0Antoine Fuqua\u00a0que aborda la vida de\u00a0Michael Jackson\u00a0desde sus primeros a\u00f1os hasta su consolidaci\u00f3n como estrella global. En el filme, Valdi interpret\u00f3 la etapa infantil del cantante, especialmente durante su paso por los\u00a0Jackson 5, en un papel que llam\u00f3 la atenci\u00f3n&#8230;<\/p>\n","protected":false},"author":5,"featured_media":101303,"comment_status":"closed","ping_status":"open","sticky":false,"template":"","format":"standard","meta":{"_joinchat":[],"footnotes":""},"categories":[4,1720],"tags":[],"class_list":["post-101302","post","type-post","status-publish","format-standard","has-post-thumbnail","hentry","category-espectaculos","category-general","have-post-thumb"],"_links":{"self":[{"href":"https:\/\/www.evafm.net\/sitio\/wp-json\/wp\/v2\/posts\/101302","targetHints":{"allow":["GET"]}}],"collection":[{"href":"https:\/\/www.evafm.net\/sitio\/wp-json\/wp\/v2\/posts"}],"about":[{"href":"https:\/\/www.evafm.net\/sitio\/wp-json\/wp\/v2\/types\/post"}],"author":[{"embeddable":true,"href":"https:\/\/www.evafm.net\/sitio\/wp-json\/wp\/v2\/users\/5"}],"replies":[{"embeddable":true,"href":"https:\/\/www.evafm.net\/sitio\/wp-json\/wp\/v2\/comments?post=101302"}],"version-history":[{"count":1,"href":"https:\/\/www.evafm.net\/sitio\/wp-json\/wp\/v2\/posts\/101302\/revisions"}],"predecessor-version":[{"id":101304,"href":"https:\/\/www.evafm.net\/sitio\/wp-json\/wp\/v2\/posts\/101302\/revisions\/101304"}],"wp:featuredmedia":[{"embeddable":true,"href":"https:\/\/www.evafm.net\/sitio\/wp-json\/wp\/v2\/media\/101303"}],"wp:attachment":[{"href":"https:\/\/www.evafm.net\/sitio\/wp-json\/wp\/v2\/media?parent=101302"}],"wp:term":[{"taxonomy":"category","embeddable":true,"href":"https:\/\/www.evafm.net\/sitio\/wp-json\/wp\/v2\/categories?post=101302"},{"taxonomy":"post_tag","embeddable":true,"href":"https:\/\/www.evafm.net\/sitio\/wp-json\/wp\/v2\/tags?post=101302"}],"curies":[{"name":"wp","href":"https:\/\/api.w.org\/{rel}","templated":true}]}}