{"id":101306,"date":"2026-04-28T09:04:07","date_gmt":"2026-04-28T14:04:07","guid":{"rendered":"https:\/\/www.evafm.net\/sitio\/?p=101306"},"modified":"2026-04-28T09:04:07","modified_gmt":"2026-04-28T14:04:07","slug":"cne-define-fecha-para-inscripcion-de-candidaturas-al-consejo-de-participacion-ciudadana","status":"publish","type":"post","link":"https:\/\/www.evafm.net\/sitio\/cne-define-fecha-para-inscripcion-de-candidaturas-al-consejo-de-participacion-ciudadana\/","title":{"rendered":"CNE define fecha para inscripci\u00f3n de candidaturas al Consejo de Participaci\u00f3n Ciudadana"},"content":{"rendered":"<p>La\u00a0<strong>inscripci\u00f3n de candidaturas<\/strong>\u00a0para el\u00a0<a href=\"https:\/\/www.ecuavisa.com\/tema\/consejo-de-participacion-ciudadana-y-control-social-t105589\" target=\"_blank\" rel=\"noopener\">Consejo de Participaci\u00f3n Ciudadana y Control Social<\/a>\u00a0(Cpccs) se realizar\u00e1 del 12 al 25 de junio de 2026 y contar\u00e1 con un proceso de\u00a0<strong>veedur\u00eda ciudadana<\/strong>.<\/p>\n<p>As\u00ed lo decidi\u00f3 el Pleno del Consejo Nacional Electoral (CNE) la noche de este lunes 27 de abril de 2026.<\/p>\n<p>La entidad electoral aprob\u00f3 reformas al instructivo para el proceso de recepci\u00f3n de postulaciones, verificaci\u00f3n de requisitos y\u00a0<strong>calificaci\u00f3n de candidaturas\u00a0<\/strong>para la elecci\u00f3n de consejeros del Cpccs.<\/p>\n<p>El proceso contar\u00e1 con<strong>\u00a0fases de postulaci\u00f3n<\/strong>, incluyendo requisitos, prohibiciones, inhabilidades y la posibilidad de presentar\u00a0<strong>denuncias e impugnaciones.<\/strong><\/p>\n<p>&nbsp;<\/p>\n<p>Las solicitudes de inscripci\u00f3n para la conformaci\u00f3n de la\u00a0<strong>veedur\u00eda ciudadana\u00a0<\/strong>se recibir\u00e1n entre el 4 y 13 de mayo.<\/p>\n<p>El 29 de noviembre de 2026, los ecuatorianos no solo elegir\u00e1n autoridades seccionales, sino tambi\u00e9n consejeros del Cpccs.<\/p>\n<p>Esta instituci\u00f3n se conforma con\u00a0<strong>siete integrantes<\/strong>: tres hombres, tres mujeres y un representante de los pueblos y nacionalidades ind\u00edgenas.<\/p>\n<p>Su principal trabajo consiste en\u00a0<strong>elegir altas autoridades\u00a0<\/strong>del Estado como Contralor, Fiscal, vocales del CNE, jueces del TCE, entre otros.<\/p>\n<p>Sin embargo, el\u00a0<strong>presidente Daniel Noboa<\/strong> tiene en sus manos la posibilidad de convocar a una refer\u00e9ndum justamente para que la selecci\u00f3n de autoridades pase a la Asamblea Nacional. <strong>(I)<\/strong><\/p>\n<p>&nbsp;<\/p>\n<p><strong>Fuente:<\/strong> evafm.net &#8211; ecuavisa.com<\/p>\n<p>&nbsp;<\/p>\n<p>&nbsp;<\/p>\n<div class=\"gsp_post_data\" \r\n\t            data-post_type=\"post\" \r\n\t            data-cat=\"general,noticias-ecuador\" \r\n\t            data-modified=\"120\"\r\n\t            data-created=\"1777367047\"\r\n\t            data-title=\"CNE define fecha para inscripci\u00f3n de candidaturas al Consejo de Participaci\u00f3n Ciudadana\" \r\n\t            data-home=\"https:\/\/www.evafm.net\/sitio\"><\/div>","protected":false},"excerpt":{"rendered":"<p>La\u00a0inscripci\u00f3n de candidaturas\u00a0para el\u00a0Consejo de Participaci\u00f3n Ciudadana y Control Social\u00a0(Cpccs) se realizar\u00e1 del 12 al 25 de junio de 2026 y contar\u00e1 con un proceso de\u00a0veedur\u00eda ciudadana. As\u00ed lo decidi\u00f3 el Pleno del Consejo Nacional Electoral (CNE) la noche de este lunes 27 de abril de 2026. La entidad electoral aprob\u00f3 reformas al instructivo para&#8230;<\/p>\n","protected":false},"author":5,"featured_media":101307,"comment_status":"closed","ping_status":"open","sticky":false,"template":"","format":"standard","meta":{"_joinchat":[],"footnotes":""},"categories":[1720,1558],"tags":[],"class_list":["post-101306","post","type-post","status-publish","format-standard","has-post-thumbnail","hentry","category-general","category-noticias-ecuador","have-post-thumb"],"_links":{"self":[{"href":"https:\/\/www.evafm.net\/sitio\/wp-json\/wp\/v2\/posts\/101306","targetHints":{"allow":["GET"]}}],"collection":[{"href":"https:\/\/www.evafm.net\/sitio\/wp-json\/wp\/v2\/posts"}],"about":[{"href":"https:\/\/www.evafm.net\/sitio\/wp-json\/wp\/v2\/types\/post"}],"author":[{"embeddable":true,"href":"https:\/\/www.evafm.net\/sitio\/wp-json\/wp\/v2\/users\/5"}],"replies":[{"embeddable":true,"href":"https:\/\/www.evafm.net\/sitio\/wp-json\/wp\/v2\/comments?post=101306"}],"version-history":[{"count":2,"href":"https:\/\/www.evafm.net\/sitio\/wp-json\/wp\/v2\/posts\/101306\/revisions"}],"predecessor-version":[{"id":101309,"href":"https:\/\/www.evafm.net\/sitio\/wp-json\/wp\/v2\/posts\/101306\/revisions\/101309"}],"wp:featuredmedia":[{"embeddable":true,"href":"https:\/\/www.evafm.net\/sitio\/wp-json\/wp\/v2\/media\/101307"}],"wp:attachment":[{"href":"https:\/\/www.evafm.net\/sitio\/wp-json\/wp\/v2\/media?parent=101306"}],"wp:term":[{"taxonomy":"category","embeddable":true,"href":"https:\/\/www.evafm.net\/sitio\/wp-json\/wp\/v2\/categories?post=101306"},{"taxonomy":"post_tag","embeddable":true,"href":"https:\/\/www.evafm.net\/sitio\/wp-json\/wp\/v2\/tags?post=101306"}],"curies":[{"name":"wp","href":"https:\/\/api.w.org\/{rel}","templated":true}]}}