{"id":101326,"date":"2026-04-28T10:06:55","date_gmt":"2026-04-28T15:06:55","guid":{"rendered":"https:\/\/www.evafm.net\/sitio\/?p=101326"},"modified":"2026-04-28T10:06:55","modified_gmt":"2026-04-28T15:06:55","slug":"barcelona-sc-analiza-las-salidas-de-dos-futbolistas-a-mitad-de-temporada","status":"publish","type":"post","link":"https:\/\/www.evafm.net\/sitio\/barcelona-sc-analiza-las-salidas-de-dos-futbolistas-a-mitad-de-temporada\/","title":{"rendered":"Barcelona SC analiza las salidas de dos futbolistas a mitad de temporada"},"content":{"rendered":"<p><strong><a href=\"https:\/\/www.ecuavisa.com\/metadatos\/-\/meta\/barcelona-sc\" target=\"_blank\" rel=\"noopener\">Barcelona SC<\/a>\u00a0<\/strong>fue uno de los equipos m\u00e1s activos durante el\u00a0<a href=\"https:\/\/www.ecuavisa.com\/metadatos\/-\/meta\/mercado-de-fichajes\" target=\"_blank\" rel=\"noopener\">mercado de fichajes<\/a>\u00a0con la llegada de varios futbolistas, pero<strong>\u00a0dos de los jugadores pueden salir del club a mediados de a\u00f1o<\/strong>.<\/p>\n<p>Los toreros realizaron varias contrataciones, pero no todos han tenido impacto inmediato en el equipo de C\u00e9sar Far\u00edas, incluso ya han dejado de tener actividades.<\/p>\n<p>Con 11 fechas disputadas de la LigaPro y dos partidos de la fase de grupos de la Copa Libertadores, los\u00a0<strong>toreros ya analizan la posible salida de dos futbolistas<\/strong>\u00a0en el club.<\/p>\n<p><strong>\u00bfQu\u00e9 jugadores saldr\u00e1n de Barcelona SC a mitad de temporada?<\/strong><\/p>\n<p>De acuerdo a informaci\u00f3n del programa De Una,<strong>\u00a0Barcelona SC no contar\u00e1 con dos extranjeros<\/strong>\u00a0para la segunda mitad de temporada, por lo que ya les est\u00e1 buscando equipo.<\/p>\n<p><strong><mark>Los toreros esperan las salidas de Sergio N\u00fa\u00f1ez y Tom\u00e1s Mart\u00ednez<\/mark>,<\/strong> despu\u00e9s de que los dos futbolistas dejaron de entrar en consideraci\u00f3n de<strong> C\u00e9sar Far\u00edas.<\/strong><\/p>\n<p>El delantero<strong>\u00a0uruguayo lleva tres partidos consecutivos sin sumar minuto<\/strong>s, tras unas\u00a0<a href=\"https:\/\/www.ecuavisa.com\/futbol-internacional\/picante-frase-sergio-nunez-duelo-boca-juniors-barcelona-sc-copa-libertadores-20260413-0033.html\" target=\"_blank\" rel=\"noopener\">pol\u00e9micas declaraciones contra Boca Juniors<\/a>\u00a0en el duelo por la <strong>Copa Libertadores.<\/strong><\/p>\n<p>En cambio, el<strong>\u00a0volante argentino no ha sido del agrado de los hinchas<\/strong>\u00a0y no ha jugado en los \u00faltimos dos encuentros de la<strong> LigaPro 2026.<\/strong><\/p>\n<p>Adem\u00e1s de las salidas<strong>,<mark> Barcelona SC espera contratar a dos futbolistas ofensivos<\/mark>,<\/strong> sumado a la lesi\u00f3n de<strong> Joao Rojas<\/strong> y la salida del delantero uruguayo.<strong>(D)<\/strong><\/p>\n<p><strong>Fuente:<\/strong> evafm-.net &#8211; ecuavisa.com<\/p>\n<p>&nbsp;<\/p>\n<p>&nbsp;<\/p>\n<div class=\"gsp_post_data\" \r\n\t            data-post_type=\"post\" \r\n\t            data-cat=\"deportes-ecuador\" \r\n\t            data-modified=\"120\"\r\n\t            data-created=\"1777370815\"\r\n\t            data-title=\"Barcelona SC analiza las salidas de dos futbolistas a mitad de temporada\" \r\n\t            data-home=\"https:\/\/www.evafm.net\/sitio\"><\/div>","protected":false},"excerpt":{"rendered":"<p>Barcelona SC\u00a0fue uno de los equipos m\u00e1s activos durante el\u00a0mercado de fichajes\u00a0con la llegada de varios futbolistas, pero\u00a0dos de los jugadores pueden salir del club a mediados de a\u00f1o. Los toreros realizaron varias contrataciones, pero no todos han tenido impacto inmediato en el equipo de C\u00e9sar Far\u00edas, incluso ya han dejado de tener actividades. Con&#8230;<\/p>\n","protected":false},"author":5,"featured_media":101329,"comment_status":"closed","ping_status":"open","sticky":false,"template":"","format":"standard","meta":{"_joinchat":[],"footnotes":""},"categories":[1557],"tags":[],"class_list":["post-101326","post","type-post","status-publish","format-standard","has-post-thumbnail","hentry","category-deportes-ecuador","have-post-thumb"],"_links":{"self":[{"href":"https:\/\/www.evafm.net\/sitio\/wp-json\/wp\/v2\/posts\/101326","targetHints":{"allow":["GET"]}}],"collection":[{"href":"https:\/\/www.evafm.net\/sitio\/wp-json\/wp\/v2\/posts"}],"about":[{"href":"https:\/\/www.evafm.net\/sitio\/wp-json\/wp\/v2\/types\/post"}],"author":[{"embeddable":true,"href":"https:\/\/www.evafm.net\/sitio\/wp-json\/wp\/v2\/users\/5"}],"replies":[{"embeddable":true,"href":"https:\/\/www.evafm.net\/sitio\/wp-json\/wp\/v2\/comments?post=101326"}],"version-history":[{"count":1,"href":"https:\/\/www.evafm.net\/sitio\/wp-json\/wp\/v2\/posts\/101326\/revisions"}],"predecessor-version":[{"id":101330,"href":"https:\/\/www.evafm.net\/sitio\/wp-json\/wp\/v2\/posts\/101326\/revisions\/101330"}],"wp:featuredmedia":[{"embeddable":true,"href":"https:\/\/www.evafm.net\/sitio\/wp-json\/wp\/v2\/media\/101329"}],"wp:attachment":[{"href":"https:\/\/www.evafm.net\/sitio\/wp-json\/wp\/v2\/media?parent=101326"}],"wp:term":[{"taxonomy":"category","embeddable":true,"href":"https:\/\/www.evafm.net\/sitio\/wp-json\/wp\/v2\/categories?post=101326"},{"taxonomy":"post_tag","embeddable":true,"href":"https:\/\/www.evafm.net\/sitio\/wp-json\/wp\/v2\/tags?post=101326"}],"curies":[{"name":"wp","href":"https:\/\/api.w.org\/{rel}","templated":true}]}}