{"id":101331,"date":"2026-04-28T10:13:34","date_gmt":"2026-04-28T15:13:34","guid":{"rendered":"https:\/\/www.evafm.net\/sitio\/?p=101331"},"modified":"2026-04-28T10:13:34","modified_gmt":"2026-04-28T15:13:34","slug":"jonathan-borja-son-17-meses-que-yo-no-he-podido-cobrar-en-el-nacional","status":"publish","type":"post","link":"https:\/\/www.evafm.net\/sitio\/jonathan-borja-son-17-meses-que-yo-no-he-podido-cobrar-en-el-nacional\/","title":{"rendered":"Jonathan Borja: \u00abSon 17 meses que yo no he podido cobrar en El Nacional\u00bb"},"content":{"rendered":"<p><a href=\"https:\/\/www.ecuavisa.com\/metadatos\/-\/meta\/el-nacional\" target=\"_blank\" rel=\"noopener\"><strong>El Nacional<\/strong><\/a><strong>\u00a0vive un mal momento deportivo en la\u00a0<\/strong><a href=\"https:\/\/www.ecuavisa.com\/metadatos\/-\/meta\/serie-b\" target=\"_blank\" rel=\"noopener\"><strong>Serie B<\/strong><\/a>\u00a0y sigue en el fondo de la tabla de posiciones, pero los puros criollos tambi\u00e9n tienen una crisis econ\u00f3mica que afecta al club.<\/p>\n<p>Jonathan<strong>\u00a0Borja se pronunci\u00f3 por los\u00a0<\/strong><a href=\"https:\/\/www.ecuavisa.com\/futbol-nacional\/jonathan-borja-elnacional-sueldos-impagos-crisis-economica-20260411-0027.html\" target=\"_blank\" rel=\"noopener\"><strong>meses que lleva sin cobrar<\/strong>\u00a0su sueldo<\/a>\u00a0en la instituci\u00f3n, pues revel\u00f3 que ya ha pasado m\u00e1s de un a\u00f1o sin recibir dinero de El Nacional.<\/p>\n<p><strong><mark>\u201cSon 17 meses que yo no he podido cobrar, tengo a mi familia, mis obligaciones\u00bb<\/mark>,<\/strong> coment\u00f3 el atacante a<strong> Rojo Digital.<\/strong><\/p>\n<p>A inicios de a\u00f1o, para mejorar el presente econ\u00f3mico del club,\u00a0<strong>El Nacional anunci\u00f3 una alianza con Naniecheandia Financial SL (NEF)<\/strong>, una empresa de gesti\u00f3n administrativa y financiera<\/p>\n<p>sin embargo, Borja explic\u00f3 que no han cumplido con sus promesas.<\/p>\n<p>\u201cCuando hay que inscribir la plantilla,\u00a0<strong>hacer un proyecto serio y cuando hay que poner la plata no lo hacen\u201d,<\/strong>\u00a0se\u00f1al\u00f3 Borja y a\u00f1adi\u00f3 que \u201cNEF ha incumplido en absolutamente todo\u201d.<\/p>\n<p>Tambi\u00e9n, Jonathan revel\u00f3: \u201c<strong>hoy estamos dependiendo de otras personas,<\/strong>\u00a0ex Glorias del club y de la se\u00f1ora Vallecilla que est\u00e1 dando una mano\u201d.<\/p>\n<p>Finalmente, el delantero de 32 a\u00f1os coment\u00f3:<strong> \u201c<mark>tuve tres propuestas internacionales y el club no firm\u00f3 los pr\u00e9stamos<\/mark>\u00a0<\/strong>y yo sigo aqu\u00ed dando la cara. <strong>Nadie se acerca a conversar con nosotros\u201d.<\/strong><\/p>\n<p>Borja est\u00e1 en su tercera temporada con El Nacional, tras firmar con los puros criollos en 2024 para tener su tercera etapa en el cuadro militar. <strong>(D)<\/strong><\/p>\n<p><strong>Fuente:<\/strong> evafm.net &#8211; ecuavisa.com<\/p>\n<p>&nbsp;<\/p>\n<div class=\"ck-related-news\"><\/div>\n<p>&nbsp;<\/p>\n<div class=\"gsp_post_data\" \r\n\t            data-post_type=\"post\" \r\n\t            data-cat=\"deportes-ecuador\" \r\n\t            data-modified=\"120\"\r\n\t            data-created=\"1777371214\"\r\n\t            data-title=\"Jonathan Borja: \u00abSon 17 meses que yo no he podido cobrar en El Nacional\u00bb\" \r\n\t            data-home=\"https:\/\/www.evafm.net\/sitio\"><\/div>","protected":false},"excerpt":{"rendered":"<p>El Nacional\u00a0vive un mal momento deportivo en la\u00a0Serie B\u00a0y sigue en el fondo de la tabla de posiciones, pero los puros criollos tambi\u00e9n tienen una crisis econ\u00f3mica que afecta al club. Jonathan\u00a0Borja se pronunci\u00f3 por los\u00a0meses que lleva sin cobrar\u00a0su sueldo\u00a0en la instituci\u00f3n, pues revel\u00f3 que ya ha pasado m\u00e1s de un a\u00f1o sin recibir&#8230;<\/p>\n","protected":false},"author":5,"featured_media":101333,"comment_status":"closed","ping_status":"open","sticky":false,"template":"","format":"standard","meta":{"_joinchat":[],"footnotes":""},"categories":[1557],"tags":[],"class_list":["post-101331","post","type-post","status-publish","format-standard","has-post-thumbnail","hentry","category-deportes-ecuador","have-post-thumb"],"_links":{"self":[{"href":"https:\/\/www.evafm.net\/sitio\/wp-json\/wp\/v2\/posts\/101331","targetHints":{"allow":["GET"]}}],"collection":[{"href":"https:\/\/www.evafm.net\/sitio\/wp-json\/wp\/v2\/posts"}],"about":[{"href":"https:\/\/www.evafm.net\/sitio\/wp-json\/wp\/v2\/types\/post"}],"author":[{"embeddable":true,"href":"https:\/\/www.evafm.net\/sitio\/wp-json\/wp\/v2\/users\/5"}],"replies":[{"embeddable":true,"href":"https:\/\/www.evafm.net\/sitio\/wp-json\/wp\/v2\/comments?post=101331"}],"version-history":[{"count":1,"href":"https:\/\/www.evafm.net\/sitio\/wp-json\/wp\/v2\/posts\/101331\/revisions"}],"predecessor-version":[{"id":101334,"href":"https:\/\/www.evafm.net\/sitio\/wp-json\/wp\/v2\/posts\/101331\/revisions\/101334"}],"wp:featuredmedia":[{"embeddable":true,"href":"https:\/\/www.evafm.net\/sitio\/wp-json\/wp\/v2\/media\/101333"}],"wp:attachment":[{"href":"https:\/\/www.evafm.net\/sitio\/wp-json\/wp\/v2\/media?parent=101331"}],"wp:term":[{"taxonomy":"category","embeddable":true,"href":"https:\/\/www.evafm.net\/sitio\/wp-json\/wp\/v2\/categories?post=101331"},{"taxonomy":"post_tag","embeddable":true,"href":"https:\/\/www.evafm.net\/sitio\/wp-json\/wp\/v2\/tags?post=101331"}],"curies":[{"name":"wp","href":"https:\/\/api.w.org\/{rel}","templated":true}]}}