{"id":101338,"date":"2026-04-29T09:55:45","date_gmt":"2026-04-29T14:55:45","guid":{"rendered":"https:\/\/www.evafm.net\/sitio\/?p=101338"},"modified":"2026-04-29T09:55:45","modified_gmt":"2026-04-29T14:55:45","slug":"daniel-noboa-nuevamente-encarga-a-la-vicepresidenta-maria-jose-pinto-atender-la-desnutricion-cronica-infantil","status":"publish","type":"post","link":"https:\/\/www.evafm.net\/sitio\/daniel-noboa-nuevamente-encarga-a-la-vicepresidenta-maria-jose-pinto-atender-la-desnutricion-cronica-infantil\/","title":{"rendered":"Daniel Noboa nuevamente encarga a la vicepresidenta Mar\u00eda Jos\u00e9 Pinto atender la desnutrici\u00f3n cr\u00f3nica infantil"},"content":{"rendered":"<p><strong>El presidente\u00a0<\/strong><a href=\"https:\/\/www.ecuavisa.com\/seguridad\/daniel-noboa-oficializa-toque-de-queda-decreto-presidencial-20260428-0118.html\" target=\"_blank\" rel=\"noopener\"><strong>Daniel Noboa\u00a0<\/strong><\/a>oficializ\u00f3 esta transici\u00f3n en medio de una reorganizaci\u00f3n del gabinete, con la designaci\u00f3n de Jaime Bernab\u00e9 como nuevo titular de Salud.<strong>\u00a0<\/strong><\/p>\n<p><strong>La salida de Pinto se da en un contexto de crisis en el sistema sanitario<\/strong>, marcada por la falta de medicamentos y cuestionamientos a la gesti\u00f3n.<\/p>\n<p>Tras su salida,<strong>\u00a0la vicepresidenta vuelve a concentrarse en la coordinaci\u00f3n\u00a0<\/strong>de pol\u00edticas p\u00fablicas relacionadas con la<strong> desnutrici\u00f3n cr\u00f3nica infantil y la salud mental<\/strong><\/p>\n<p>\u00e1reas que le fueron asignadas desde el inicio del Gobierno.<\/p>\n<p><strong>Mar\u00eda Jos\u00e9 Pinto retoma sus funciones relacionadas con la desnutrici\u00f3n infantil.<\/strong><\/p>\n<p>En esa l\u00ednea, el Ejecutivo emiti\u00f3 el Decreto Ejecutivo N.\u00ba 372, en el que ratifica su rol como delegada del Presidente en el\u00a0<strong>Comit\u00e9 Intersectorial para la Prevenci\u00f3n <\/strong><\/p>\n<p><strong>y Reducci\u00f3n de la Desnutrici\u00f3n Infantil,<\/strong>\u00a0con el objetivo de fortalecer la articulaci\u00f3n entre instituciones del Estado.<\/p>\n<p>Durante su paso por el Ministerio de Salud, Pinto enfrent\u00f3 un escenario complejo, con hospitales que reportaron dificultades en el\u00a0<strong>abastecimiento de insumos y medicamentos.(D)<\/strong><\/p>\n<p><strong>Dentro de las funciones de la\u00a0vicepresidenta se encuentran:<\/strong><\/p>\n<ul>\n<li>Salud mental.<\/li>\n<li>Educaci\u00f3n intercultural biling\u00fce.<\/li>\n<li>Embarazo adolescente.<\/li>\n<li>Primera infancia.<\/li>\n<li>Desnutrici\u00f3n cr\u00f3nica infantil.<\/li>\n<\/ul>\n<p><strong>Fuente:<\/strong> evafm.net &#8211;<\/p>\n<p>&nbsp;<\/p>\n<div class=\"gsp_post_data\" \r\n\t            data-post_type=\"post\" \r\n\t            data-cat=\"general,noticias-ecuador\" \r\n\t            data-modified=\"120\"\r\n\t            data-created=\"1777456545\"\r\n\t            data-title=\"Daniel Noboa nuevamente encarga a la vicepresidenta Mar\u00eda Jos\u00e9 Pinto atender la desnutrici\u00f3n cr\u00f3nica infantil\" \r\n\t            data-home=\"https:\/\/www.evafm.net\/sitio\"><\/div>","protected":false},"excerpt":{"rendered":"<p>El presidente\u00a0Daniel Noboa\u00a0oficializ\u00f3 esta transici\u00f3n en medio de una reorganizaci\u00f3n del gabinete, con la designaci\u00f3n de Jaime Bernab\u00e9 como nuevo titular de Salud.\u00a0 La salida de Pinto se da en un contexto de crisis en el sistema sanitario, marcada por la falta de medicamentos y cuestionamientos a la gesti\u00f3n. Tras su salida,\u00a0la vicepresidenta vuelve a&#8230;<\/p>\n","protected":false},"author":5,"featured_media":101339,"comment_status":"closed","ping_status":"open","sticky":false,"template":"","format":"standard","meta":{"_joinchat":[],"footnotes":""},"categories":[1720,1558],"tags":[],"class_list":["post-101338","post","type-post","status-publish","format-standard","has-post-thumbnail","hentry","category-general","category-noticias-ecuador","have-post-thumb"],"_links":{"self":[{"href":"https:\/\/www.evafm.net\/sitio\/wp-json\/wp\/v2\/posts\/101338","targetHints":{"allow":["GET"]}}],"collection":[{"href":"https:\/\/www.evafm.net\/sitio\/wp-json\/wp\/v2\/posts"}],"about":[{"href":"https:\/\/www.evafm.net\/sitio\/wp-json\/wp\/v2\/types\/post"}],"author":[{"embeddable":true,"href":"https:\/\/www.evafm.net\/sitio\/wp-json\/wp\/v2\/users\/5"}],"replies":[{"embeddable":true,"href":"https:\/\/www.evafm.net\/sitio\/wp-json\/wp\/v2\/comments?post=101338"}],"version-history":[{"count":1,"href":"https:\/\/www.evafm.net\/sitio\/wp-json\/wp\/v2\/posts\/101338\/revisions"}],"predecessor-version":[{"id":101340,"href":"https:\/\/www.evafm.net\/sitio\/wp-json\/wp\/v2\/posts\/101338\/revisions\/101340"}],"wp:featuredmedia":[{"embeddable":true,"href":"https:\/\/www.evafm.net\/sitio\/wp-json\/wp\/v2\/media\/101339"}],"wp:attachment":[{"href":"https:\/\/www.evafm.net\/sitio\/wp-json\/wp\/v2\/media?parent=101338"}],"wp:term":[{"taxonomy":"category","embeddable":true,"href":"https:\/\/www.evafm.net\/sitio\/wp-json\/wp\/v2\/categories?post=101338"},{"taxonomy":"post_tag","embeddable":true,"href":"https:\/\/www.evafm.net\/sitio\/wp-json\/wp\/v2\/tags?post=101338"}],"curies":[{"name":"wp","href":"https:\/\/api.w.org\/{rel}","templated":true}]}}