{"id":101344,"date":"2026-04-29T10:19:10","date_gmt":"2026-04-29T15:19:10","guid":{"rendered":"https:\/\/www.evafm.net\/sitio\/?p=101344"},"modified":"2026-04-29T10:19:10","modified_gmt":"2026-04-29T15:19:10","slug":"el-club-sport-emelec-cumple-97-anos-de-vida-institucional","status":"publish","type":"post","link":"https:\/\/www.evafm.net\/sitio\/el-club-sport-emelec-cumple-97-anos-de-vida-institucional\/","title":{"rendered":"El Club Sport Emelec cumple 97 a\u00f1os de vida institucional"},"content":{"rendered":"<p>El\u00a0<a href=\"https:\/\/www.ecuavisa.com\/deportes\/emelec\" target=\"_blank\" rel=\"noopener\">Club Sport Emelec<\/a>\u00a0es uno de los equipos m\u00e1s tradicionales y exitosos del f\u00fatbol ecuatoriano.<\/p>\n<p>Fue fundado el<strong> 28 de abril de 1929<\/strong> en Guayaquil por el estadounidense George Capwell y hoy\u00a0<strong>celebra 97 a\u00f1os de vida institucional.<\/strong><\/p>\n<p>El club naci\u00f3 inicialmente como una\u00a0<strong>instituci\u00f3n multideportiva\u00a0<\/strong>vinculada a la Empresa El\u00e9ctrica del Ecuador, de donde proviene su nombre.<\/p>\n<p>En sus primeros a\u00f1os se impulsaron disciplinas como el\u00a0<strong>b\u00e9isbol, el boxeo y el baloncesto;<\/strong>\u00a0sin embargo, con el paso del tiempo el\u00a0<strong>f\u00fatbol se consolid\u00f3 como su actividad principal<\/strong>, convirtiendo a Emelec en protagonista del deporte nacional.<\/p>\n<p>A lo largo de su historia, el conjunto el\u00e9ctrico ha construido un legado lleno de t\u00edtulos y protagonismo, consolid\u00e1ndose como uno de los clubes m\u00e1s importantes del pa\u00eds.<\/p>\n<p><strong>El Bombillo ha conquistado 14 campeonatos nacionales<\/strong>, lo que lo ubica como el segundo equipo con m\u00e1s t\u00edtulos en el f\u00fatbol ecuatoriano.<\/p>\n<p>Adem\u00e1s, destaca por haber sido campe\u00f3n en distintas d\u00e9cadas, reflejando su regularidad y vigencia a lo largo del tiempo.<\/p>\n<p><strong>Emelec juega como local en el estadio George Capwell,<\/strong>\u00a0uno de los escenarios m\u00e1s emblem\u00e1ticos del pa\u00eds.<\/p>\n<p><strong>Su rivalidad m\u00e1s importante es con Barcelona SC<\/strong>, con quien disputa el tradicional Cl\u00e1sico del Astillero, considerado uno de los duelos m\u00e1s relevantes del f\u00fatbol ecuatoriano.<\/p>\n<p>&nbsp;<\/p>\n<p>A nivel internacional, Emelec tambi\u00e9n ha tenido participaciones destacadas.<\/p>\n<p><strong>Fue el primer club ecuatoriano en competir en un torneo internacional en 1948\u00a0<\/strong>y su mejor campa\u00f1a en la Copa Libertadores se dio en 1995, cuando alcanz\u00f3 las semifinales.<\/p>\n<p><strong>Tambi\u00e9n, fue subcampe\u00f3n de la Copa Merconorte en 2001.<\/strong><\/p>\n<p>A m\u00e1s de nueve d\u00e9cadas de su fundaci\u00f3n,<strong>\u00a0el club guayaquile\u00f1o se mantiene como protagonista del f\u00fatbol ecuatoriano y un referente del deporte nacional<\/strong>.<strong>(D)<\/strong><\/p>\n<blockquote class=\"twitter-tweet\" data-width=\"550\" data-dnt=\"true\">\n<p lang=\"es\" dir=\"ltr\">97 a\u00f1os de un sentimiento eterno. \ud83d\udd35\u26a1\ufe0f<br \/>De generaci\u00f3n en generaci\u00f3n, el orgullo sigue intacto.<\/p>\n<p>\u00a1Feliz aniversario, Club Sport Emelec!<a href=\"https:\/\/twitter.com\/hashtag\/VolviendoASerEmelec?src=hash&amp;ref_src=twsrc%5Etfw\">#VolviendoASerEmelec<\/a> \ud83d\udd35<a href=\"https:\/\/twitter.com\/hashtag\/MesDelEmelecismo?src=hash&amp;ref_src=twsrc%5Etfw\">#MesDelEmelecismo<\/a> <a href=\"https:\/\/t.co\/w2bKxIkZPB\">pic.twitter.com\/w2bKxIkZPB<\/a><\/p>\n<p>&mdash; Club Sport Emelec (@CSEmelec) <a href=\"https:\/\/twitter.com\/CSEmelec\/status\/2049147851762983338?ref_src=twsrc%5Etfw\">April 28, 2026<\/a><\/p><\/blockquote>\n<p><script async src=\"https:\/\/platform.twitter.com\/widgets.js\" charset=\"utf-8\"><\/script><\/p>\n<p>&nbsp;<\/p>\n<p><strong>Fuente:<\/strong> evafm.net &#8211; ecuavisa.com<\/p>\n<p>&nbsp;<\/p>\n<div class=\"gsp_post_data\" \r\n\t            data-post_type=\"post\" \r\n\t            data-cat=\"deportes-ecuador,general\" \r\n\t            data-modified=\"120\"\r\n\t            data-created=\"1777457950\"\r\n\t            data-title=\"El Club Sport Emelec cumple 97 a\u00f1os de vida institucional\" \r\n\t            data-home=\"https:\/\/www.evafm.net\/sitio\"><\/div>","protected":false},"excerpt":{"rendered":"<p>El\u00a0Club Sport Emelec\u00a0es uno de los equipos m\u00e1s tradicionales y exitosos del f\u00fatbol ecuatoriano. Fue fundado el 28 de abril de 1929 en Guayaquil por el estadounidense George Capwell y hoy\u00a0celebra 97 a\u00f1os de vida institucional. El club naci\u00f3 inicialmente como una\u00a0instituci\u00f3n multideportiva\u00a0vinculada a la Empresa El\u00e9ctrica del Ecuador, de donde proviene su nombre. En&#8230;<\/p>\n","protected":false},"author":5,"featured_media":101345,"comment_status":"closed","ping_status":"open","sticky":false,"template":"","format":"standard","meta":{"_joinchat":[],"footnotes":""},"categories":[1557,1720],"tags":[],"class_list":["post-101344","post","type-post","status-publish","format-standard","has-post-thumbnail","hentry","category-deportes-ecuador","category-general","have-post-thumb"],"_links":{"self":[{"href":"https:\/\/www.evafm.net\/sitio\/wp-json\/wp\/v2\/posts\/101344","targetHints":{"allow":["GET"]}}],"collection":[{"href":"https:\/\/www.evafm.net\/sitio\/wp-json\/wp\/v2\/posts"}],"about":[{"href":"https:\/\/www.evafm.net\/sitio\/wp-json\/wp\/v2\/types\/post"}],"author":[{"embeddable":true,"href":"https:\/\/www.evafm.net\/sitio\/wp-json\/wp\/v2\/users\/5"}],"replies":[{"embeddable":true,"href":"https:\/\/www.evafm.net\/sitio\/wp-json\/wp\/v2\/comments?post=101344"}],"version-history":[{"count":1,"href":"https:\/\/www.evafm.net\/sitio\/wp-json\/wp\/v2\/posts\/101344\/revisions"}],"predecessor-version":[{"id":101346,"href":"https:\/\/www.evafm.net\/sitio\/wp-json\/wp\/v2\/posts\/101344\/revisions\/101346"}],"wp:featuredmedia":[{"embeddable":true,"href":"https:\/\/www.evafm.net\/sitio\/wp-json\/wp\/v2\/media\/101345"}],"wp:attachment":[{"href":"https:\/\/www.evafm.net\/sitio\/wp-json\/wp\/v2\/media?parent=101344"}],"wp:term":[{"taxonomy":"category","embeddable":true,"href":"https:\/\/www.evafm.net\/sitio\/wp-json\/wp\/v2\/categories?post=101344"},{"taxonomy":"post_tag","embeddable":true,"href":"https:\/\/www.evafm.net\/sitio\/wp-json\/wp\/v2\/tags?post=101344"}],"curies":[{"name":"wp","href":"https:\/\/api.w.org\/{rel}","templated":true}]}}