{"id":101356,"date":"2026-04-29T11:24:46","date_gmt":"2026-04-29T16:24:46","guid":{"rendered":"https:\/\/www.evafm.net\/sitio\/?p=101356"},"modified":"2026-04-29T11:24:46","modified_gmt":"2026-04-29T16:24:46","slug":"liga-de-quito-cayo-frente-a-lanus-0-1-conmebol-libertadores-2026","status":"publish","type":"post","link":"https:\/\/www.evafm.net\/sitio\/liga-de-quito-cayo-frente-a-lanus-0-1-conmebol-libertadores-2026\/","title":{"rendered":"Liga de Quito cayo frente a Lanus 0 &#8211; 1 Conmebol Libertadores 2026"},"content":{"rendered":"<p>Duro traspi\u00e9. Nunca estuvo en partido y, a pesar del corto resultado, la realidad es que la pas\u00f3 mal.<\/p>\n<p>En La Fortaleza,\u00a0<strong><a class=\"slug\" title=\"liga de quito\" href=\"https:\/\/www.ole.com.ar\/tema\/liga-de-quito.html\">Liga de Quito<\/a>\u00a0no pudo sostener el invicto en la Copa Libertadores y se vuelve a Ecuador con las manos vac\u00edas: fue derrota 1-0 ante\u00a0<a class=\"slug\" title=\"Lan\u00fas\" href=\"https:\/\/www.ole.com.ar\/tema\/lanus.html\" target=\"_blank\" rel=\"noopener\">Lan\u00fas<\/a><\/strong><\/p>\n<p>en la <strong>Jornada 4 Liga de Quito<\/strong> visitara a<strong> Misrassol el jueves 7 de mayo a las 17:00 &#8211; ECU &#8211; <\/strong>en el estadio<strong> Jose Maria de Camp\u00f3s &#8211; Maia Mirassol . (D)<\/strong><\/p>\n<p>&nbsp;<\/p>\n<p><strong>Gol de Lanus:<\/strong><\/p>\n<p><strong>Agustin Cardoso<\/strong> en el <strong>(minuto 74)<\/strong><\/p>\n<p>&nbsp;<\/p>\n<p><iframe title=\"LAN\u00daS DERROT\u00d3 A LA LIGA EN BUENOS AIRES Y SE SUBI\u00d3 A LO M\u00c1S ALTO | Lan\u00fas 1-0 Liga de Quito | RESUMEN\" width=\"1200\" height=\"675\" src=\"https:\/\/www.youtube.com\/embed\/vJ0hBE44wIQ?feature=oembed\" frameborder=\"0\" allow=\"accelerometer; autoplay; clipboard-write; encrypted-media; gyroscope; picture-in-picture; web-share\" referrerpolicy=\"strict-origin-when-cross-origin\" allowfullscreen><\/iframe><\/p>\n<p>&nbsp;<\/p>\n<p><strong>Fuente:<\/strong> evafm.net &#8211; ole.com.ar &#8211; youtube.com<\/p>\n<div class=\"gsp_post_data\" \r\n\t            data-post_type=\"post\" \r\n\t            data-cat=\"deportes-internacionales\" \r\n\t            data-modified=\"120\"\r\n\t            data-created=\"1777461886\"\r\n\t            data-title=\"Liga de Quito cayo frente a Lanus 0 &#8211; 1 Conmebol Libertadores 2026\" \r\n\t            data-home=\"https:\/\/www.evafm.net\/sitio\"><\/div>","protected":false},"excerpt":{"rendered":"<p>Duro traspi\u00e9. Nunca estuvo en partido y, a pesar del corto resultado, la realidad es que la pas\u00f3 mal. En La Fortaleza,\u00a0Liga de Quito\u00a0no pudo sostener el invicto en la Copa Libertadores y se vuelve a Ecuador con las manos vac\u00edas: fue derrota 1-0 ante\u00a0Lan\u00fas en la Jornada 4 Liga de Quito visitara a Misrassol&#8230;<\/p>\n","protected":false},"author":5,"featured_media":101357,"comment_status":"closed","ping_status":"open","sticky":false,"template":"","format":"standard","meta":{"_joinchat":[],"footnotes":""},"categories":[1342],"tags":[],"class_list":["post-101356","post","type-post","status-publish","format-standard","has-post-thumbnail","hentry","category-deportes-internacionales","have-post-thumb"],"_links":{"self":[{"href":"https:\/\/www.evafm.net\/sitio\/wp-json\/wp\/v2\/posts\/101356","targetHints":{"allow":["GET"]}}],"collection":[{"href":"https:\/\/www.evafm.net\/sitio\/wp-json\/wp\/v2\/posts"}],"about":[{"href":"https:\/\/www.evafm.net\/sitio\/wp-json\/wp\/v2\/types\/post"}],"author":[{"embeddable":true,"href":"https:\/\/www.evafm.net\/sitio\/wp-json\/wp\/v2\/users\/5"}],"replies":[{"embeddable":true,"href":"https:\/\/www.evafm.net\/sitio\/wp-json\/wp\/v2\/comments?post=101356"}],"version-history":[{"count":1,"href":"https:\/\/www.evafm.net\/sitio\/wp-json\/wp\/v2\/posts\/101356\/revisions"}],"predecessor-version":[{"id":101358,"href":"https:\/\/www.evafm.net\/sitio\/wp-json\/wp\/v2\/posts\/101356\/revisions\/101358"}],"wp:featuredmedia":[{"embeddable":true,"href":"https:\/\/www.evafm.net\/sitio\/wp-json\/wp\/v2\/media\/101357"}],"wp:attachment":[{"href":"https:\/\/www.evafm.net\/sitio\/wp-json\/wp\/v2\/media?parent=101356"}],"wp:term":[{"taxonomy":"category","embeddable":true,"href":"https:\/\/www.evafm.net\/sitio\/wp-json\/wp\/v2\/categories?post=101356"},{"taxonomy":"post_tag","embeddable":true,"href":"https:\/\/www.evafm.net\/sitio\/wp-json\/wp\/v2\/tags?post=101356"}],"curies":[{"name":"wp","href":"https:\/\/api.w.org\/{rel}","templated":true}]}}