{"id":101359,"date":"2026-04-29T11:53:33","date_gmt":"2026-04-29T16:53:33","guid":{"rendered":"https:\/\/www.evafm.net\/sitio\/?p=101359"},"modified":"2026-04-29T11:53:33","modified_gmt":"2026-04-29T16:53:33","slug":"deportivo-cuenca-empato-con-deportivo-recoleta-0-0-conmebol-sudamericana-2026","status":"publish","type":"post","link":"https:\/\/www.evafm.net\/sitio\/deportivo-cuenca-empato-con-deportivo-recoleta-0-0-conmebol-sudamericana-2026\/","title":{"rendered":"Deportivo Cuenca empato con Dep\u00f3rtivo Recoleta 0 &#8211; 0 Conmebol Sudamericana 2026"},"content":{"rendered":"<p>Punto de partida. Para volver a empezar&#8230; Luego de dos derrotas muy duras por la LigaPro,\u00a0<strong>Deportivo Cuenca empat\u00f3 0-0 de visitante ante Recoleta<\/strong>, por la tercera fecha de la fase de grupos de la Copa Sudamericana.<\/p>\n<p>As\u00ed, el equipo de Jorge C\u00e9lico\u00a0<strong>se mantiene en la pelea en el torneo internacional.<\/strong><\/p>\n<p>en la <strong>Jornada 4 Deportivo Cuenca <\/strong>recibira <strong>a San Lorenzo el martes 5 de mayo<\/strong> a las<strong> 21:00\u00a0 en el estadio ASA &#8211; Alejandro Serrano Aguilar &#8211; . (D)<\/strong><\/p>\n<p>&nbsp;<\/p>\n<p><iframe title=\"EL RECOLETA Y EL CUENCA NO QUEBRARON EL CERO EN PARAGUAY | Dep. Recoleta 0-0 Dep. Cuenca | RESUMEN\" width=\"1200\" height=\"675\" src=\"https:\/\/www.youtube.com\/embed\/rMumIURY7Tk?feature=oembed\" frameborder=\"0\" allow=\"accelerometer; autoplay; clipboard-write; encrypted-media; gyroscope; picture-in-picture; web-share\" referrerpolicy=\"strict-origin-when-cross-origin\" allowfullscreen><\/iframe><\/p>\n<p><strong>Fuente:<\/strong> evafm.net &#8211; ole.com.ar &#8211; youtube.com<\/p>\n<p>&nbsp;<\/p>\n<div class=\"gsp_post_data\" \r\n\t            data-post_type=\"post\" \r\n\t            data-cat=\"deportes-internacionales\" \r\n\t            data-modified=\"120\"\r\n\t            data-created=\"1777463613\"\r\n\t            data-title=\"Deportivo Cuenca empato con Dep\u00f3rtivo Recoleta 0 &#8211; 0 Conmebol Sudamericana 2026\" \r\n\t            data-home=\"https:\/\/www.evafm.net\/sitio\"><\/div>","protected":false},"excerpt":{"rendered":"<p>Punto de partida. Para volver a empezar&#8230; Luego de dos derrotas muy duras por la LigaPro,\u00a0Deportivo Cuenca empat\u00f3 0-0 de visitante ante Recoleta, por la tercera fecha de la fase de grupos de la Copa Sudamericana. As\u00ed, el equipo de Jorge C\u00e9lico\u00a0se mantiene en la pelea en el torneo internacional. en la Jornada 4 Deportivo&#8230;<\/p>\n","protected":false},"author":5,"featured_media":101360,"comment_status":"closed","ping_status":"open","sticky":false,"template":"","format":"standard","meta":{"_joinchat":[],"footnotes":""},"categories":[1342],"tags":[],"class_list":["post-101359","post","type-post","status-publish","format-standard","has-post-thumbnail","hentry","category-deportes-internacionales","have-post-thumb"],"_links":{"self":[{"href":"https:\/\/www.evafm.net\/sitio\/wp-json\/wp\/v2\/posts\/101359","targetHints":{"allow":["GET"]}}],"collection":[{"href":"https:\/\/www.evafm.net\/sitio\/wp-json\/wp\/v2\/posts"}],"about":[{"href":"https:\/\/www.evafm.net\/sitio\/wp-json\/wp\/v2\/types\/post"}],"author":[{"embeddable":true,"href":"https:\/\/www.evafm.net\/sitio\/wp-json\/wp\/v2\/users\/5"}],"replies":[{"embeddable":true,"href":"https:\/\/www.evafm.net\/sitio\/wp-json\/wp\/v2\/comments?post=101359"}],"version-history":[{"count":1,"href":"https:\/\/www.evafm.net\/sitio\/wp-json\/wp\/v2\/posts\/101359\/revisions"}],"predecessor-version":[{"id":101361,"href":"https:\/\/www.evafm.net\/sitio\/wp-json\/wp\/v2\/posts\/101359\/revisions\/101361"}],"wp:featuredmedia":[{"embeddable":true,"href":"https:\/\/www.evafm.net\/sitio\/wp-json\/wp\/v2\/media\/101360"}],"wp:attachment":[{"href":"https:\/\/www.evafm.net\/sitio\/wp-json\/wp\/v2\/media?parent=101359"}],"wp:term":[{"taxonomy":"category","embeddable":true,"href":"https:\/\/www.evafm.net\/sitio\/wp-json\/wp\/v2\/categories?post=101359"},{"taxonomy":"post_tag","embeddable":true,"href":"https:\/\/www.evafm.net\/sitio\/wp-json\/wp\/v2\/tags?post=101359"}],"curies":[{"name":"wp","href":"https:\/\/api.w.org\/{rel}","templated":true}]}}