{"id":101369,"date":"2026-04-30T10:05:01","date_gmt":"2026-04-30T15:05:01","guid":{"rendered":"https:\/\/www.evafm.net\/sitio\/?p=101369"},"modified":"2026-04-30T10:05:01","modified_gmt":"2026-04-30T15:05:01","slug":"el-indice-de-inflacion-interanual-favorito-de-la-reserva-federal-de-estados-unidos-subio-mas-de-lo-esperado-35","status":"publish","type":"post","link":"https:\/\/www.evafm.net\/sitio\/el-indice-de-inflacion-interanual-favorito-de-la-reserva-federal-de-estados-unidos-subio-mas-de-lo-esperado-35\/","title":{"rendered":"El \u00edndice de inflaci\u00f3n interanual favorito de la Reserva Federal de Estados Unidos subi\u00f3 m\u00e1s de lo esperado: 3,5%"},"content":{"rendered":"<p><b>La inflaci\u00f3n en Estados Unidos se aceler\u00f3 en marzo<\/b>, ya que la guerra con\u00a0<b>Ir\u00e1n<\/b>\u00a0provoc\u00f3\u00a0<b>un aumento de los precios de la gasolina<\/b>, reforzando las expectativas de los mercados financieros de que la\u00a0<b>Reserva Federal<\/b>\u00a0mantenga sin cambios las tasas de inter\u00e9s hasta bien entrado el pr\u00f3ximo a\u00f1o.<\/p>\n<p>El \u00edndice de precios de los gastos de consumo personal (PCE por sus siglas en ingl\u00e9s) subi\u00f3 un\u00a0<b>0,7%<\/b>\u00a0el mes pasado, el mayor incremento desde junio de 2022, tras un aumento no revisado del\u00a0<b>0,4%<\/b>\u00a0en febrero, inform\u00f3 este jueves la Oficina de An\u00e1lisis Econ\u00f3mico del Departamento de Comercio. El alza se ajust\u00f3 a las expectativas de los economistas.<\/p>\n<p><b>En los 12 meses hasta marzo, la inflaci\u00f3n del PCE se dispar\u00f3 un 3,5%<\/b>, el mayor aumento desde mayo de 2023, tras subir un <strong>2,8% en febrero. <\/strong><\/p>\n<p>Los datos se incluyeron en el informe preliminar del PIB del primer trimestre, tambi\u00e9n publicado este jueves.<\/p>\n<p>La Oficina de An\u00e1lisis Econ\u00f3mico (BEA, por sus siglas en ingl\u00e9s) se ha puesto al d\u00eda con la publicaci\u00f3n de datos clave tras los retrasos causados por el cierre del Gobierno del a\u00f1o pasado.<\/p>\n<p>La inflaci\u00f3n ya era elevada antes de la guerra, en gran parte debido a los aranceles de importaci\u00f3n generalizados del presidente\u00a0<b>Donald Trump<\/b>.<\/p>\n<p>&nbsp;<\/p>\n<p><b>El precio promedio nacional de la gasolina al por menor se dispar\u00f3 un 24,1% en marzo<\/b>, seg\u00fan datos de la Administraci\u00f3n de Informaci\u00f3n de Energ\u00eda.<\/p>\n<p>Los precios en las gasolineras han seguido subiendo, alcanzando esta semana su nivel m\u00e1s alto en casi cuatro a\u00f1os.<\/p>\n<p>Excluyendo los componentes vol\u00e1tiles de alimentos y energ\u00eda, el \u00edndice de precios del PCE subi\u00f3 un\u00a0<b>0,3%<\/b>\u00a0en marzo, tras aumentar un\u00a0<b>0,4%<\/b>\u00a0en febrero.<\/p>\n<p>En los 12 meses hasta marzo, la denominada inflaci\u00f3n subyacente del PCE avanz\u00f3 un\u00a0<b>3,2%<\/b>, tras un aumento similar en febrero.<\/p>\n<p class=\"paragraph\" data-mrf-recirculation=\"Links inline\"><b>La Fed utiliza los indicadores de precios del PCE para su objetivo de inflaci\u00f3n del 2%<\/b>.<\/p>\n<p class=\"paragraph\" data-mrf-recirculation=\"Links inline\">El banco central estadounidense mantuvo el mi\u00e9rcoles su tasa de inter\u00e9s de referencia a un d\u00eda en el\u00a0<b>rango del 3,5%-3,75%<\/b>, alegando la creciente preocupaci\u00f3n por la inflaci\u00f3n derivada de la guerra con Ir\u00e1n.<\/p>\n<p class=\"paragraph\" data-mrf-recirculation=\"Links inline\">El gasto de los consumidores, que representa m\u00e1s de dos tercios de la actividad econ\u00f3mica, se dispar\u00f3 un\u00a0<b>0,9%<\/b>\u00a0tras subir un\u00a0<b>0,6%<\/b>\u00a0en febrero.<\/p>\n<p class=\"paragraph\" data-mrf-recirculation=\"Links inline\">Ajustado a la inflaci\u00f3n, el gasto solo aument\u00f3 un\u00a0<b>0,2%<\/b>\u00a0tras registrar un alza del\u00a0<b>0,3%<\/b>, lo que sit\u00faa al consumo y a la econom\u00eda en general en una trayectoria de crecimiento m\u00e1s lento de cara al segundo trimestre<strong>.(I)<\/strong><\/p>\n<p data-mrf-recirculation=\"Links inline\">Fuente: evafm.net . infobae.com<\/p>\n<p data-mrf-recirculation=\"Links inline\">\n<p>&nbsp;<\/p>\n<div class=\"gsp_post_data\" \r\n\t            data-post_type=\"post\" \r\n\t            data-cat=\"general,noticias-internacionales\" \r\n\t            data-modified=\"120\"\r\n\t            data-created=\"1777543501\"\r\n\t            data-title=\"El \u00edndice de inflaci\u00f3n interanual favorito de la Reserva Federal de Estados Unidos subi\u00f3 m\u00e1s de lo esperado: 3,5%\" \r\n\t            data-home=\"https:\/\/www.evafm.net\/sitio\"><\/div>","protected":false},"excerpt":{"rendered":"<p>La inflaci\u00f3n en Estados Unidos se aceler\u00f3 en marzo, ya que la guerra con\u00a0Ir\u00e1n\u00a0provoc\u00f3\u00a0un aumento de los precios de la gasolina, reforzando las expectativas de los mercados financieros de que la\u00a0Reserva Federal\u00a0mantenga sin cambios las tasas de inter\u00e9s hasta bien entrado el pr\u00f3ximo a\u00f1o. El \u00edndice de precios de los gastos de consumo personal (PCE&#8230;<\/p>\n","protected":false},"author":5,"featured_media":101370,"comment_status":"closed","ping_status":"open","sticky":false,"template":"","format":"standard","meta":{"_joinchat":[],"footnotes":""},"categories":[1720,1345],"tags":[],"class_list":["post-101369","post","type-post","status-publish","format-standard","has-post-thumbnail","hentry","category-general","category-noticias-internacionales","have-post-thumb"],"_links":{"self":[{"href":"https:\/\/www.evafm.net\/sitio\/wp-json\/wp\/v2\/posts\/101369","targetHints":{"allow":["GET"]}}],"collection":[{"href":"https:\/\/www.evafm.net\/sitio\/wp-json\/wp\/v2\/posts"}],"about":[{"href":"https:\/\/www.evafm.net\/sitio\/wp-json\/wp\/v2\/types\/post"}],"author":[{"embeddable":true,"href":"https:\/\/www.evafm.net\/sitio\/wp-json\/wp\/v2\/users\/5"}],"replies":[{"embeddable":true,"href":"https:\/\/www.evafm.net\/sitio\/wp-json\/wp\/v2\/comments?post=101369"}],"version-history":[{"count":2,"href":"https:\/\/www.evafm.net\/sitio\/wp-json\/wp\/v2\/posts\/101369\/revisions"}],"predecessor-version":[{"id":101372,"href":"https:\/\/www.evafm.net\/sitio\/wp-json\/wp\/v2\/posts\/101369\/revisions\/101372"}],"wp:featuredmedia":[{"embeddable":true,"href":"https:\/\/www.evafm.net\/sitio\/wp-json\/wp\/v2\/media\/101370"}],"wp:attachment":[{"href":"https:\/\/www.evafm.net\/sitio\/wp-json\/wp\/v2\/media?parent=101369"}],"wp:term":[{"taxonomy":"category","embeddable":true,"href":"https:\/\/www.evafm.net\/sitio\/wp-json\/wp\/v2\/categories?post=101369"},{"taxonomy":"post_tag","embeddable":true,"href":"https:\/\/www.evafm.net\/sitio\/wp-json\/wp\/v2\/tags?post=101369"}],"curies":[{"name":"wp","href":"https:\/\/api.w.org\/{rel}","templated":true}]}}