{"id":101402,"date":"2026-05-01T16:33:48","date_gmt":"2026-05-01T21:33:48","guid":{"rendered":"https:\/\/www.evafm.net\/sitio\/?p=101402"},"modified":"2026-05-01T16:33:48","modified_gmt":"2026-05-01T21:33:48","slug":"barcelona-para-festejar-los-101-anos-de-fundacion","status":"publish","type":"post","link":"https:\/\/www.evafm.net\/sitio\/barcelona-para-festejar-los-101-anos-de-fundacion\/","title":{"rendered":"Barcelona para festejar los 101 a\u00f1os de fundaci\u00f3n"},"content":{"rendered":"<div id=\"element-body-0\" class=\"sc-136cd478-0 ekTCfV\">\n<p>Este viernes 1ro de mayo se\u00a0<a title=\"cumplieron 101 a\u00f1os de fundaci\u00f3n de Barcelona\" href=\"https:\/\/www.ole.com.ar\/ecuador\/barcelona-sc\/barcelona-101-anos-historia-anibersario-indumentaria-conmemorativa_0_3gBP2vfnem.html\" target=\"_blank\" rel=\"noopener\">cumplieron<strong> 101 a\u00f1os de fundaci\u00f3n de Barcelona<\/strong><\/a>.<\/p>\n<p>Los hinchas del \u00cddolo festejaron un aniversario m\u00e1s del club de sus amores en redes sociales, enviando mensajes especiales.<\/p>\n<p>Desde la interna de los Toreros publicaron un video para conmemorar esta fecha especial, pero\u00a0<strong>dieron a conocer una decisi\u00f3n que fue cuestionada.<\/strong><\/p>\n<\/div>\n<div id=\"element-body-1\" class=\"sc-136cd478-0 ekTCfV\">\n<p><a class=\"slug\" title=\"Antonio \u00c1lvarez Henriques\" href=\"https:\/\/www.ole.com.ar\/tema\/antonio-alvarez-henriques.html\">Antonio \u00c1lvarez<\/a>, presidente de\u00a0<a class=\"slug\" title=\"Barcelona Sporting Club\" href=\"https:\/\/www.ole.com.ar\/tema\/barcelona-sporting-club.html\">Barcelona<\/a>, public\u00f3 un comunicado acerca del acto solemne para festejar los <strong>101 a\u00f1os de historia. <\/strong><\/p>\n<p>El m\u00e1ximo dirigente del club dio a conocer que\u00a0<strong>la celebraci\u00f3n fue postergada hasta el 30 de mayo por los distintos compromisos que tiene BSC en este mes.<\/strong><\/p>\n<\/div>\n<div id=\"element-body-2\" class=\"sc-136cd478-0 ekTCfV\">\n<p>Esta decisi\u00f3n fue cuestionada por los hinchas, que reaccionar de manera negativa al comunicado sobre el acto solemne.<\/p>\n<p>La afici\u00f3n se mostr\u00f3 en contra de postergar\u00a0<strong>la celebraci\u00f3n de los 101 a\u00f1os, ya que se realizar\u00e1 un mes despu\u00e9s, lo que no gust\u00f3 entre la hinchada.<\/strong><\/p>\n<\/div>\n<div class=\"sc-b844ab6b-10 kocDXJ\">\n<div id=\"div-gpt-ad-inread\" class=\"lazyBanner\" data-google-query-id=\"CP6yy7yCmZQDFVUT0AQdZtsd5A\">\n<div id=\"google_ads_iframe_\/242767168\/ole\/ecuador\/liga-pro\/nota\/inread_0__container__\"><\/div>\n<\/div>\n<\/div>\n<div id=\"element-body-3\" class=\"sc-136cd478-0 ekTCfV\">\n<p>Los comentarios fueron cr\u00edticos contra \u00c1lvarez, quien no ha comparecido en un acto p\u00fablico desde que estuvo detenido por un proceso judicial que est\u00e1 atravesando.<\/p>\n<p><strong>El presidente de BSC tiene muchos hinchas en contra, lo que se evidenci\u00f3 en las respuestas al comunicado. (D)<\/strong><\/p>\n<p><strong>Barcelona public\u00f3 los precios de las entradas para recibir a Boca Juniors<\/strong><\/p>\n<div id=\"element-body-8\" class=\"sc-136cd478-0 ekTCfV\">\n<p><strong>BSC<\/strong> public\u00f3 los precios de las entradas para recibir a Boca,\u00a0<a title=\"con valores accesibles para los socios e hinchas en general\" href=\"https:\/\/www.ole.com.ar\/ecuador\/internacional\/copa-libertadores-barcelona-publico-precios-entradas-boca-juniors-comprar_0_esdFO4QmFr.html\" target=\"_blank\" rel=\"noopener\">con valores accesibles para los socios e hinchas en general<\/a>.<\/p>\n<\/div>\n<div id=\"element-body-9\" class=\"sc-136cd478-0 ekTCfV\">\n<p><strong>La general<\/strong> tiene un costo de<strong> $6<\/strong> para socios y<strong> $12 para hinchas, tribuna $9 socios<\/strong> y<strong> $18 hinchas<\/strong>, <strong>palcos lateral y bajo $12.50 socios<\/strong> y<strong> $25 hinchas, palco oriental<\/strong><\/p>\n<p><strong> $15 socios y $30 hinchas, y suite $20 socios $40 hinchas.<\/strong><\/p>\n<\/div>\n<div id=\"element-body-10\" class=\"sc-136cd478-0 ekTCfV\">\n<p>Con esos precios, Barcelona espera que la afici\u00f3n llegue en gran n\u00famero al estadio para tener su aliento frente a Boca.<\/p>\n<p>Los tres puntos son una urgencia y cualquier ayuda extra ser\u00e1 importante para vencer a los argentinos y as\u00ed obtener su primera victoria en esta edici\u00f3n de la Copa.<strong>(D)<\/strong><\/p>\n<\/div>\n<\/div>\n<p>&nbsp;<\/p>\n<div id=\"element-body-3\" class=\"sc-136cd478-0 ekTCfV\">\n<p><strong>El comunicado de Barcelona:<\/strong><\/p>\n<p>&nbsp;<\/p>\n<p><img fetchpriority=\"high\" decoding=\"async\" class=\"\" src=\"https:\/\/pbs.twimg.com\/media\/HHQfbPdWsAAOs7h?format=jpg&amp;name=large\" alt=\"Imagen\" width=\"550\" height=\"688\" \/><img decoding=\"async\" class=\"\" src=\"https:\/\/pbs.twimg.com\/media\/HHQfbRYWkAA4mo_?format=jpg&amp;name=large\" alt=\"Imagen\" width=\"551\" height=\"689\" \/><\/p>\n<\/div>\n<p><img decoding=\"async\" src=\"https:\/\/www.ole.com.ar\/images\/2026\/05\/01\/PB6dx95pP_720x0__1.jpg\" alt=\"La camiseta de Barcelona por el aniversario.\" \/><\/p>\n<p>La camiseta de Barcelona por el aniversario.<\/p>\n<p><strong>Fuente:<\/strong> evafm.net &#8211; ole.com.ar<\/p>\n<div class=\"gsp_post_data\" \r\n\t            data-post_type=\"post\" \r\n\t            data-cat=\"deportes-ecuador\" \r\n\t            data-modified=\"120\"\r\n\t            data-created=\"1777653228\"\r\n\t            data-title=\"Barcelona para festejar los 101 a\u00f1os de fundaci\u00f3n\" \r\n\t            data-home=\"https:\/\/www.evafm.net\/sitio\"><\/div>","protected":false},"excerpt":{"rendered":"<p>Este viernes 1ro de mayo se\u00a0cumplieron 101 a\u00f1os de fundaci\u00f3n de Barcelona. Los hinchas del \u00cddolo festejaron un aniversario m\u00e1s del club de sus amores en redes sociales, enviando mensajes especiales. Desde la interna de los Toreros publicaron un video para conmemorar esta fecha especial, pero\u00a0dieron a conocer una decisi\u00f3n que fue cuestionada. Antonio \u00c1lvarez,&#8230;<\/p>\n","protected":false},"author":5,"featured_media":101403,"comment_status":"closed","ping_status":"open","sticky":false,"template":"","format":"standard","meta":{"_joinchat":[],"footnotes":""},"categories":[1557],"tags":[],"class_list":["post-101402","post","type-post","status-publish","format-standard","has-post-thumbnail","hentry","category-deportes-ecuador","have-post-thumb"],"_links":{"self":[{"href":"https:\/\/www.evafm.net\/sitio\/wp-json\/wp\/v2\/posts\/101402","targetHints":{"allow":["GET"]}}],"collection":[{"href":"https:\/\/www.evafm.net\/sitio\/wp-json\/wp\/v2\/posts"}],"about":[{"href":"https:\/\/www.evafm.net\/sitio\/wp-json\/wp\/v2\/types\/post"}],"author":[{"embeddable":true,"href":"https:\/\/www.evafm.net\/sitio\/wp-json\/wp\/v2\/users\/5"}],"replies":[{"embeddable":true,"href":"https:\/\/www.evafm.net\/sitio\/wp-json\/wp\/v2\/comments?post=101402"}],"version-history":[{"count":1,"href":"https:\/\/www.evafm.net\/sitio\/wp-json\/wp\/v2\/posts\/101402\/revisions"}],"predecessor-version":[{"id":101404,"href":"https:\/\/www.evafm.net\/sitio\/wp-json\/wp\/v2\/posts\/101402\/revisions\/101404"}],"wp:featuredmedia":[{"embeddable":true,"href":"https:\/\/www.evafm.net\/sitio\/wp-json\/wp\/v2\/media\/101403"}],"wp:attachment":[{"href":"https:\/\/www.evafm.net\/sitio\/wp-json\/wp\/v2\/media?parent=101402"}],"wp:term":[{"taxonomy":"category","embeddable":true,"href":"https:\/\/www.evafm.net\/sitio\/wp-json\/wp\/v2\/categories?post=101402"},{"taxonomy":"post_tag","embeddable":true,"href":"https:\/\/www.evafm.net\/sitio\/wp-json\/wp\/v2\/tags?post=101402"}],"curies":[{"name":"wp","href":"https:\/\/api.w.org\/{rel}","templated":true}]}}