{"id":101405,"date":"2026-05-01T16:47:06","date_gmt":"2026-05-01T21:47:06","guid":{"rendered":"https:\/\/www.evafm.net\/sitio\/?p=101405"},"modified":"2026-05-01T16:47:06","modified_gmt":"2026-05-01T21:47:06","slug":"el-venezia-de-yeboah-subio-a-la-serie-a","status":"publish","type":"post","link":"https:\/\/www.evafm.net\/sitio\/el-venezia-de-yeboah-subio-a-la-serie-a\/","title":{"rendered":"El Venezia de Yeboah subi\u00f3 a la Serie A"},"content":{"rendered":"<div id=\"element-body-0\" class=\"sc-136cd478-0 ekTCfV\">\n<p>Despu\u00e9s de tanta expectativa que se hab\u00eda generado,\u00a0<a title=\"John Yeboah\" href=\"https:\/\/www.ole.com.ar\/tema\/john-yeboah.html\" target=\"_blank\" rel=\"noopener\">John Yeboah<\/a>\u00a0<strong>logr\u00f3 el ansiado ascenso a la Serie A del f\u00fatbol italiano junto al Venezia FC<\/strong>.<\/p>\n<p>El futbolista de ra\u00edces ecuatorianas fue\u00a0<a title=\"protagonista en una campa\u00f1a del Lagunari\" href=\"https:\/\/www.ole.com.ar\/ecuador\/internacional\/serie-italia-venezia-fc-john-yeboah-gano-epoli-necesita-ascender_0_LLzTX50m8c.html\" target=\"_blank\" rel=\"noopener\">protagonista en una campa\u00f1a del Lagunari<\/a>, donde se termin\u00f3 quedando con uno de los cupos que firmaron la vuelta a la primera division del f\u00fatbol italiano.<\/p>\n<\/div>\n<div id=\"element-body-1\" class=\"sc-136cd478-0 ekTCfV\">\n<p>Es que el cuadro que tiene en sus filas al seleccionado tricolor\u00a0<strong>igual\u00f3 por 2-2 en su visita a Spezia en el Alberto Picco<\/strong>\u00a0en la jornada valida por la fecha 37 y logr\u00f3 su objetivo una fecha antes gracias a la ca\u00edda de Monza.<\/p>\n<\/div>\n<div id=\"element-body-2\" class=\"sc-136cd478-0 ekTCfV\">\n<p>La fiesta fue completa, ya que\u00a0<strong>John Yeboah abri\u00f3 el marcador con una espectacular jugada individual<\/strong>, desparramando rivales en el camino y definiendo ante la salida del arquero.<\/p>\n<p>En el complemento, Richie Sagrado fue el encargado de aumentar la diferencia en el marcador, pero en el conjunto local descont\u00f3 Mattia Valoti y Gabriele Artistico igual\u00f3 para ponerle suspenso al final del encuentro.<\/p>\n<\/div>\n<p>El jugador, que habitualmente es convocado a la Selecci\u00f3n de Ecuador por Sebasti\u00e1n Beccacece y tiene chances de jugar la Copa del Mundo, jug\u00f3 su partido n\u00famero 33 por Serie B en est\u00e1 campa\u00f1a con 10 goles y nueve asistencias.<\/p>\n<p><strong>El ascenso de Venezia a la Serie A<\/strong><\/p>\n<p>En el ascenso italiano, los dos primeros equipos ascienden directo, mientras que del tercero al octavo se juega un playoff por un cupo m\u00e1s.<\/p>\n<p>Por lo tanto, Venezia ya consigui\u00f3 su ascenso a la Serie A, ya que con una fecha por jugar Monza (3\u00b0) qued\u00f3 a cuatro unidades y ya no lo podr\u00e1 alcanzar en la tabla de posiciones.<\/p>\n<p><strong>\u00bfCu\u00e1ndo vuelve a jugar el Venezia de John Yeboah?<\/strong><\/p>\n<p>El pr\u00f3ximo compromiso del Venezia corresponde a la fecha 38 de la Serie B italiana, donde estar\u00e1n enfrentando al Palermo en condici\u00f3n de local, el pr\u00f3ximo viernes 8 de mayo, a partir de las 13:30 de Ecuador, donde festejar\u00e1 el ascenso junto a su p\u00fablico<strong>.(D)<\/strong><\/p>\n<div class=\"css-175oi2r r-zl2h9q\">\n<div class=\"css-175oi2r r-k4xj1c r-18u37iz r-1wtj0ep\">\n<div class=\"css-175oi2r r-1d09ksm r-18u37iz r-1wbh5a2\">\n<div class=\"css-175oi2r r-1wbh5a2 r-dnmrzs r-1ny4l3l\">\n<div id=\"id__gzgd6o5zegh\" class=\"css-175oi2r r-1wbh5a2 r-dnmrzs r-1ny4l3l r-1awozwy r-18u37iz\" data-testid=\"User-Name\">\n<div class=\"css-175oi2r r-1awozwy r-18u37iz r-1wbh5a2 r-dnmrzs\">\n<div class=\"css-175oi2r r-1wbh5a2 r-dnmrzs\">\n<div class=\"css-175oi2r r-1awozwy r-18u37iz r-1wbh5a2 r-dnmrzs\">\n<div class=\"css-146c3p1 r-bcqeeo r-1ttztb7 r-qvutc0 r-37j5jr r-a023e6 r-rjixqe r-b88u0q r-1awozwy r-6koalj r-1udh08x r-3s2u2q\" dir=\"ltr\"><strong><span class=\"css-1jxf684 r-dnmrzs r-1udh08x r-1udbk01 r-3s2u2q r-bcqeeo r-1ttztb7 r-qvutc0 r-poiln3\"><span class=\"css-1jxf684 r-bcqeeo r-1ttztb7 r-qvutc0 r-poiln3\">Venezia FC<\/span><\/span><\/strong><\/div>\n<div class=\"css-146c3p1 r-bcqeeo r-1ttztb7 r-qvutc0 r-37j5jr r-a023e6 r-rjixqe r-16dba41 r-xoduu5 r-18u37iz r-1q142lx\" dir=\"ltr\"><\/div>\n<\/div>\n<\/div>\n<\/div>\n<div class=\"css-175oi2r r-18u37iz r-1wbh5a2 r-1ez5h0i\">\n<div class=\"css-175oi2r r-1d09ksm r-18u37iz r-1wbh5a2\">\n<div class=\"css-175oi2r r-1wbh5a2 r-dnmrzs\">\n<div class=\"css-146c3p1 r-dnmrzs r-1udh08x r-1udbk01 r-3s2u2q r-bcqeeo r-1ttztb7 r-qvutc0 r-37j5jr r-a023e6 r-rjixqe r-16dba41 r-18u37iz r-1wvb978\" dir=\"ltr\"><strong><span class=\"css-1jxf684 r-bcqeeo r-1ttztb7 r-qvutc0 r-poiln3\">@VeneziaFC_EN<\/span><\/strong><\/div>\n<\/div>\n<div class=\"css-146c3p1 r-bcqeeo r-1ttztb7 r-qvutc0 r-37j5jr r-a023e6 r-rjixqe r-16dba41 r-1q142lx r-n7gxbd\" dir=\"ltr\" aria-hidden=\"true\"><span class=\"css-1jxf684 r-bcqeeo r-1ttztb7 r-qvutc0 r-poiln3\">\u00b7<\/span><\/div>\n<\/div>\n<\/div>\n<\/div>\n<\/div>\n<\/div>\n<div class=\"css-175oi2r r-1kkk96v\">\n<div class=\"css-175oi2r r-1awozwy r-18u37iz r-1cmwbt1 r-1wtj0ep\">\n<div class=\"css-175oi2r r-18u37iz r-1h0z5md\"><strong>dominAnt. SERIE A.<\/strong><\/div>\n<\/div>\n<\/div>\n<\/div>\n<\/div>\n<p><img decoding=\"async\" src=\"https:\/\/pbs.twimg.com\/media\/HHPiPGDWUAAYxlA?format=jpg&amp;name=small\" alt=\"Imagen\" \/><\/p>\n<p><strong>Fuente:<\/strong> evafm.net &#8211; ole.com.ar<\/p>\n<p>&nbsp;<\/p>\n<p>&nbsp;<\/p>\n<div class=\"gsp_post_data\" \r\n\t            data-post_type=\"post\" \r\n\t            data-cat=\"deportes-internacionales\" \r\n\t            data-modified=\"120\"\r\n\t            data-created=\"1777654026\"\r\n\t            data-title=\"El Venezia de Yeboah subi\u00f3 a la Serie A\" \r\n\t            data-home=\"https:\/\/www.evafm.net\/sitio\"><\/div>","protected":false},"excerpt":{"rendered":"<p>Despu\u00e9s de tanta expectativa que se hab\u00eda generado,\u00a0John Yeboah\u00a0logr\u00f3 el ansiado ascenso a la Serie A del f\u00fatbol italiano junto al Venezia FC. El futbolista de ra\u00edces ecuatorianas fue\u00a0protagonista en una campa\u00f1a del Lagunari, donde se termin\u00f3 quedando con uno de los cupos que firmaron la vuelta a la primera division del f\u00fatbol italiano. Es&#8230;<\/p>\n","protected":false},"author":5,"featured_media":101406,"comment_status":"closed","ping_status":"open","sticky":false,"template":"","format":"standard","meta":{"_joinchat":[],"footnotes":""},"categories":[1342],"tags":[],"class_list":["post-101405","post","type-post","status-publish","format-standard","has-post-thumbnail","hentry","category-deportes-internacionales","have-post-thumb"],"_links":{"self":[{"href":"https:\/\/www.evafm.net\/sitio\/wp-json\/wp\/v2\/posts\/101405","targetHints":{"allow":["GET"]}}],"collection":[{"href":"https:\/\/www.evafm.net\/sitio\/wp-json\/wp\/v2\/posts"}],"about":[{"href":"https:\/\/www.evafm.net\/sitio\/wp-json\/wp\/v2\/types\/post"}],"author":[{"embeddable":true,"href":"https:\/\/www.evafm.net\/sitio\/wp-json\/wp\/v2\/users\/5"}],"replies":[{"embeddable":true,"href":"https:\/\/www.evafm.net\/sitio\/wp-json\/wp\/v2\/comments?post=101405"}],"version-history":[{"count":1,"href":"https:\/\/www.evafm.net\/sitio\/wp-json\/wp\/v2\/posts\/101405\/revisions"}],"predecessor-version":[{"id":101407,"href":"https:\/\/www.evafm.net\/sitio\/wp-json\/wp\/v2\/posts\/101405\/revisions\/101407"}],"wp:featuredmedia":[{"embeddable":true,"href":"https:\/\/www.evafm.net\/sitio\/wp-json\/wp\/v2\/media\/101406"}],"wp:attachment":[{"href":"https:\/\/www.evafm.net\/sitio\/wp-json\/wp\/v2\/media?parent=101405"}],"wp:term":[{"taxonomy":"category","embeddable":true,"href":"https:\/\/www.evafm.net\/sitio\/wp-json\/wp\/v2\/categories?post=101405"},{"taxonomy":"post_tag","embeddable":true,"href":"https:\/\/www.evafm.net\/sitio\/wp-json\/wp\/v2\/tags?post=101405"}],"curies":[{"name":"wp","href":"https:\/\/api.w.org\/{rel}","templated":true}]}}