{"id":103379,"date":"2026-07-03T10:51:45","date_gmt":"2026-07-03T15:51:45","guid":{"rendered":"https:\/\/www.evafm.net\/sitio\/?p=103379"},"modified":"2026-07-03T10:51:45","modified_gmt":"2026-07-03T15:51:45","slug":"portugal-remonta-y-elimina-a-croacia-2-1-mundial-2026","status":"publish","type":"post","link":"https:\/\/www.evafm.net\/sitio\/portugal-remonta-y-elimina-a-croacia-2-1-mundial-2026\/","title":{"rendered":"Portugal remonta y elimina a Croacia 2 &#8211; 1 Mundial 2026"},"content":{"rendered":"<p><strong>Este jueves 2 de julio,<\/strong>\u00a0<strong><a href=\"https:\/\/www.ecuavisa.com\/tema\/cristiano-ronaldo-t92027\" target=\"_blank\" rel=\"noopener\">Cristiano Ronaldo<\/a>\u00a0<\/strong>sigue con vida en el\u00a0<a href=\"https:\/\/www.ecuavisa.com\/metadatos\/-\/meta\/mundial-2026\" target=\"_blank\" rel=\"noopener\">Mundial 2026<\/a>, despu\u00e9s de que\u00a0<strong>Portugal remont\u00f3 2-1 a Croacia de Luka por los 16avos de final del torneo,<\/strong>\u00a0en el <strong>estadio Toronto<\/strong>, y enfrentar\u00e1 a Espa\u00f1a en octavos de final.<\/p>\n<p>El partido tuvo todo para el astro de 41 a\u00f1os, pues\u00a0<strong>CR7 anot\u00f3 el gol del empate desde el punto penal y sali\u00f3 al minuto 80<\/strong>\u00a0a la variante para darle el ataque a<strong> Goncalo Ramos,<\/strong> quien marc\u00f3 el tanto de la remontada..<\/p>\n<p>En los minutos adicionales,\u00a0<strong>Gon\u00e7alo Ramos anot\u00f3 el gol del triunfo para los lusos<\/strong>, despu\u00e9s de conectar el cabezazo por un preciso centro de Rafael Le\u00e3o.<\/p>\n<p>En la \u00faltima jugada del encuentro, Croacia encontr\u00f3 el tanto del empate para forzar el tiempo extra, pero el VAR revis\u00f3 la ocasi\u00f3n y\u00a0<strong>se\u00f1al\u00f3 que fue fuera de juego por contacto de Matanovic.<\/strong><\/p>\n<p><strong>Portugal enfrentar\u00e1 a Espa\u00f1a,<\/strong>\u00a0en el <strong>estadio Dallas,<\/strong> por los octavos de final este<strong> lunes 6 de julio, a las 14:00. (D)<\/strong><\/p>\n<p><strong>Gol de Croacia:<\/strong><\/p>\n<p><strong>Ivan Perisic<\/strong> en el\u00a0 <strong>(minuto 53)<\/strong><\/p>\n<p><strong>Goles de Portugal:<\/strong><\/p>\n<p><strong>Cristhiano Ronaldo<\/strong> en el <strong>(minuto 68 mediante pena maxima)<\/strong><\/p>\n<p><strong>Goncalo Ramos<\/strong> en el<strong> (minuto 94)<\/strong><\/p>\n<p>&nbsp;<\/p>\n<p><iframe title=\"CR7 LE GAN\u00d3 UN DUELO DE LOCOS A MODRIC PARA CLASIFICAR | Portugal 2-1 Croacia | RESUMEN | M83\" width=\"1200\" height=\"675\" src=\"https:\/\/www.youtube.com\/embed\/1oY4NwAP7x8?feature=oembed\" frameborder=\"0\" allow=\"accelerometer; autoplay; clipboard-write; encrypted-media; gyroscope; picture-in-picture; web-share\" referrerpolicy=\"strict-origin-when-cross-origin\" allowfullscreen><\/iframe><\/p>\n<p>&nbsp;<\/p>\n<p><strong>Fuente:<\/strong> evafm.net &#8211; ecuavisa.com &#8211; youtube.com<\/p>\n<div class=\"gsp_post_data\" \r\n\t            data-post_type=\"post\" \r\n\t            data-cat=\"deportes-internacionales\" \r\n\t            data-modified=\"120\"\r\n\t            data-created=\"1783075905\"\r\n\t            data-title=\"Portugal remonta y elimina a Croacia 2 &#8211; 1 Mundial 2026\" \r\n\t            data-home=\"https:\/\/www.evafm.net\/sitio\"><\/div>","protected":false},"excerpt":{"rendered":"<p>Este jueves 2 de julio,\u00a0Cristiano Ronaldo\u00a0sigue con vida en el\u00a0Mundial 2026, despu\u00e9s de que\u00a0Portugal remont\u00f3 2-1 a Croacia de Luka por los 16avos de final del torneo,\u00a0en el estadio Toronto, y enfrentar\u00e1 a Espa\u00f1a en octavos de final. El partido tuvo todo para el astro de 41 a\u00f1os, pues\u00a0CR7 anot\u00f3 el gol del empate desde&#8230;<\/p>\n","protected":false},"author":5,"featured_media":103380,"comment_status":"closed","ping_status":"open","sticky":false,"template":"","format":"standard","meta":{"_joinchat":[],"footnotes":""},"categories":[1342],"tags":[],"class_list":["post-103379","post","type-post","status-publish","format-standard","has-post-thumbnail","hentry","category-deportes-internacionales","have-post-thumb"],"_links":{"self":[{"href":"https:\/\/www.evafm.net\/sitio\/wp-json\/wp\/v2\/posts\/103379","targetHints":{"allow":["GET"]}}],"collection":[{"href":"https:\/\/www.evafm.net\/sitio\/wp-json\/wp\/v2\/posts"}],"about":[{"href":"https:\/\/www.evafm.net\/sitio\/wp-json\/wp\/v2\/types\/post"}],"author":[{"embeddable":true,"href":"https:\/\/www.evafm.net\/sitio\/wp-json\/wp\/v2\/users\/5"}],"replies":[{"embeddable":true,"href":"https:\/\/www.evafm.net\/sitio\/wp-json\/wp\/v2\/comments?post=103379"}],"version-history":[{"count":1,"href":"https:\/\/www.evafm.net\/sitio\/wp-json\/wp\/v2\/posts\/103379\/revisions"}],"predecessor-version":[{"id":103381,"href":"https:\/\/www.evafm.net\/sitio\/wp-json\/wp\/v2\/posts\/103379\/revisions\/103381"}],"wp:featuredmedia":[{"embeddable":true,"href":"https:\/\/www.evafm.net\/sitio\/wp-json\/wp\/v2\/media\/103380"}],"wp:attachment":[{"href":"https:\/\/www.evafm.net\/sitio\/wp-json\/wp\/v2\/media?parent=103379"}],"wp:term":[{"taxonomy":"category","embeddable":true,"href":"https:\/\/www.evafm.net\/sitio\/wp-json\/wp\/v2\/categories?post=103379"},{"taxonomy":"post_tag","embeddable":true,"href":"https:\/\/www.evafm.net\/sitio\/wp-json\/wp\/v2\/tags?post=103379"}],"curies":[{"name":"wp","href":"https:\/\/api.w.org\/{rel}","templated":true}]}}