{"id":105027,"date":"2026-08-30T11:42:07","date_gmt":"2026-08-30T16:42:07","guid":{"rendered":"https:\/\/www.evafm.net\/sitio\/?p=105027"},"modified":"2026-08-30T11:42:07","modified_gmt":"2026-08-30T16:42:07","slug":"gabriel-jesus-sera-refuerzo-del-fc-barcelona","status":"publish","type":"post","link":"https:\/\/www.evafm.net\/sitio\/gabriel-jesus-sera-refuerzo-del-fc-barcelona\/","title":{"rendered":"Gabriel Jes\u00fas ser\u00e1 refuerzo del FC Barcelona"},"content":{"rendered":"<p>El FC Barcelona avanz\u00f3 en las negociaciones con Arsenal por Gabriel Jes\u00fas y alcanz\u00f3 un principio de acuerdo para el traspaso definitivo del delantero brasile\u00f1o, seg\u00fan inform\u00f3 Fabrizio Romano este domingo. El jugador viajar\u00e1 a Catalu\u00f1a con autorizaci\u00f3n del conjunto ingl\u00e9s y tiene previsto realizarse el reconocimiento m\u00e9dico este lunes.<\/p>\n<p>La operaci\u00f3n contempla un pago de <strong>10 millones de euros m\u00e1s<\/strong> variables para Arsenal. Por su parte, el Barcelona le ofrecer\u00e1 al atacante un contrato por dos temporadas, con una opci\u00f3n para extenderlo por un a\u00f1o adicional. Su v\u00ednculo con los Gunners finaliza en 2027.<\/p>\n<p>Gabriel Jes\u00fas, de 29 a\u00f1os, perdi\u00f3 protagonismo en el equipo dirigido por Mikel Arteta. El estratega ingl\u00e9s lo dej\u00f3 fuera del grupo principal, mientras <strong>Kai Havertz y Viktor Gy\u00f6keres<\/strong> aparecen por delante en la consideraci\u00f3n para ocupar el puesto de delantero.<\/p>\n<p>El conjunto azulgrana busca incorporar un \u20189\u2019 de \u00e1rea tras la salida de Robert Lewandowski. Ante la imposibilidad de avanzar por Juli\u00e1n \u00c1lvarez, debido a la postura del Atl\u00e9tico de Madrid, el brasile\u00f1o se convirti\u00f3 en una alternativa para reforzar el ataque en el tramo final del mercado.<\/p>\n<p>Jes\u00fas llega despu\u00e9s de recuperarse de la lesi\u00f3n de rodilla que sufri\u00f3 en 2025 y con experiencia en la Premier League. Con Arsenal registra 33 goles en 123 partidos, mientras que anteriormente defendi\u00f3 la camiseta del Manchester City. El acuerdo todav\u00eda queda pendiente del reconocimiento m\u00e9dico y de los anuncios oficiales de ambos clubes.<strong>(D)<\/strong><\/p>\n<p><strong>Fuente:<\/strong> evafm,net n- studiofutbol.com.ec<\/p>\n<div class=\"gsp_post_data\" \r\n\t            data-post_type=\"post\" \r\n\t            data-cat=\"deportes-internacionales\" \r\n\t            data-modified=\"120\"\r\n\t            data-created=\"1788090127\"\r\n\t            data-title=\"Gabriel Jes\u00fas ser\u00e1 refuerzo del FC Barcelona\" \r\n\t            data-home=\"https:\/\/www.evafm.net\/sitio\"><\/div>","protected":false},"excerpt":{"rendered":"<p>El FC Barcelona avanz\u00f3 en las negociaciones con Arsenal por Gabriel Jes\u00fas y alcanz\u00f3 un principio de acuerdo para el traspaso definitivo del delantero brasile\u00f1o, seg\u00fan inform\u00f3 Fabrizio Romano este domingo. El jugador viajar\u00e1 a Catalu\u00f1a con autorizaci\u00f3n del conjunto ingl\u00e9s y tiene previsto realizarse el reconocimiento m\u00e9dico este lunes. La operaci\u00f3n contempla un pago&#8230;<\/p>\n","protected":false},"author":5,"featured_media":105028,"comment_status":"closed","ping_status":"open","sticky":false,"template":"","format":"standard","meta":{"_joinchat":[],"footnotes":""},"categories":[1342],"tags":[],"class_list":["post-105027","post","type-post","status-publish","format-standard","has-post-thumbnail","hentry","category-deportes-internacionales","have-post-thumb"],"_links":{"self":[{"href":"https:\/\/www.evafm.net\/sitio\/wp-json\/wp\/v2\/posts\/105027","targetHints":{"allow":["GET"]}}],"collection":[{"href":"https:\/\/www.evafm.net\/sitio\/wp-json\/wp\/v2\/posts"}],"about":[{"href":"https:\/\/www.evafm.net\/sitio\/wp-json\/wp\/v2\/types\/post"}],"author":[{"embeddable":true,"href":"https:\/\/www.evafm.net\/sitio\/wp-json\/wp\/v2\/users\/5"}],"replies":[{"embeddable":true,"href":"https:\/\/www.evafm.net\/sitio\/wp-json\/wp\/v2\/comments?post=105027"}],"version-history":[{"count":1,"href":"https:\/\/www.evafm.net\/sitio\/wp-json\/wp\/v2\/posts\/105027\/revisions"}],"predecessor-version":[{"id":105029,"href":"https:\/\/www.evafm.net\/sitio\/wp-json\/wp\/v2\/posts\/105027\/revisions\/105029"}],"wp:featuredmedia":[{"embeddable":true,"href":"https:\/\/www.evafm.net\/sitio\/wp-json\/wp\/v2\/media\/105028"}],"wp:attachment":[{"href":"https:\/\/www.evafm.net\/sitio\/wp-json\/wp\/v2\/media?parent=105027"}],"wp:term":[{"taxonomy":"category","embeddable":true,"href":"https:\/\/www.evafm.net\/sitio\/wp-json\/wp\/v2\/categories?post=105027"},{"taxonomy":"post_tag","embeddable":true,"href":"https:\/\/www.evafm.net\/sitio\/wp-json\/wp\/v2\/tags?post=105027"}],"curies":[{"name":"wp","href":"https:\/\/api.w.org\/{rel}","templated":true}]}}