{"id":105030,"date":"2026-08-30T11:47:48","date_gmt":"2026-08-30T16:47:48","guid":{"rendered":"https:\/\/www.evafm.net\/sitio\/?p=105030"},"modified":"2026-08-30T11:47:48","modified_gmt":"2026-08-30T16:47:48","slug":"dragonas-idv-vencieron-de-forma-agonica-a-guerreras-albas-de-ldu","status":"publish","type":"post","link":"https:\/\/www.evafm.net\/sitio\/dragonas-idv-vencieron-de-forma-agonica-a-guerreras-albas-de-ldu\/","title":{"rendered":"Dragonas IDV vencieron de forma ag\u00f3nica a Guerreras Albas de LDU"},"content":{"rendered":"<p><strong>Dragonas IDV<\/strong> volvi\u00f3 a hacer historia. Tras un partidazo de infarto ante<strong> Guerreras Albas (LDU),<\/strong> el conjunto dirigido por las \u201cdragones\u201d se consagr\u00f3 tricampe\u00f3n de la Superliga Femenina de Ecuador.<\/p>\n<p>En la final de ida, disputada en el Estadio Rodrigo Paz Delgado, Dragonas IDV se impuso con claridad por 2-0. En la vuelta, jugada en casa en el Estadio Banco Guayaquil, las locales cayeron 1-2, pero el marcador global de 3-2 en 180 minutos bast\u00f3 para levantar el trofeo.<\/p>\n<p>El momento decisivo lleg\u00f3 a los 86 minutos. Karen P\u00e1ez, goleadora de Dragonas IDV, apareci\u00f3 para marcar y poner nuevamente en ventaja a su equipo en el global. Fue un tanto ag\u00f3nico que sell\u00f3 el tricampeonato, a pesar de la derrota en el partido de vuelta.<\/p>\n<p>Con este t\u00edtulo, Dragonas IDV reafirma su dominio en el f\u00fatbol femenino ecuatoriano y escribe una nueva p\u00e1gina dorada en su historia.<strong>(D)<\/strong><\/p>\n<blockquote class=\"twitter-tweet\" data-width=\"550\" data-dnt=\"true\">\n<p lang=\"es\" dir=\"ltr\">\ud83c\udfc6\ud83d\udc09\ud83d\udc9c \u00a1TENEMOS CAMPEONAS! \u00a1DRAGONAS IDV, TRICAMPEONAS! \ud83c\uddea\ud83c\udde8\ud83d\udd25<\/p>\n<p> Tras un partidazo ante Guerreras Albas, Dragonas IDV vuelve a hacer historia y se consagra TRICAMPEONA de la Superliga Femenina. \ud83d\udc51<\/p>\n<p>Presentado por : <a href=\"https:\/\/x.com\/EcuabetOficial?ref_src=twsrc%5Etfw\">@EcuabetOficial<\/a> <a href=\"https:\/\/x.com\/hashtag\/SuperligaFxECDF?src=hash&amp;ref_src=twsrc%5Etfw\">#SuperligaFxECDF<\/a> \ud83d\udcf2 <a href=\"https:\/\/t.co\/UCgfDj2a4a\">https:\/\/t.co\/UCgfDj2a4a<\/a> <a href=\"https:\/\/t.co\/bBDWdqm4h4\">pic.twitter.com\/bBDWdqm4h4<\/a><\/p>\n<p>&mdash; \u00aeEl Canal del F\u00fatbol \ud83c\uddea\ud83c\udde8\u26bd (@ElCanalDFutbol) <a href=\"https:\/\/x.com\/ElCanalDFutbol\/status\/2093863100218798422?ref_src=twsrc%5Etfw\">August 30, 2026<\/a><\/p><\/blockquote>\n<p><script async src=\"https:\/\/platform.x.com\/widgets.js\" charset=\"utf-8\"><\/script><\/p>\n<p>&nbsp;<\/p>\n<blockquote class=\"twitter-tweet\" data-width=\"550\" data-dnt=\"true\">\n<p lang=\"es\" dir=\"ltr\">\ud83d\udd25\u26bd \u00a1QUIEREN SER TRICAMPEONAS! \u00a1DRAGONAS TOMA VENTAJA EN EL GLOBAL! \ud83e\udd2f\ud83c\udfc6<\/p>\n<p>\ud83d\udc09\ud83d\udfe3 Karen P\u00e1ez, la goleadora de Dragonas IDV, apareci\u00f3 para marcar y poner nuevamente en ventaja a su equipo. <\/p>\n<p>Presentado por : <a href=\"https:\/\/x.com\/EcuabetOficial?ref_src=twsrc%5Etfw\">@EcuabetOficial<\/a> <a href=\"https:\/\/x.com\/hashtag\/SuperligaFxECDF?src=hash&amp;ref_src=twsrc%5Etfw\">#SuperligaFxECDF<\/a> \ud83d\udcf2 <a href=\"https:\/\/t.co\/UCgfDj2a4a\">https:\/\/t.co\/UCgfDj2a4a<\/a> <a href=\"https:\/\/t.co\/XagF3Uydwf\">pic.twitter.com\/XagF3Uydwf<\/a><\/p>\n<p>&mdash; \u00aeEl Canal del F\u00fatbol \ud83c\uddea\ud83c\udde8\u26bd (@ElCanalDFutbol) <a href=\"https:\/\/x.com\/ElCanalDFutbol\/status\/2093852118394232924?ref_src=twsrc%5Etfw\">August 30, 2026<\/a><\/p><\/blockquote>\n<p><script async src=\"https:\/\/platform.x.com\/widgets.js\" charset=\"utf-8\"><\/script><\/p>\n<p>&nbsp;<\/p>\n<p><strong>Fuente:<\/strong> evafm.net &#8211; studiofutbol.com,ec<\/p>\n<div class=\"gsp_post_data\" \r\n\t            data-post_type=\"post\" \r\n\t            data-cat=\"deportes-ecuador\" \r\n\t            data-modified=\"120\"\r\n\t            data-created=\"1788090468\"\r\n\t            data-title=\"Dragonas IDV vencieron de forma ag\u00f3nica a Guerreras Albas de LDU\" \r\n\t            data-home=\"https:\/\/www.evafm.net\/sitio\"><\/div>","protected":false},"excerpt":{"rendered":"<p>Dragonas IDV volvi\u00f3 a hacer historia. Tras un partidazo de infarto ante Guerreras Albas (LDU), el conjunto dirigido por las \u201cdragones\u201d se consagr\u00f3 tricampe\u00f3n de la Superliga Femenina de Ecuador. En la final de ida, disputada en el Estadio Rodrigo Paz Delgado, Dragonas IDV se impuso con claridad por 2-0. En la vuelta, jugada en&#8230;<\/p>\n","protected":false},"author":5,"featured_media":105031,"comment_status":"closed","ping_status":"open","sticky":false,"template":"","format":"standard","meta":{"_joinchat":[],"footnotes":""},"categories":[1557],"tags":[],"class_list":["post-105030","post","type-post","status-publish","format-standard","has-post-thumbnail","hentry","category-deportes-ecuador","have-post-thumb"],"_links":{"self":[{"href":"https:\/\/www.evafm.net\/sitio\/wp-json\/wp\/v2\/posts\/105030","targetHints":{"allow":["GET"]}}],"collection":[{"href":"https:\/\/www.evafm.net\/sitio\/wp-json\/wp\/v2\/posts"}],"about":[{"href":"https:\/\/www.evafm.net\/sitio\/wp-json\/wp\/v2\/types\/post"}],"author":[{"embeddable":true,"href":"https:\/\/www.evafm.net\/sitio\/wp-json\/wp\/v2\/users\/5"}],"replies":[{"embeddable":true,"href":"https:\/\/www.evafm.net\/sitio\/wp-json\/wp\/v2\/comments?post=105030"}],"version-history":[{"count":1,"href":"https:\/\/www.evafm.net\/sitio\/wp-json\/wp\/v2\/posts\/105030\/revisions"}],"predecessor-version":[{"id":105032,"href":"https:\/\/www.evafm.net\/sitio\/wp-json\/wp\/v2\/posts\/105030\/revisions\/105032"}],"wp:featuredmedia":[{"embeddable":true,"href":"https:\/\/www.evafm.net\/sitio\/wp-json\/wp\/v2\/media\/105031"}],"wp:attachment":[{"href":"https:\/\/www.evafm.net\/sitio\/wp-json\/wp\/v2\/media?parent=105030"}],"wp:term":[{"taxonomy":"category","embeddable":true,"href":"https:\/\/www.evafm.net\/sitio\/wp-json\/wp\/v2\/categories?post=105030"},{"taxonomy":"post_tag","embeddable":true,"href":"https:\/\/www.evafm.net\/sitio\/wp-json\/wp\/v2\/tags?post=105030"}],"curies":[{"name":"wp","href":"https:\/\/api.w.org\/{rel}","templated":true}]}}