{"id":105045,"date":"2026-08-31T15:00:02","date_gmt":"2026-08-31T20:00:02","guid":{"rendered":"https:\/\/www.evafm.net\/sitio\/?p=105045"},"modified":"2026-08-31T15:00:02","modified_gmt":"2026-08-31T20:00:02","slug":"la-union-europea-suspende-desde-este-jueves-la-importacion-de-carne-procedentes-de-brasil","status":"publish","type":"post","link":"https:\/\/www.evafm.net\/sitio\/la-union-europea-suspende-desde-este-jueves-la-importacion-de-carne-procedentes-de-brasil\/","title":{"rendered":"La Uni\u00f3n Europea suspende desde este jueves la importaci\u00f3n de carne procedentes de Brasil"},"content":{"rendered":"<p>La Uni\u00f3n Europea dejar\u00e1 de autorizar a partir de este jueves,\u00a0<b>3 de septiembre<\/b>, la entrada desde Brasil de determinadas categor\u00edas de animales y productos de origen animal destinados al consumo humano. Entre ellos est\u00e1n la carne de vacuno y de aves de corral, productos de acuicultura, miel y tripas. Y es que la Comisi\u00f3n Europea ha constatado que el pa\u00eds no ha aportado las garant\u00edas necesarias para\u00a0<a title=\"https:\/\/www.infobae.com\/america\/agencias\/2026\/07\/16\/espana-ofrece-su-ayuda-a-brasil-para-superar-el-veto-a-la-carne-impuesto-por-la-ue\/\" href=\"https:\/\/www.infobae.com\/america\/agencias\/2026\/07\/16\/espana-ofrece-su-ayuda-a-brasil-para-superar-el-veto-a-la-carne-impuesto-por-la-ue\/\" target=\"_blank\" rel=\"noopener noreferrer\" data-mrf-link=\"https:\/\/www.infobae.com\/america\/agencias\/2026\/07\/16\/espana-ofrece-su-ayuda-a-brasil-para-superar-el-veto-a-la-carne-impuesto-por-la-ue\/\">acreditar el cumplimiento de las normas comunitarias<\/a>\u00a0sobre el uso determinado de medicamentos antimicrobianos.<\/p>\n<p>Una medida que responde a la aplicaci\u00f3n de un\u00a0<b>Reglamento de Ejecuci\u00f3n de la Comisi\u00f3n\u00a0<\/b>aprobado el pasado 4 de junio y publicado en el Diario Oficial de la Uni\u00f3n Europea al d\u00eda siguiente. El Reglamento de Ejecuci\u00f3n (UE) 2026\/1189 establece que su art\u00edculo principal ser\u00e1 aplicable desde el 3 de septiembre de 2026.<\/p>\n<p>&nbsp;<\/p>\n<p>As\u00ed, la norma \u2014que restringe el uso de determinados medicamentos antimicrobianos en animales cuyos productos est\u00e9n destinados al mercado comunitario\u2014 modifica el sistema de autorizaci\u00f3n de terceros pa\u00edses para la entrada en la Uni\u00f3n de determinados animales y productos de origen animal y elimina las marcas de autorizaci\u00f3n que hasta ahora ten\u00eda Brasil para varias categor\u00edas. En concreto, Bruselas retira a Brasil de las categor\u00edas correspondientes a\u00a0<b>bovinos<\/b>,\u00a0<b>\u00e9quidos<\/b>,\u00a0<b>aves de corral<\/b>, productos de acuicultura,\u00a0<b>miel\u00a0<\/b>y\u00a0<b>tripas<\/b>.<\/p>\n<p><strong>Qu\u00e9 dice el marco normativo europeo.<\/strong><\/p>\n<p class=\"paragraph\" data-paragraph-number=\"4\" data-mrf-recirculation=\"Links inline\">El Reglamento (UE) 2019\/6 establece, entre otras cosas, que los animales y productos de origen animal exportados desde terceros pa\u00edses a la Uni\u00f3n no deben proceder de animales tratados con medicamentos antimicrobianos utilizados para\u00a0<b>fomentar el crecimiento o aumentar el rendimiento<\/b>. Tambi\u00e9n se proh\u00edbe el uso de antimicrobianos que contengan sustancias reservadas en la UE para el tratamiento de determinadas infecciones en seres humanos.<\/p>\n<p data-paragraph-number=\"4\" data-mrf-recirculation=\"Links inline\">Para hacer efectiva esta prohibici\u00f3n tambi\u00e9n sobre productos procedentes de terceros pa\u00edses, la Comisi\u00f3n aprob\u00f3 el Reglamento Delegado (UE) 2023\/905, que establece las condiciones que deben cumplir los pa\u00edses exportadores. Entre ellas figura la obligaci\u00f3n de aportar garant\u00edas suficientes de que se respetan las restricciones comunitarias.<\/p>\n<p data-paragraph-number=\"4\" data-mrf-recirculation=\"Links inline\">En el caso de Brasil, la propia Comisi\u00f3n explica en el Reglamento 2026\/1189 que el pa\u00eds figuraba hasta ahora para bovinos, \u00e9quidos, aves de corral, acuicultura, miel y tripas. Sin embargo, Bruselas se\u00f1ala que no hab\u00eda recibido informaci\u00f3n que garantizase que Brasil hubiera aplicado las medidas necesarias para cumplir, antes del 3 de septiembre de 2026, los requisitos establecidos por la normativa europea para esas categor\u00edas. Por ello, la Comisi\u00f3n decidi\u00f3<b>\u00a0eliminar esas autorizaciones<\/b>.<strong> (I)<\/strong><\/p>\n<p data-paragraph-number=\"4\" data-mrf-recirculation=\"Links inline\">\n<p data-paragraph-number=\"4\" data-mrf-recirculation=\"Links inline\"><strong>Fuente:<\/strong> evafm.net &#8211; infobae.com<\/p>\n<p data-paragraph-number=\"4\" data-mrf-recirculation=\"Links inline\">\n<p data-paragraph-number=\"4\" data-mrf-recirculation=\"Links inline\">\n<p data-paragraph-number=\"4\" data-mrf-recirculation=\"Links inline\">\n<div class=\"gsp_post_data\" \r\n\t            data-post_type=\"post\" \r\n\t            data-cat=\"general,noticias-internacionales\" \r\n\t            data-modified=\"120\"\r\n\t            data-created=\"1788188402\"\r\n\t            data-title=\"La Uni\u00f3n Europea suspende desde este jueves la importaci\u00f3n de carne procedentes de Brasil\" \r\n\t            data-home=\"https:\/\/www.evafm.net\/sitio\"><\/div>","protected":false},"excerpt":{"rendered":"<p>La Uni\u00f3n Europea dejar\u00e1 de autorizar a partir de este jueves,\u00a03 de septiembre, la entrada desde Brasil de determinadas categor\u00edas de animales y productos de origen animal destinados al consumo humano. Entre ellos est\u00e1n la carne de vacuno y de aves de corral, productos de acuicultura, miel y tripas. Y es que la Comisi\u00f3n Europea&#8230;<\/p>\n","protected":false},"author":5,"featured_media":105049,"comment_status":"closed","ping_status":"open","sticky":false,"template":"","format":"standard","meta":{"_joinchat":[],"footnotes":""},"categories":[1720,1345],"tags":[],"class_list":["post-105045","post","type-post","status-publish","format-standard","has-post-thumbnail","hentry","category-general","category-noticias-internacionales","have-post-thumb"],"_links":{"self":[{"href":"https:\/\/www.evafm.net\/sitio\/wp-json\/wp\/v2\/posts\/105045","targetHints":{"allow":["GET"]}}],"collection":[{"href":"https:\/\/www.evafm.net\/sitio\/wp-json\/wp\/v2\/posts"}],"about":[{"href":"https:\/\/www.evafm.net\/sitio\/wp-json\/wp\/v2\/types\/post"}],"author":[{"embeddable":true,"href":"https:\/\/www.evafm.net\/sitio\/wp-json\/wp\/v2\/users\/5"}],"replies":[{"embeddable":true,"href":"https:\/\/www.evafm.net\/sitio\/wp-json\/wp\/v2\/comments?post=105045"}],"version-history":[{"count":1,"href":"https:\/\/www.evafm.net\/sitio\/wp-json\/wp\/v2\/posts\/105045\/revisions"}],"predecessor-version":[{"id":105050,"href":"https:\/\/www.evafm.net\/sitio\/wp-json\/wp\/v2\/posts\/105045\/revisions\/105050"}],"wp:featuredmedia":[{"embeddable":true,"href":"https:\/\/www.evafm.net\/sitio\/wp-json\/wp\/v2\/media\/105049"}],"wp:attachment":[{"href":"https:\/\/www.evafm.net\/sitio\/wp-json\/wp\/v2\/media?parent=105045"}],"wp:term":[{"taxonomy":"category","embeddable":true,"href":"https:\/\/www.evafm.net\/sitio\/wp-json\/wp\/v2\/categories?post=105045"},{"taxonomy":"post_tag","embeddable":true,"href":"https:\/\/www.evafm.net\/sitio\/wp-json\/wp\/v2\/tags?post=105045"}],"curies":[{"name":"wp","href":"https:\/\/api.w.org\/{rel}","templated":true}]}}