{"id":105051,"date":"2026-08-31T15:06:12","date_gmt":"2026-08-31T20:06:12","guid":{"rendered":"https:\/\/www.evafm.net\/sitio\/?p=105051"},"modified":"2026-08-31T15:06:12","modified_gmt":"2026-08-31T20:06:12","slug":"asi-quedo-la-tabla-de-posiciones-de-la-ligapro-en-la-fecha-27","status":"publish","type":"post","link":"https:\/\/www.evafm.net\/sitio\/asi-quedo-la-tabla-de-posiciones-de-la-ligapro-en-la-fecha-27\/","title":{"rendered":"As\u00ed qued\u00f3 la tabla de posiciones de la LigaPro en la fecha 27"},"content":{"rendered":"<p>Este domingo 30 de agosto se cerr\u00f3 la jornada 27 de la\u00a0<a href=\"https:\/\/www.ecuavisa.com\/tema\/ligapro-t95092\" target=\"_blank\" rel=\"noopener\">LigaPro<\/a>\u00a0con el duelo entre Emelec y Leones FC en el estadio George Capwell,\u00a0<strong>la tabla de posiciones tuvo movimientos en diferentes zonas<\/strong>\u00a0y deja el final de la fase regular al rojo vivo.<\/p>\n<p>El primer encuentro que se disput\u00f3 fue el\u00a0<a href=\"https:\/\/www.ecuavisa.com\/liveblogs\/aucas-vs-libertad-fc-resultado-en-vivo-fecha-27-ligapro-lb202608300002.html\" target=\"_blank\" rel=\"noopener\">duelo entre Aucas y Libertad de Loja<\/a>, en el estadio Gonzalo Pozo Ripalda.\u00a0<strong>Los dos equipos sue\u00f1an con quedarse en el primer hexagonal de la LigaPro.<\/strong><\/p>\n<p><strong>El equipo oriental se qued\u00f3 con la victoria gracias a un ag\u00f3nico gol de Robi\u00f1o Qui\u00f1\u00f3nez<\/strong>, lo que permiti\u00f3 al Aucas quedar a las puertas de garantizar su presencia en el primer hexagonal y evit\u00f3 que los lojanos ocuparan la sexta plaza.<\/p>\n<p>Luego, el f\u00fatbol se traslad\u00f3 a Machala para el\u00a0<strong>enfrentamiento entre\u00a0<\/strong><a href=\"https:\/\/www.ecuavisa.com\/liveblogs\/orense-vs-macara-resultado-envivo-fecha-27-ligapro-lb202608300003.html\" target=\"_blank\" rel=\"noopener\"><strong>Orense y Macar\u00e1<\/strong><\/a>. Los dos equipos llegaban en un flojo momento por sus resultados recientes, pero uno termin\u00f3 como ganador<\/p>\n<p><strong>Macar\u00e1 se qued\u00f3 con la victoria gracias a dos goles de Agust\u00edn Campana<\/strong>, por lo que pudo quedarse con el tercer lugar y qued\u00f3 a las puertas de clasificar al primer hexagonal.<\/p>\n<p>&nbsp;<\/p>\n<p>Finalmente, la jornada termin\u00f3 en el estadio George Capwell con el\u00a0<a href=\"https:\/\/www.ecuavisa.com\/liveblogs\/emelec-vs-leones-fc-envivo-resultado-fecha27-ligapro-lb202608300004.html\" target=\"_blank\" rel=\"noopener\">duelo entre Emelec y Leones FC<\/a>. El partido cont\u00f3 con el debut de Ezequiel Medr\u00e1n como estratega del Bombillo.<\/p>\n<p>El equipo de Guayaquil consigui\u00f3 un ag\u00f3nico triunfo sobre los de Ibarra. El partido estaba empatado 1-1 y, en los minutos adicionales,\u00a0<strong>An\u00edbal Leguizam\u00f3n anot\u00f3 el gol de la victoria por 2-1.<\/strong><\/p>\n<p>La jornada 28 de la LigaPro 2026 empezar\u00e1 desde este martes 1 de septiembre con el duelo entre Delf\u00edn y T\u00e9cnico Universitario.(<strong>D)<\/strong><\/p>\n<p>&nbsp;<\/p>\n<nav class=\"navbar navbar-top text-uppercase font-weight-bold navbar-expand-md col-12 py-0 bg-color02 overflow-hidden\">\n<div id=\"page-postot-tour8292-menu\" class=\"collapse navbar-collapse bg-color02 row\">\n<ul id=\"menu-modulos\" class=\"nav navbar-nav first-level bg-color02 col-12 list-group list-group-horizontal bg-secondary flex-colum flex-sm-row\">\n<li class=\"active\" data-toggle=\"mc-multilevelMenu\"><a class=\"parent\" href=\"https:\/\/estadisticas.ecuavisa.com\/sites\/services\/datafactory\/html\/v3\/minapp\/modules\/futbol\/page\/page.html?channel=deportes.futbol.ecuador&amp;lang=es_LA&amp;page=posiciones#\" rel=\"n1\">ase Inicial<\/a><\/li>\n<li class=\"\" data-toggle=\"mc-multilevelMenu\"><a class=\"parent\" href=\"https:\/\/estadisticas.ecuavisa.com\/sites\/services\/datafactory\/html\/v3\/minapp\/modules\/futbol\/page\/page.html?channel=deportes.futbol.ecuador&amp;lang=es_LA&amp;page=posiciones#\" rel=\"n2\">Fase Final I<\/a><\/li>\n<li class=\"\" data-toggle=\"mc-multilevelMenu\"><a class=\"parent\" href=\"https:\/\/estadisticas.ecuavisa.com\/sites\/services\/datafactory\/html\/v3\/minapp\/modules\/futbol\/page\/page.html?channel=deportes.futbol.ecuador&amp;lang=es_LA&amp;page=posiciones#\" rel=\"n3\">Fase Final II<\/a><\/li>\n<li class=\"\" data-toggle=\"mc-multilevelMenu\"><a class=\"parent\" href=\"https:\/\/estadisticas.ecuavisa.com\/sites\/services\/datafactory\/html\/v3\/minapp\/modules\/futbol\/page\/page.html?channel=deportes.futbol.ecuador&amp;lang=es_LA&amp;page=posiciones#\" rel=\"n4\">Grupo Descenso<\/a><\/li>\n<li class=\"\" data-toggle=\"mc-multilevelMenu\"><a class=\"parent\" href=\"https:\/\/estadisticas.ecuavisa.com\/sites\/services\/datafactory\/html\/v3\/minapp\/modules\/futbol\/page\/page.html?channel=deportes.futbol.ecuador&amp;lang=es_LA&amp;page=posiciones#\" rel=\"n5\">Acumulada<\/a><\/li>\n<\/ul>\n<\/div>\n<\/nav>\n<div class=\"table-responsive\">\n<table id=\"pos_n1\" class=\"tabla_fase table table-sm bg-default font-weight-bold text-center\">\n<thead data-nivel=\"1\" data-orden=\"1\">\n<tr class=\"bg-color02\">\n<th>N\u00ba<\/th>\n<th class=\"escudo\"><\/th>\n<th class=\"text-center\">Equipo<\/th>\n<th>Pts.<\/th>\n<th class=\"d-none d-sm-table-cell\">Pj<\/th>\n<th class=\"d-none d-sm-table-cell\">Pg<\/th>\n<th class=\"d-none d-sm-table-cell\">Pe<\/th>\n<th class=\"d-none d-sm-table-cell\">Pp<\/th>\n<th class=\"d-none d-sm-table-cell\">Gf<\/th>\n<th class=\"d-none d-sm-table-cell\">Gc<\/th>\n<th class=\"d-none d-sm-table-cell\">Df<\/th>\n<\/tr>\n<\/thead>\n<tbody>\n<tr class=\"linea e_980\">\n<td class=\"pos border-left-\">1<\/td>\n<td class=\"escudo\"><img decoding=\"async\" src=\"https:\/\/1287719000.rsc.cdn77.org\/escudos_ch\/980.gif\" alt=\"Independiente del Valle\" \/><\/td>\n<td class=\"team text-left\"><a class=\"mc-teamLink bg-default\" href=\"https:\/\/estadisticas.ecuavisa.com\/sites\/services\/datafactory\/html\/v3\/minapp\/init\/index.html?channel=deportes.futbol.ecuador.planteles&amp;team=980&amp;lang=es_LA\" data-team-id=\"980\">Independiente del Valle<\/a><\/td>\n<td class=\"puntos destacado\"><span class=\"badge badge-primary rounded-circle\">68<\/span><\/td>\n<td class=\"d-none d-sm-table-cell\">\n<div class=\"border-left border-right border-primary\">27<\/div>\n<\/td>\n<td class=\"d-none d-sm-table-cell\">\n<div class=\"border-right border-primary\">22<\/div>\n<\/td>\n<td class=\"d-none d-sm-table-cell\">\n<div class=\"border-right border-primary\">2<\/div>\n<\/td>\n<td class=\"d-none d-sm-table-cell\">\n<div class=\"border-right border-primary\">3<\/div>\n<\/td>\n<td class=\"d-none d-sm-table-cell\">\n<div class=\"border-right border-primary\">66<\/div>\n<\/td>\n<td class=\"d-none d-sm-table-cell\">\n<div class=\"border-right border-primary\">28<\/div>\n<\/td>\n<td class=\"d-none d-sm-table-cell\">38<\/td>\n<\/tr>\n<tr class=\"linea e_216\">\n<td class=\"pos border-left-\">2<\/td>\n<td class=\"escudo\"><img decoding=\"async\" src=\"https:\/\/1287719000.rsc.cdn77.org\/escudos_ch\/216.gif\" alt=\"Aucas\" \/><\/td>\n<td class=\"team text-left\"><a class=\"mc-teamLink bg-default\" href=\"https:\/\/estadisticas.ecuavisa.com\/sites\/services\/datafactory\/html\/v3\/minapp\/init\/index.html?channel=deportes.futbol.ecuador.planteles&amp;team=216&amp;lang=es_LA\" data-team-id=\"216\">Aucas<\/a><\/td>\n<td class=\"puntos destacado\"><span class=\"badge badge-primary rounded-circle\">47<\/span><\/td>\n<td class=\"d-none d-sm-table-cell\">\n<div class=\"border-left border-right border-primary\">27<\/div>\n<\/td>\n<td class=\"d-none d-sm-table-cell\">\n<div class=\"border-right border-primary\">14<\/div>\n<\/td>\n<td class=\"d-none d-sm-table-cell\">\n<div class=\"border-right border-primary\">5<\/div>\n<\/td>\n<td class=\"d-none d-sm-table-cell\">\n<div class=\"border-right border-primary\">8<\/div>\n<\/td>\n<td class=\"d-none d-sm-table-cell\">\n<div class=\"border-right border-primary\">31<\/div>\n<\/td>\n<td class=\"d-none d-sm-table-cell\">\n<div class=\"border-right border-primary\">26<\/div>\n<\/td>\n<td class=\"d-none d-sm-table-cell\">5<\/td>\n<\/tr>\n<tr class=\"linea e_267\">\n<td class=\"pos border-left-\">3<\/td>\n<td class=\"escudo\"><img decoding=\"async\" src=\"https:\/\/1287719000.rsc.cdn77.org\/escudos_ch\/267.gif\" alt=\"Macar\u00e1\" \/><\/td>\n<td class=\"team text-left\"><a class=\"mc-teamLink bg-default\" href=\"https:\/\/estadisticas.ecuavisa.com\/sites\/services\/datafactory\/html\/v3\/minapp\/init\/index.html?channel=deportes.futbol.ecuador.planteles&amp;team=267&amp;lang=es_LA\" data-team-id=\"267\">Macar\u00e1<\/a><\/td>\n<td class=\"puntos destacado\"><span class=\"badge badge-primary rounded-circle\">45<\/span><\/td>\n<td class=\"d-none d-sm-table-cell\">\n<div class=\"border-left border-right border-primary\">27<\/div>\n<\/td>\n<td class=\"d-none d-sm-table-cell\">\n<div class=\"border-right border-primary\">13<\/div>\n<\/td>\n<td class=\"d-none d-sm-table-cell\">\n<div class=\"border-right border-primary\">6<\/div>\n<\/td>\n<td class=\"d-none d-sm-table-cell\">\n<div class=\"border-right border-primary\">8<\/div>\n<\/td>\n<td class=\"d-none d-sm-table-cell\">\n<div class=\"border-right border-primary\">35<\/div>\n<\/td>\n<td class=\"d-none d-sm-table-cell\">\n<div class=\"border-right border-primary\">27<\/div>\n<\/td>\n<td class=\"d-none d-sm-table-cell\">8<\/td>\n<\/tr>\n<tr class=\"linea e_894\">\n<td class=\"pos border-left-\">4<\/td>\n<td class=\"escudo\"><img decoding=\"async\" src=\"https:\/\/1287719000.rsc.cdn77.org\/escudos_ch\/894.gif\" alt=\"U. Cat\u00f3lica (E)\" \/><\/td>\n<td class=\"team text-left\"><a class=\"mc-teamLink bg-default\" href=\"https:\/\/estadisticas.ecuavisa.com\/sites\/services\/datafactory\/html\/v3\/minapp\/init\/index.html?channel=deportes.futbol.ecuador.planteles&amp;team=894&amp;lang=es_LA\" data-team-id=\"894\">U. Cat\u00f3lica (E)<\/a><\/td>\n<td class=\"puntos destacado\"><span class=\"badge badge-primary rounded-circle\">44<\/span><\/td>\n<td class=\"d-none d-sm-table-cell\">\n<div class=\"border-left border-right border-primary\">27<\/div>\n<\/td>\n<td class=\"d-none d-sm-table-cell\">\n<div class=\"border-right border-primary\">12<\/div>\n<\/td>\n<td class=\"d-none d-sm-table-cell\">\n<div class=\"border-right border-primary\">8<\/div>\n<\/td>\n<td class=\"d-none d-sm-table-cell\">\n<div class=\"border-right border-primary\">7<\/div>\n<\/td>\n<td class=\"d-none d-sm-table-cell\">\n<div class=\"border-right border-primary\">47<\/div>\n<\/td>\n<td class=\"d-none d-sm-table-cell\">\n<div class=\"border-right border-primary\">25<\/div>\n<\/td>\n<td class=\"d-none d-sm-table-cell\">22<\/td>\n<\/tr>\n<tr class=\"linea e_71\">\n<td class=\"pos border-left-\">5<\/td>\n<td class=\"escudo\"><img decoding=\"async\" src=\"https:\/\/1287719000.rsc.cdn77.org\/escudos_ch\/71.gif\" alt=\"Liga de Quito\" \/><\/td>\n<td class=\"team text-left\"><a class=\"mc-teamLink bg-default\" href=\"https:\/\/estadisticas.ecuavisa.com\/sites\/services\/datafactory\/html\/v3\/minapp\/init\/index.html?channel=deportes.futbol.ecuador.planteles&amp;team=71&amp;lang=es_LA\" data-team-id=\"71\">Liga de Quito<\/a><\/td>\n<td class=\"puntos destacado\"><span class=\"badge badge-primary rounded-circle\">41<\/span><\/td>\n<td class=\"d-none d-sm-table-cell\">\n<div class=\"border-left border-right border-primary\">27<\/div>\n<\/td>\n<td class=\"d-none d-sm-table-cell\">\n<div class=\"border-right border-primary\">12<\/div>\n<\/td>\n<td class=\"d-none d-sm-table-cell\">\n<div class=\"border-right border-primary\">5<\/div>\n<\/td>\n<td class=\"d-none d-sm-table-cell\">\n<div class=\"border-right border-primary\">10<\/div>\n<\/td>\n<td class=\"d-none d-sm-table-cell\">\n<div class=\"border-right border-primary\">27<\/div>\n<\/td>\n<td class=\"d-none d-sm-table-cell\">\n<div class=\"border-right border-primary\">22<\/div>\n<\/td>\n<td class=\"d-none d-sm-table-cell\">5<\/td>\n<\/tr>\n<tr class=\"linea e_217\">\n<td class=\"pos border-left-\">6<\/td>\n<td class=\"escudo\"><img decoding=\"async\" src=\"https:\/\/1287719000.rsc.cdn77.org\/escudos_ch\/217.gif\" alt=\"Barcelona\" \/><\/td>\n<td class=\"team text-left\"><a class=\"mc-teamLink bg-default\" href=\"https:\/\/estadisticas.ecuavisa.com\/sites\/services\/datafactory\/html\/v3\/minapp\/init\/index.html?channel=deportes.futbol.ecuador.planteles&amp;team=217&amp;lang=es_LA\" data-team-id=\"217\">Barcelona<\/a><\/td>\n<td class=\"puntos destacado\"><span class=\"badge badge-primary rounded-circle\">39<\/span><\/td>\n<td class=\"d-none d-sm-table-cell\">\n<div class=\"border-left border-right border-primary\">27<\/div>\n<\/td>\n<td class=\"d-none d-sm-table-cell\">\n<div class=\"border-right border-primary\">10<\/div>\n<\/td>\n<td class=\"d-none d-sm-table-cell\">\n<div class=\"border-right border-primary\">9<\/div>\n<\/td>\n<td class=\"d-none d-sm-table-cell\">\n<div class=\"border-right border-primary\">8<\/div>\n<\/td>\n<td class=\"d-none d-sm-table-cell\">\n<div class=\"border-right border-primary\">28<\/div>\n<\/td>\n<td class=\"d-none d-sm-table-cell\">\n<div class=\"border-right border-primary\">22<\/div>\n<\/td>\n<td class=\"d-none d-sm-table-cell\">6<\/td>\n<\/tr>\n<tr class=\"linea e_10743\">\n<td class=\"pos border-left-\">7<\/td>\n<td class=\"escudo\"><img decoding=\"async\" src=\"https:\/\/1287719000.rsc.cdn77.org\/escudos_ch\/10743.gif\" alt=\"Libertad\" \/><\/td>\n<td class=\"team text-left\"><a class=\"mc-teamLink bg-default\" href=\"https:\/\/estadisticas.ecuavisa.com\/sites\/services\/datafactory\/html\/v3\/minapp\/init\/index.html?channel=deportes.futbol.ecuador.planteles&amp;team=10743&amp;lang=es_LA\" data-team-id=\"10743\">Libertad<\/a><\/td>\n<td class=\"puntos destacado\"><span class=\"badge badge-primary rounded-circle\">37<\/span><\/td>\n<td class=\"d-none d-sm-table-cell\">\n<div class=\"border-left border-right border-primary\">27<\/div>\n<\/td>\n<td class=\"d-none d-sm-table-cell\">\n<div class=\"border-right border-primary\">10<\/div>\n<\/td>\n<td class=\"d-none d-sm-table-cell\">\n<div class=\"border-right border-primary\">7<\/div>\n<\/td>\n<td class=\"d-none d-sm-table-cell\">\n<div class=\"border-right border-primary\">10<\/div>\n<\/td>\n<td class=\"d-none d-sm-table-cell\">\n<div class=\"border-right border-primary\">29<\/div>\n<\/td>\n<td class=\"d-none d-sm-table-cell\">\n<div class=\"border-right border-primary\">30<\/div>\n<\/td>\n<td class=\"d-none d-sm-table-cell\">-1<\/td>\n<\/tr>\n<tr class=\"linea e_3690\">\n<td class=\"pos border-left-\">8<\/td>\n<td class=\"escudo\"><img decoding=\"async\" src=\"https:\/\/1287719000.rsc.cdn77.org\/escudos_ch\/3690.gif\" alt=\"Mushuc Runa\" \/><\/td>\n<td class=\"team text-left\"><a class=\"mc-teamLink bg-default\" href=\"https:\/\/estadisticas.ecuavisa.com\/sites\/services\/datafactory\/html\/v3\/minapp\/init\/index.html?channel=deportes.futbol.ecuador.planteles&amp;team=3690&amp;lang=es_LA\" data-team-id=\"3690\">Mushuc Runa<\/a><\/td>\n<td class=\"puntos destacado\"><span class=\"badge badge-primary rounded-circle\">36<\/span><\/td>\n<td class=\"d-none d-sm-table-cell\">\n<div class=\"border-left border-right border-primary\">27<\/div>\n<\/td>\n<td class=\"d-none d-sm-table-cell\">\n<div class=\"border-right border-primary\">9<\/div>\n<\/td>\n<td class=\"d-none d-sm-table-cell\">\n<div class=\"border-right border-primary\">9<\/div>\n<\/td>\n<td class=\"d-none d-sm-table-cell\">\n<div class=\"border-right border-primary\">9<\/div>\n<\/td>\n<td class=\"d-none d-sm-table-cell\">\n<div class=\"border-right border-primary\">33<\/div>\n<\/td>\n<td class=\"d-none d-sm-table-cell\">\n<div class=\"border-right border-primary\">34<\/div>\n<\/td>\n<td class=\"d-none d-sm-table-cell\">-1<\/td>\n<\/tr>\n<tr class=\"linea e_2107\">\n<td class=\"pos border-left-\">9<\/td>\n<td class=\"escudo\"><img decoding=\"async\" src=\"https:\/\/1287719000.rsc.cdn77.org\/escudos_ch\/2107.gif\" alt=\"Guayaquil City\" \/><\/td>\n<td class=\"team text-left\"><a class=\"mc-teamLink bg-default\" href=\"https:\/\/estadisticas.ecuavisa.com\/sites\/services\/datafactory\/html\/v3\/minapp\/init\/index.html?channel=deportes.futbol.ecuador.planteles&amp;team=2107&amp;lang=es_LA\" data-team-id=\"2107\">Guayaquil City<\/a><\/td>\n<td class=\"puntos destacado\"><span class=\"badge badge-primary rounded-circle\">36<\/span><\/td>\n<td class=\"d-none d-sm-table-cell\">\n<div class=\"border-left border-right border-primary\">27<\/div>\n<\/td>\n<td class=\"d-none d-sm-table-cell\">\n<div class=\"border-right border-primary\">9<\/div>\n<\/td>\n<td class=\"d-none d-sm-table-cell\">\n<div class=\"border-right border-primary\">9<\/div>\n<\/td>\n<td class=\"d-none d-sm-table-cell\">\n<div class=\"border-right border-primary\">9<\/div>\n<\/td>\n<td class=\"d-none d-sm-table-cell\">\n<div class=\"border-right border-primary\">27<\/div>\n<\/td>\n<td class=\"d-none d-sm-table-cell\">\n<div class=\"border-right border-primary\">30<\/div>\n<\/td>\n<td class=\"d-none d-sm-table-cell\">-3<\/td>\n<\/tr>\n<tr class=\"linea e_10748\">\n<td class=\"pos border-left-\">10<\/td>\n<td class=\"escudo\"><img decoding=\"async\" src=\"https:\/\/1287719000.rsc.cdn77.org\/escudos_ch\/10748.gif\" alt=\"Leones FC\" \/><\/td>\n<td class=\"team text-left\"><a class=\"mc-teamLink bg-default\" href=\"https:\/\/estadisticas.ecuavisa.com\/sites\/services\/datafactory\/html\/v3\/minapp\/init\/index.html?channel=deportes.futbol.ecuador.planteles&amp;team=10748&amp;lang=es_LA\" data-team-id=\"10748\">Leones FC<\/a><\/td>\n<td class=\"puntos destacado\"><span class=\"badge badge-primary rounded-circle\">35<\/span><\/td>\n<td class=\"d-none d-sm-table-cell\">\n<div class=\"border-left border-right border-primary\">27<\/div>\n<\/td>\n<td class=\"d-none d-sm-table-cell\">\n<div class=\"border-right border-primary\">9<\/div>\n<\/td>\n<td class=\"d-none d-sm-table-cell\">\n<div class=\"border-right border-primary\">8<\/div>\n<\/td>\n<td class=\"d-none d-sm-table-cell\">\n<div class=\"border-right border-primary\">10<\/div>\n<\/td>\n<td class=\"d-none d-sm-table-cell\">\n<div class=\"border-right border-primary\">29<\/div>\n<\/td>\n<td class=\"d-none d-sm-table-cell\">\n<div class=\"border-right border-primary\">30<\/div>\n<\/td>\n<td class=\"d-none d-sm-table-cell\">-1<\/td>\n<\/tr>\n<tr class=\"linea e_219\">\n<td class=\"pos border-left-\">11<\/td>\n<td class=\"escudo\"><img decoding=\"async\" src=\"https:\/\/1287719000.rsc.cdn77.org\/escudos_ch\/219.gif\" alt=\"Emelec\" \/><\/td>\n<td class=\"team text-left\"><a class=\"mc-teamLink bg-default\" href=\"https:\/\/estadisticas.ecuavisa.com\/sites\/services\/datafactory\/html\/v3\/minapp\/init\/index.html?channel=deportes.futbol.ecuador.planteles&amp;team=219&amp;lang=es_LA\" data-team-id=\"219\">Emelec<\/a><\/td>\n<td class=\"puntos destacado\"><span class=\"badge badge-primary rounded-circle\">35<\/span><\/td>\n<td class=\"d-none d-sm-table-cell\">\n<div class=\"border-left border-right border-primary\">27<\/div>\n<\/td>\n<td class=\"d-none d-sm-table-cell\">\n<div class=\"border-right border-primary\">9<\/div>\n<\/td>\n<td class=\"d-none d-sm-table-cell\">\n<div class=\"border-right border-primary\">8<\/div>\n<\/td>\n<td class=\"d-none d-sm-table-cell\">\n<div class=\"border-right border-primary\">10<\/div>\n<\/td>\n<td class=\"d-none d-sm-table-cell\">\n<div class=\"border-right border-primary\">23<\/div>\n<\/td>\n<td class=\"d-none d-sm-table-cell\">\n<div class=\"border-right border-primary\">32<\/div>\n<\/td>\n<td class=\"d-none d-sm-table-cell\">-9<\/td>\n<\/tr>\n<tr class=\"linea e_91\">\n<td class=\"pos border-left-\">12<\/td>\n<td class=\"escudo\"><img decoding=\"async\" src=\"https:\/\/1287719000.rsc.cdn77.org\/escudos_ch\/91.gif\" alt=\"Deportivo Cuenca\" \/><\/td>\n<td class=\"team text-left\"><a class=\"mc-teamLink bg-default\" href=\"https:\/\/estadisticas.ecuavisa.com\/sites\/services\/datafactory\/html\/v3\/minapp\/init\/index.html?channel=deportes.futbol.ecuador.planteles&amp;team=91&amp;lang=es_LA\" data-team-id=\"91\">Deportivo Cuenca<\/a><\/td>\n<td class=\"puntos destacado\"><span class=\"badge badge-primary rounded-circle\">32<\/span><\/td>\n<td class=\"d-none d-sm-table-cell\">\n<div class=\"border-left border-right border-primary\">27<\/div>\n<\/td>\n<td class=\"d-none d-sm-table-cell\">\n<div class=\"border-right border-primary\">9<\/div>\n<\/td>\n<td class=\"d-none d-sm-table-cell\">\n<div class=\"border-right border-primary\">5<\/div>\n<\/td>\n<td class=\"d-none d-sm-table-cell\">\n<div class=\"border-right border-primary\">13<\/div>\n<\/td>\n<td class=\"d-none d-sm-table-cell\">\n<div class=\"border-right border-primary\">23<\/div>\n<\/td>\n<td class=\"d-none d-sm-table-cell\">\n<div class=\"border-right border-primary\">35<\/div>\n<\/td>\n<td class=\"d-none d-sm-table-cell\">-12<\/td>\n<\/tr>\n<tr class=\"linea e_7550\">\n<td class=\"pos border-left-\">13<\/td>\n<td class=\"escudo\"><img decoding=\"async\" src=\"https:\/\/1287719000.rsc.cdn77.org\/escudos_ch\/7550.gif\" alt=\"Orense\" \/><\/td>\n<td class=\"team text-left\"><a class=\"mc-teamLink bg-default\" href=\"https:\/\/estadisticas.ecuavisa.com\/sites\/services\/datafactory\/html\/v3\/minapp\/init\/index.html?channel=deportes.futbol.ecuador.planteles&amp;team=7550&amp;lang=es_LA\" data-team-id=\"7550\">Orense<\/a><\/td>\n<td class=\"puntos destacado\"><span class=\"badge badge-primary rounded-circle\">30<\/span><\/td>\n<td class=\"d-none d-sm-table-cell\">\n<div class=\"border-left border-right border-primary\">27<\/div>\n<\/td>\n<td class=\"d-none d-sm-table-cell\">\n<div class=\"border-right border-primary\">8<\/div>\n<\/td>\n<td class=\"d-none d-sm-table-cell\">\n<div class=\"border-right border-primary\">6<\/div>\n<\/td>\n<td class=\"d-none d-sm-table-cell\">\n<div class=\"border-right border-primary\">13<\/div>\n<\/td>\n<td class=\"d-none d-sm-table-cell\">\n<div class=\"border-right border-primary\">31<\/div>\n<\/td>\n<td class=\"d-none d-sm-table-cell\">\n<div class=\"border-right border-primary\">41<\/div>\n<\/td>\n<td class=\"d-none d-sm-table-cell\">-10<\/td>\n<\/tr>\n<tr class=\"linea e_895\">\n<td class=\"pos border-left-\">14<\/td>\n<td class=\"escudo\"><img decoding=\"async\" src=\"https:\/\/1287719000.rsc.cdn77.org\/escudos_ch\/895.gif\" alt=\"T\u00e9cnico Universitario\" \/><\/td>\n<td class=\"team text-left\"><a class=\"mc-teamLink bg-default\" href=\"https:\/\/estadisticas.ecuavisa.com\/sites\/services\/datafactory\/html\/v3\/minapp\/init\/index.html?channel=deportes.futbol.ecuador.planteles&amp;team=895&amp;lang=es_LA\" data-team-id=\"895\">T\u00e9cnico Universitario<\/a><\/td>\n<td class=\"puntos destacado\"><span class=\"badge badge-primary rounded-circle\">29<\/span><\/td>\n<td class=\"d-none d-sm-table-cell\">\n<div class=\"border-left border-right border-primary\">27<\/div>\n<\/td>\n<td class=\"d-none d-sm-table-cell\">\n<div class=\"border-right border-primary\">9<\/div>\n<\/td>\n<td class=\"d-none d-sm-table-cell\">\n<div class=\"border-right border-primary\">2<\/div>\n<\/td>\n<td class=\"d-none d-sm-table-cell\">\n<div class=\"border-right border-primary\">16<\/div>\n<\/td>\n<td class=\"d-none d-sm-table-cell\">\n<div class=\"border-right border-primary\">26<\/div>\n<\/td>\n<td class=\"d-none d-sm-table-cell\">\n<div class=\"border-right border-primary\">38<\/div>\n<\/td>\n<td class=\"d-none d-sm-table-cell\">-12<\/td>\n<\/tr>\n<tr class=\"linea e_4716\">\n<td class=\"pos border-left-\">15<\/td>\n<td class=\"escudo\"><img decoding=\"async\" src=\"https:\/\/1287719000.rsc.cdn77.org\/escudos_ch\/4716.gif\" alt=\"Delf\u00edn\" \/><\/td>\n<td class=\"team text-left\"><a class=\"mc-teamLink bg-default\" href=\"https:\/\/estadisticas.ecuavisa.com\/sites\/services\/datafactory\/html\/v3\/minapp\/init\/index.html?channel=deportes.futbol.ecuador.planteles&amp;team=4716&amp;lang=es_LA\" data-team-id=\"4716\">Delf\u00edn<\/a><\/td>\n<td class=\"puntos destacado\"><span class=\"badge badge-primary rounded-circle\">24<\/span><\/td>\n<td class=\"d-none d-sm-table-cell\">\n<div class=\"border-left border-right border-primary\">27<\/div>\n<\/td>\n<td class=\"d-none d-sm-table-cell\">\n<div class=\"border-right border-primary\">6<\/div>\n<\/td>\n<td class=\"d-none d-sm-table-cell\">\n<div class=\"border-right border-primary\">6<\/div>\n<\/td>\n<td class=\"d-none d-sm-table-cell\">\n<div class=\"border-right border-primary\">15<\/div>\n<\/td>\n<td class=\"d-none d-sm-table-cell\">\n<div class=\"border-right border-primary\">17<\/div>\n<\/td>\n<td class=\"d-none d-sm-table-cell\">\n<div class=\"border-right border-primary\">29<\/div>\n<\/td>\n<td class=\"d-none d-sm-table-cell\">-12<\/td>\n<\/tr>\n<tr class=\"linea e_984\">\n<td class=\"pos border-left-\">16<\/td>\n<td class=\"escudo\"><img decoding=\"async\" src=\"https:\/\/1287719000.rsc.cdn77.org\/escudos_ch\/984.gif\" alt=\"Manta F.C.\" \/><\/td>\n<td class=\"team text-left\"><a class=\"mc-teamLink bg-default\" href=\"https:\/\/estadisticas.ecuavisa.com\/sites\/services\/datafactory\/html\/v3\/minapp\/init\/index.html?channel=deportes.futbol.ecuador.planteles&amp;team=984&amp;lang=es_LA\" data-team-id=\"984\">Manta F.C.<\/a><\/td>\n<td class=\"puntos destacado\"><span class=\"badge badge-primary rounded-circle\">20<\/span><\/td>\n<td class=\"d-none d-sm-table-cell\">\n<div class=\"border-left border-right border-primary\">27<\/div>\n<\/td>\n<td class=\"d-none d-sm-table-cell\">\n<div class=\"border-right border-primary\">5<\/div>\n<\/td>\n<td class=\"d-none d-sm-table-cell\">\n<div class=\"border-right border-primary\">5<\/div>\n<\/td>\n<td class=\"d-none d-sm-table-cell\">\n<div class=\"border-right border-primary\">17<\/div>\n<\/td>\n<td class=\"d-none d-sm-table-cell\">\n<div class=\"border-right border-primary\">14<\/div>\n<\/td>\n<td class=\"d-none d-sm-table-cell\">\n<div class=\"border-right border-primary\">37<\/div>\n<\/td>\n<td class=\"d-none d-sm-table-cell\">-23<\/td>\n<\/tr>\n<\/tbody>\n<\/table>\n<\/div>\n<p><strong>Fuente<\/strong>: evafm.net &#8211; ecuavisa.com<\/p>\n<div class=\"gsp_post_data\" \r\n\t            data-post_type=\"post\" \r\n\t            data-cat=\"deportes-ecuador,general\" \r\n\t            data-modified=\"120\"\r\n\t            data-created=\"1788188772\"\r\n\t            data-title=\"As\u00ed qued\u00f3 la tabla de posiciones de la LigaPro en la fecha 27\" \r\n\t            data-home=\"https:\/\/www.evafm.net\/sitio\"><\/div>","protected":false},"excerpt":{"rendered":"<p>Este domingo 30 de agosto se cerr\u00f3 la jornada 27 de la\u00a0LigaPro\u00a0con el duelo entre Emelec y Leones FC en el estadio George Capwell,\u00a0la tabla de posiciones tuvo movimientos en diferentes zonas\u00a0y deja el final de la fase regular al rojo vivo. El primer encuentro que se disput\u00f3 fue el\u00a0duelo entre Aucas y Libertad de&#8230;<\/p>\n","protected":false},"author":5,"featured_media":105052,"comment_status":"closed","ping_status":"open","sticky":false,"template":"","format":"standard","meta":{"_joinchat":[],"footnotes":""},"categories":[1557,1720],"tags":[],"class_list":["post-105051","post","type-post","status-publish","format-standard","has-post-thumbnail","hentry","category-deportes-ecuador","category-general","have-post-thumb"],"_links":{"self":[{"href":"https:\/\/www.evafm.net\/sitio\/wp-json\/wp\/v2\/posts\/105051","targetHints":{"allow":["GET"]}}],"collection":[{"href":"https:\/\/www.evafm.net\/sitio\/wp-json\/wp\/v2\/posts"}],"about":[{"href":"https:\/\/www.evafm.net\/sitio\/wp-json\/wp\/v2\/types\/post"}],"author":[{"embeddable":true,"href":"https:\/\/www.evafm.net\/sitio\/wp-json\/wp\/v2\/users\/5"}],"replies":[{"embeddable":true,"href":"https:\/\/www.evafm.net\/sitio\/wp-json\/wp\/v2\/comments?post=105051"}],"version-history":[{"count":1,"href":"https:\/\/www.evafm.net\/sitio\/wp-json\/wp\/v2\/posts\/105051\/revisions"}],"predecessor-version":[{"id":105053,"href":"https:\/\/www.evafm.net\/sitio\/wp-json\/wp\/v2\/posts\/105051\/revisions\/105053"}],"wp:featuredmedia":[{"embeddable":true,"href":"https:\/\/www.evafm.net\/sitio\/wp-json\/wp\/v2\/media\/105052"}],"wp:attachment":[{"href":"https:\/\/www.evafm.net\/sitio\/wp-json\/wp\/v2\/media?parent=105051"}],"wp:term":[{"taxonomy":"category","embeddable":true,"href":"https:\/\/www.evafm.net\/sitio\/wp-json\/wp\/v2\/categories?post=105051"},{"taxonomy":"post_tag","embeddable":true,"href":"https:\/\/www.evafm.net\/sitio\/wp-json\/wp\/v2\/tags?post=105051"}],"curies":[{"name":"wp","href":"https:\/\/api.w.org\/{rel}","templated":true}]}}