{"id":105062,"date":"2026-08-31T15:35:41","date_gmt":"2026-08-31T20:35:41","guid":{"rendered":"https:\/\/www.evafm.net\/sitio\/?p=105062"},"modified":"2026-08-31T15:35:41","modified_gmt":"2026-08-31T20:35:41","slug":"ezequiel-medran-y-sus-impresiones-del-triunfo-frente-a-leones-del-norte","status":"publish","type":"post","link":"https:\/\/www.evafm.net\/sitio\/ezequiel-medran-y-sus-impresiones-del-triunfo-frente-a-leones-del-norte\/","title":{"rendered":"Ezequiel Medran y sus impresiones del triunfo frente a Leones del Norte"},"content":{"rendered":"<p><strong>Ezequiel Medr\u00e1n<\/strong>\u00a0comenz\u00f3 su etapa como entrenador de<a href=\"https:\/\/www.ecuavisa.com\/deportes\/emelec\" target=\"_blank\" rel=\"noopener\"><strong>\u00a0Emelec<\/strong>\u00a0<\/a>con una victoria que alimenta la ilusi\u00f3n del equipo el\u00e9ctrico. El conjunto guayaquile\u00f1o derrot\u00f3 2-1 a\u00a0<strong>Leones FC\u00a0<\/strong>este domingo 30 de agosto en el estadio\u00a0<strong>George Capwell<\/strong>, por la jornada 27 de la\u00a0<strong>LigaPro,<\/strong>\u00a0en el estreno oficial del t\u00e9cnico argentino al mando del club.<\/p>\n<p>El Bombillo golpe\u00f3 temprano en el encuentro gracias a un tanto de Juan Pablo Ruiz G\u00f3mez a los dos minutos de juego, tras una asistencia de<strong>\u00a0Luis Fragozo.<\/strong>\u00a0Sin embargo,\u00a0<strong>Leones FC\u00a0<\/strong>reaccion\u00f3 y encontr\u00f3 la igualdad a los 25 minutos por medio de<strong>\u00a0Juan Luis Anangon\u00f3.<\/strong>\u00a0Cuando parec\u00eda que el compromiso terminar\u00eda en empate,\u00a0<strong>An\u00edbal Leguizam\u00f3n\u00a0<\/strong>apareci\u00f3 en el tiempo de descuento para marcar de cabeza el gol que sell\u00f3 el triunfo azul.<\/p>\n<p>En la rueda de prensa posterior al encuentro<strong>, Medr\u00e1n\u00a0<\/strong>destac\u00f3 la respuesta de sus jugadores y la importancia de arrancar su gesti\u00f3n sumando de a tres. \u201cEs importante empezar con un triunfo en casa. Agradezco al equipo por c\u00f3mo respondi\u00f3\u201d, se\u00f1al\u00f3 el estratega de 45 a\u00f1os, quien lleg\u00f3 a Guayaquil el pasado jueves para reemplazar a\u00a0<strong>Cristian Nasuti<\/strong>\u00a0y apenas cont\u00f3 con unos d\u00edas de trabajo antes de su debut.<\/p>\n<p>El entrenador tambi\u00e9n resalt\u00f3 la disposici\u00f3n que encontr\u00f3 desde sus primeras pr\u00e1cticas. Seg\u00fan explic\u00f3, desde el primer entrenamiento observ\u00f3 \u201cuna gran predisposici\u00f3n del plantel\u201d, convencido de que el grupo tiene las condiciones para afrontar de la mejor manera los cuatro partidos restantes de la fase regular.<\/p>\n<p>&nbsp;<\/p>\n<p>Adem\u00e1s, reconoci\u00f3 el nivel mostrado por<strong>\u00a0Leones FC<\/strong>\u00a0y valor\u00f3 la reacci\u00f3n de su equipo durante el desarrollo del compromiso. \u201cHoy estuvimos a la altura. Enfrentamos a un rival que estaba muy bien. En el segundo tiempo nos acomodamos m\u00e1s al partido. El triunfo fue merecido\u201d, afirm\u00f3.<\/p>\n<p>Dimos un primer paso y ellos lo tienen claro. Ahora a descansar y desde ma\u00f1ana a pensar en el partido del jueves\u201d, manifest\u00f3. Emelec visitar\u00e1 a Libertad en la pr\u00f3xima fecha, con la misi\u00f3n de seguir sumando puntos para alejarse definitivamente de la lucha por el descenso y mantener vivas sus aspiraciones de acceder al cuadrangular que otorga un cupo a la <strong>Copa Sudamericana.(D)<\/strong><\/p>\n<p>&nbsp;<\/p>\n<blockquote class=\"twitter-tweet\" data-width=\"550\" data-dnt=\"true\">\n<p lang=\"es\" dir=\"ltr\">\u201cEL TRIUNFO FUE MERECIDO\u201d \u26a1\ufe0f\ud83d\udd35<\/p>\n<p>Ezequiel Medr\u00e1n, DT de Emelec, habl\u00f3 tras su DEBUT y victoria ante Leones FC.<\/p>\n<p>Presentado por <a href=\"https:\/\/x.com\/ClaroEcua?ref_src=twsrc%5Etfw\">@ClaroEcua<\/a> <a href=\"https:\/\/t.co\/mvOsLEY4sS\">pic.twitter.com\/mvOsLEY4sS<\/a><\/p>\n<p>&mdash; StudioF\u00fatbol \u26bd (@StudioFutbol) <a href=\"https:\/\/x.com\/StudioFutbol\/status\/2094242877287137454?ref_src=twsrc%5Etfw\">August 31, 2026<\/a><\/p><\/blockquote>\n<p><script async src=\"https:\/\/platform.x.com\/widgets.js\" charset=\"utf-8\"><\/script><\/p>\n<p><strong>Fuente:<\/strong> evafm.net &#8211; ecuavisa.com &#8211; studiofutbol.com.ec<\/p>\n<p>&nbsp;<\/p>\n<div class=\"gsp_post_data\" \r\n\t            data-post_type=\"post\" \r\n\t            data-cat=\"deportes-ecuador\" \r\n\t            data-modified=\"120\"\r\n\t            data-created=\"1788190541\"\r\n\t            data-title=\"Ezequiel Medran y sus impresiones del triunfo frente a Leones del Norte\" \r\n\t            data-home=\"https:\/\/www.evafm.net\/sitio\"><\/div>","protected":false},"excerpt":{"rendered":"<p>Ezequiel Medr\u00e1n\u00a0comenz\u00f3 su etapa como entrenador de\u00a0Emelec\u00a0con una victoria que alimenta la ilusi\u00f3n del equipo el\u00e9ctrico. El conjunto guayaquile\u00f1o derrot\u00f3 2-1 a\u00a0Leones FC\u00a0este domingo 30 de agosto en el estadio\u00a0George Capwell, por la jornada 27 de la\u00a0LigaPro,\u00a0en el estreno oficial del t\u00e9cnico argentino al mando del club. El Bombillo golpe\u00f3 temprano en el encuentro gracias&#8230;<\/p>\n","protected":false},"author":5,"featured_media":105063,"comment_status":"closed","ping_status":"open","sticky":false,"template":"","format":"standard","meta":{"_joinchat":[],"footnotes":""},"categories":[1557],"tags":[],"class_list":["post-105062","post","type-post","status-publish","format-standard","has-post-thumbnail","hentry","category-deportes-ecuador","have-post-thumb"],"_links":{"self":[{"href":"https:\/\/www.evafm.net\/sitio\/wp-json\/wp\/v2\/posts\/105062","targetHints":{"allow":["GET"]}}],"collection":[{"href":"https:\/\/www.evafm.net\/sitio\/wp-json\/wp\/v2\/posts"}],"about":[{"href":"https:\/\/www.evafm.net\/sitio\/wp-json\/wp\/v2\/types\/post"}],"author":[{"embeddable":true,"href":"https:\/\/www.evafm.net\/sitio\/wp-json\/wp\/v2\/users\/5"}],"replies":[{"embeddable":true,"href":"https:\/\/www.evafm.net\/sitio\/wp-json\/wp\/v2\/comments?post=105062"}],"version-history":[{"count":1,"href":"https:\/\/www.evafm.net\/sitio\/wp-json\/wp\/v2\/posts\/105062\/revisions"}],"predecessor-version":[{"id":105064,"href":"https:\/\/www.evafm.net\/sitio\/wp-json\/wp\/v2\/posts\/105062\/revisions\/105064"}],"wp:featuredmedia":[{"embeddable":true,"href":"https:\/\/www.evafm.net\/sitio\/wp-json\/wp\/v2\/media\/105063"}],"wp:attachment":[{"href":"https:\/\/www.evafm.net\/sitio\/wp-json\/wp\/v2\/media?parent=105062"}],"wp:term":[{"taxonomy":"category","embeddable":true,"href":"https:\/\/www.evafm.net\/sitio\/wp-json\/wp\/v2\/categories?post=105062"},{"taxonomy":"post_tag","embeddable":true,"href":"https:\/\/www.evafm.net\/sitio\/wp-json\/wp\/v2\/tags?post=105062"}],"curies":[{"name":"wp","href":"https:\/\/api.w.org\/{rel}","templated":true}]}}