{"id":105065,"date":"2026-08-31T15:44:22","date_gmt":"2026-08-31T20:44:22","guid":{"rendered":"https:\/\/www.evafm.net\/sitio\/?p=105065"},"modified":"2026-08-31T15:44:22","modified_gmt":"2026-08-31T20:44:22","slug":"messi-anuncio-su-retiro-de-la-seleccion-de-argentina-con-emotivo-mensaje","status":"publish","type":"post","link":"https:\/\/www.evafm.net\/sitio\/messi-anuncio-su-retiro-de-la-seleccion-de-argentina-con-emotivo-mensaje\/","title":{"rendered":"Messi anunci\u00f3 su retiro de la selecci\u00f3n de Argentina con emotivo mensaje"},"content":{"rendered":"<p><a href=\"https:\/\/www.ecuavisa.com\/tema\/lionel-messi-t95112\" target=\"_blank\" rel=\"noopener\"><strong>Lionel Messi<\/strong>\u00a0<\/a>anunci\u00f3 su retiro de la selecci\u00f3n argentina de f\u00fatbol a trav\u00e9s de un emotivo mensaje publicado en sus redes sociales. El capit\u00e1n de la<strong>\u00a0Albiceleste\u00a0<\/strong>asegur\u00f3 que tom\u00f3 la decisi\u00f3n despu\u00e9s de meditarla durante un tiempo y reconoci\u00f3 que dejar la camiseta que defendi\u00f3 durante dos d\u00e9cadas es un momento que \u201cduele mucho\u201d.<\/p>\n<p>\u201cDespu\u00e9s de este tiempo que pas\u00f3 desde la final, pens\u00e1ndolo mucho, quiero comunicarles a todos que me retiro de la Selecci\u00f3n\u201d, escribi\u00f3 el astro argentino al inicio de su mensaje.<\/p>\n<p><strong>Messi\u00a0<\/strong>explic\u00f3 que se trata de una decisi\u00f3n dif\u00edcil, pero que considera que lleg\u00f3 el momento de cerrar su etapa con la Albiceleste. \u201cFue una decisi\u00f3n que doli\u00f3 y duele en el alma pero entiendo que es el momento\u201d, manifest\u00f3.<\/p>\n<p>El futbolista tambi\u00e9n record\u00f3 el esfuerzo realizado durante toda su trayectoria internacional y asegur\u00f3 que siempre entreg\u00f3 todo por la camiseta argentina, incluso antes de la etapa de t\u00edtulos que marc\u00f3 los \u00faltimos a\u00f1os de la selecci\u00f3n.<\/p>\n<p>\u201cLes juro que siempre dej\u00e9 todo, no solo los \u00faltimos a\u00f1os que se gan\u00f3 todo antes tambi\u00e9n y siempre pele\u00e9 y me dej\u00e9 todo por esta camiseta, por darles alegr\u00edas y hacer que se sientan orgullosos de ser argentinos a trav\u00e9s del f\u00fatbol\u201d, expres\u00f3.<\/p>\n<p>&nbsp;<\/p>\n<p><strong>\u201cMe vaci\u00e9, ya no tengo m\u00e1s para dar\u201d<\/strong><\/p>\n<p>En su despedida, Messi reconoci\u00f3 que el final de su carrera con Argentina representa uno de los momentos m\u00e1s dolorosos de su trayectoria.<\/p>\n<p>\u201cQueda poco y se van cerrando etapas y esta es una que me duele mucho. Amo, am\u00e9 y amar\u00e9 siempre estar en la Selecci\u00f3n\u201d, se\u00f1al\u00f3.<\/p>\n<p>El capit\u00e1n tambi\u00e9n consider\u00f3 que existe una nueva generaci\u00f3n de futbolistas preparada para tomar el relevo: \u201cMe vaci\u00e9, ya no tengo m\u00e1s para dar y aparte vienen chicos muy grandes atr\u00e1s que merecen estar\u201d.<\/p>\n<p>Messi agradeci\u00f3 especialmente el cari\u00f1o recibido por los aficionados durante sus 20 a\u00f1os con la selecci\u00f3n y anticip\u00f3 que ahora vivir\u00e1 los partidos desde otra perspectiva.<\/p>\n<p>\u201cVoy a extra\u00f1ar mucho escucharlos desde adentro. Ahora voy a ser uno m\u00e1s de ustedes, alentando y bancando siempre desde afuera\u201d, escribi\u00f3.<\/p>\n<p><strong>Agradecimiento a su familia y a la selecci\u00f3n.<\/strong><\/p>\n<p>El argentino tambi\u00e9n dedic\u00f3 parte de su mensaje a su familia, entrenadores, compa\u00f1eros y dirigentes que lo acompa\u00f1aron durante su carrera internacional.<\/p>\n<p>\u201cGracias a mi familia por estar siempre, por acompa\u00f1arme en este viaje tan hermoso pero dif\u00edcil\u201d, expres\u00f3.<\/p>\n<p>Asimismo, destac\u00f3 los recuerdos que se lleva de su paso por la Albiceleste y el orgullo de haber conseguido grandes momentos junto a sus compa\u00f1eros.<\/p>\n<p>&nbsp;<\/p>\n<p>\u201cMe voy con la tranquilidad y el orgullo de haberles regalado, juntos con mis compa\u00f1eros, momentos so\u00f1ados. Fue una locura haberlo vivido con ustedes\u201d, a\u00f1adi\u00f3.<\/p>\n<p>Messi cerr\u00f3 su despedida con una frase cargada de sentimiento hacia su pa\u00eds: \u201cGracias Dios por hacerme argentino. \u00a1Vamos Argentina!\u201d<\/p>\n<p>El astro aclar\u00f3 adem\u00e1s que escribi\u00f3 originalmente el mensaje el 21 de julio, dos d\u00edas despu\u00e9s de la final, pero que los acontecimientos relacionados con su padre reforzaron su decisi\u00f3n: \u201cHoy despu\u00e9s de lo de mi pap\u00e1, estoy m\u00e1s convencido que antes\u201d.<\/p>\n<p>Con este anuncio,\u00a0<strong>Messi<\/strong> pone fin a una historia de m\u00e1s de dos d\u00e9cadas con la selecci\u00f3n argentina, marcada por momentos dif\u00edciles y cr\u00edticas en sus primeros a\u00f1os, pero tambi\u00e9n por la conquista de los grandes t\u00edtulos que consolidaron su legado con la Albiceleste<strong>. (D)<\/strong><\/p>\n<p><strong>Fuente:<\/strong> evafm.net &#8211; ecuavisa.com<\/p>\n<p>&nbsp;<\/p>\n<div class=\"gsp_post_data\" \r\n\t            data-post_type=\"post\" \r\n\t            data-cat=\"deportes-internacionales\" \r\n\t            data-modified=\"120\"\r\n\t            data-created=\"1788191062\"\r\n\t            data-title=\"Messi anunci\u00f3 su retiro de la selecci\u00f3n de Argentina con emotivo mensaje\" \r\n\t            data-home=\"https:\/\/www.evafm.net\/sitio\"><\/div>","protected":false},"excerpt":{"rendered":"<p>Lionel Messi\u00a0anunci\u00f3 su retiro de la selecci\u00f3n argentina de f\u00fatbol a trav\u00e9s de un emotivo mensaje publicado en sus redes sociales. El capit\u00e1n de la\u00a0Albiceleste\u00a0asegur\u00f3 que tom\u00f3 la decisi\u00f3n despu\u00e9s de meditarla durante un tiempo y reconoci\u00f3 que dejar la camiseta que defendi\u00f3 durante dos d\u00e9cadas es un momento que \u201cduele mucho\u201d. \u201cDespu\u00e9s de este&#8230;<\/p>\n","protected":false},"author":5,"featured_media":105066,"comment_status":"closed","ping_status":"open","sticky":false,"template":"","format":"standard","meta":{"_joinchat":[],"footnotes":""},"categories":[1342],"tags":[],"class_list":["post-105065","post","type-post","status-publish","format-standard","has-post-thumbnail","hentry","category-deportes-internacionales","have-post-thumb"],"_links":{"self":[{"href":"https:\/\/www.evafm.net\/sitio\/wp-json\/wp\/v2\/posts\/105065","targetHints":{"allow":["GET"]}}],"collection":[{"href":"https:\/\/www.evafm.net\/sitio\/wp-json\/wp\/v2\/posts"}],"about":[{"href":"https:\/\/www.evafm.net\/sitio\/wp-json\/wp\/v2\/types\/post"}],"author":[{"embeddable":true,"href":"https:\/\/www.evafm.net\/sitio\/wp-json\/wp\/v2\/users\/5"}],"replies":[{"embeddable":true,"href":"https:\/\/www.evafm.net\/sitio\/wp-json\/wp\/v2\/comments?post=105065"}],"version-history":[{"count":1,"href":"https:\/\/www.evafm.net\/sitio\/wp-json\/wp\/v2\/posts\/105065\/revisions"}],"predecessor-version":[{"id":105067,"href":"https:\/\/www.evafm.net\/sitio\/wp-json\/wp\/v2\/posts\/105065\/revisions\/105067"}],"wp:featuredmedia":[{"embeddable":true,"href":"https:\/\/www.evafm.net\/sitio\/wp-json\/wp\/v2\/media\/105066"}],"wp:attachment":[{"href":"https:\/\/www.evafm.net\/sitio\/wp-json\/wp\/v2\/media?parent=105065"}],"wp:term":[{"taxonomy":"category","embeddable":true,"href":"https:\/\/www.evafm.net\/sitio\/wp-json\/wp\/v2\/categories?post=105065"},{"taxonomy":"post_tag","embeddable":true,"href":"https:\/\/www.evafm.net\/sitio\/wp-json\/wp\/v2\/tags?post=105065"}],"curies":[{"name":"wp","href":"https:\/\/api.w.org\/{rel}","templated":true}]}}