{"id":105068,"date":"2026-09-01T13:35:48","date_gmt":"2026-09-01T18:35:48","guid":{"rendered":"https:\/\/www.evafm.net\/sitio\/?p=105068"},"modified":"2026-09-01T13:40:47","modified_gmt":"2026-09-01T18:40:47","slug":"alerta-por-altas-temperaturas-y-riesgo-de-incendios-forestales-en-ecuador-del-1-al-4-de-septiembre","status":"publish","type":"post","link":"https:\/\/www.evafm.net\/sitio\/alerta-por-altas-temperaturas-y-riesgo-de-incendios-forestales-en-ecuador-del-1-al-4-de-septiembre\/","title":{"rendered":"Alerta por altas temperaturas y riesgo de incendios forestales en Ecuador del 1 al 4 de septiembre"},"content":{"rendered":"<p>El\u00a0<a href=\"https:\/\/www.ecuavisa.com\/tema\/inamhi-t94270\" target=\"_blank\" rel=\"noopener\"><strong>Instituto Nacional de Meteorolog\u00eda e Hidrolog\u00eda (Inamhi)<\/strong><\/a>\u00a0pronostic\u00f3 que del 1 al 4 de septiembre de 2026 se prev\u00e9n altas temperaturas diurnas e\u00a0<strong>\u00edndices ultravioleta (UV) muy altos<\/strong>\u00a0en varios sectores del pa\u00eds. \u201cEstas condiciones podr\u00edan favorecer la propagaci\u00f3n de incendios forestales\u201d.<\/p>\n<p>La entidad indic\u00f3 que ese escenario responde a la persistencia de temperaturas elevadas de la superficie del mar frente a las costas de Ecuador, lo cual genera un\u00a0<strong>ambiente m\u00e1s c\u00e1lido<\/strong> de lo normal.<\/p>\n<p>Se suma una reducci\u00f3n del contenido de humedad en distintos niveles de la<strong>\u00a0troposfera<\/strong>. \u201cAdem\u00e1s, determinadas condiciones locales en la regi\u00f3n interandina, combinadas con la presencia de vegetaci\u00f3n seca, incrementan la probabilidad de propagaci\u00f3n de\u00a0<strong>incendios forestales<\/strong>\u201d.<\/p>\n<p>&nbsp;<\/p>\n<p>Se suma una reducci\u00f3n del contenido de humedad en distintos niveles de la<strong>\u00a0troposfera<\/strong>. \u201cAdem\u00e1s, determinadas condiciones locales en la regi\u00f3n interandina, combinadas con la presencia de vegetaci\u00f3n seca, incrementan la probabilidad de propagaci\u00f3n de\u00a0<strong>incendios forestales<\/strong>\u201d.<\/p>\n<p><strong>Zonas afectadas con mayor riesgo.<\/strong><\/p>\n<p><strong>Litoral:\u00a0<\/strong>Guayas, Los R\u00edos y El Oro.<\/p>\n<p><strong>interandina: <\/strong>Imbabura, Pichincha y Loja.<\/p>\n<p><strong>Amazon\u00eda:\u00a0<\/strong>Sucumb\u00edos, Orellana y Pastaza.<\/p>\n<p>Para evitar incendios, el Inamhi recomienda evitar hacer actividades que puedan generar chispas o fuego en las\u00a0<strong>\u00e1reas rurales o forestales<\/strong>. Pide a la gente que mantenga las habitaciones frescas y ventiladas.<strong> (D)<\/strong><\/p>\n<p><strong>Fuente:<\/strong> evafm.net &#8211; ecuavisa.com<\/p>\n<p>&nbsp;<\/p>\n<p>&nbsp;<\/p>\n<div class=\"gsp_post_data\" \r\n\t            data-post_type=\"post\" \r\n\t            data-cat=\"general,noticias-ecuador\" \r\n\t            data-modified=\"120\"\r\n\t            data-created=\"1788269748\"\r\n\t            data-title=\"Alerta por altas temperaturas y riesgo de incendios forestales en Ecuador del 1 al 4 de septiembre\" \r\n\t            data-home=\"https:\/\/www.evafm.net\/sitio\"><\/div>","protected":false},"excerpt":{"rendered":"<p>El\u00a0Instituto Nacional de Meteorolog\u00eda e Hidrolog\u00eda (Inamhi)\u00a0pronostic\u00f3 que del 1 al 4 de septiembre de 2026 se prev\u00e9n altas temperaturas diurnas e\u00a0\u00edndices ultravioleta (UV) muy altos\u00a0en varios sectores del pa\u00eds. \u201cEstas condiciones podr\u00edan favorecer la propagaci\u00f3n de incendios forestales\u201d. La entidad indic\u00f3 que ese escenario responde a la persistencia de temperaturas elevadas de la superficie&#8230;<\/p>\n","protected":false},"author":5,"featured_media":105070,"comment_status":"closed","ping_status":"open","sticky":false,"template":"","format":"standard","meta":{"_joinchat":[],"footnotes":""},"categories":[1720,1558],"tags":[],"class_list":["post-105068","post","type-post","status-publish","format-standard","has-post-thumbnail","hentry","category-general","category-noticias-ecuador","have-post-thumb"],"_links":{"self":[{"href":"https:\/\/www.evafm.net\/sitio\/wp-json\/wp\/v2\/posts\/105068","targetHints":{"allow":["GET"]}}],"collection":[{"href":"https:\/\/www.evafm.net\/sitio\/wp-json\/wp\/v2\/posts"}],"about":[{"href":"https:\/\/www.evafm.net\/sitio\/wp-json\/wp\/v2\/types\/post"}],"author":[{"embeddable":true,"href":"https:\/\/www.evafm.net\/sitio\/wp-json\/wp\/v2\/users\/5"}],"replies":[{"embeddable":true,"href":"https:\/\/www.evafm.net\/sitio\/wp-json\/wp\/v2\/comments?post=105068"}],"version-history":[{"count":1,"href":"https:\/\/www.evafm.net\/sitio\/wp-json\/wp\/v2\/posts\/105068\/revisions"}],"predecessor-version":[{"id":105069,"href":"https:\/\/www.evafm.net\/sitio\/wp-json\/wp\/v2\/posts\/105068\/revisions\/105069"}],"wp:featuredmedia":[{"embeddable":true,"href":"https:\/\/www.evafm.net\/sitio\/wp-json\/wp\/v2\/media\/105070"}],"wp:attachment":[{"href":"https:\/\/www.evafm.net\/sitio\/wp-json\/wp\/v2\/media?parent=105068"}],"wp:term":[{"taxonomy":"category","embeddable":true,"href":"https:\/\/www.evafm.net\/sitio\/wp-json\/wp\/v2\/categories?post=105068"},{"taxonomy":"post_tag","embeddable":true,"href":"https:\/\/www.evafm.net\/sitio\/wp-json\/wp\/v2\/tags?post=105068"}],"curies":[{"name":"wp","href":"https:\/\/api.w.org\/{rel}","templated":true}]}}