{"id":105084,"date":"2026-09-01T18:54:02","date_gmt":"2026-09-01T23:54:02","guid":{"rendered":"https:\/\/www.evafm.net\/sitio\/?p=105084"},"modified":"2026-09-01T18:55:24","modified_gmt":"2026-09-01T23:55:24","slug":"flamengo-presento-a-anthony-valencia-como-nuevo-refuerzo","status":"publish","type":"post","link":"https:\/\/www.evafm.net\/sitio\/flamengo-presento-a-anthony-valencia-como-nuevo-refuerzo\/","title":{"rendered":"Flamengo presento a Anthony Valencia como nuevo refuerzo"},"content":{"rendered":"<p><a href=\"https:\/\/www.ecuavisa.com\/futbol-internacional\/exhaustivo-analisis-flamengo-fichar-anthony-valencia-reemplazar-gonzalo-plata-20260831-0098.html\" target=\"_blank\" rel=\"noopener\"><strong>Flamengo\u00a0<\/strong><\/a>oficializ\u00f3 la contrataci\u00f3n de\u00a0<strong>Anthony Valencia<\/strong>, quien se convirti\u00f3 en el primer refuerzo del\u00a0<strong>Meng\u00e3o<\/strong>\u00a0para la ventana de transferencias de mitad de a\u00f1o. El extremo ecuatoriano firm\u00f3 contrato hasta 2031 y ya se prepara para afrontar un nuevo desaf\u00edo en su carrera.<\/p>\n<p>Valencia tiene<strong> 23 a\u00f1os<\/strong> y naci\u00f3 en\u00a0<strong>Guayaquil el 21 de julio de 2003<\/strong>. Sus primeros pasos los dio en Independiente del Valle, club que se encarg\u00f3 de su formaci\u00f3n antes de dar el salto al f\u00fatbol europeo en 2022.<\/p>\n<p>El\u00a0<strong>Royal Antwerp de B\u00e9lgica\u00a0<\/strong>adquiri\u00f3 sus derechos deportivos y el atacante permaneci\u00f3 cuatro temporadas en el f\u00fatbol belga. Durante ese per\u00edodo, Valencia disput\u00f3 una etapa en la que registr\u00f3 13 goles y siete asistencias, n\u00fameros que le permitieron continuar ganando protagonismo.<\/p>\n<p><strong>Un atacante polifuncional para el Meng\u00e3o.<\/strong><\/p>\n<p>El ecuatoriano llega a<strong>\u00a0Flamengo<\/strong>\u00a0como una alternativa para fortalecer el frente ofensivo. Su posici\u00f3n habitual es la banda derecha, aunque su polifuncionalidad le permite desempe\u00f1arse en diferentes sectores del ataque.<\/p>\n<p>Valencia tambi\u00e9n form\u00f3 parte de la Selecci\u00f3n de Ecuador durante el Mundial 2026, experiencia que sum\u00f3 a su recorrido internacional antes de concretar su llegada al gigante brasile\u00f1o.<\/p>\n<p><strong>Valencia ya piensa en su debut<\/strong><\/p>\n<p>Durante su presentaci\u00f3n oficial, el atacante ecuatoriano dej\u00f3 un mensaje para los hinchas de Flamengo y expres\u00f3 su deseo de estrenarse cuanto antes con la camiseta rojinegra.<\/p>\n<p>\u201cEspero estar en el campo pronto. Espero contar con el apoyo de la hinchada. Dar\u00e9 lo mejor de m\u00ed. Quiero traer muchas alegr\u00edas al club. Pueden contar conmigo\u201d, manifest\u00f3 Valencia.<\/p>\n<p>Con un contrato que lo vincula al club hasta 2031, Anthony Valencia inicia ahora una nueva etapa en Brasil con la misi\u00f3n de convertirse en una pieza importante del proyecto deportivo de\u00a0<strong>Flamengo. (D)<\/strong><\/p>\n<div class=\"css-g5y9jx r-18kxxzh r-1wron08 r-onrtq4 r-1awozwy\">\n<div class=\"css-g5y9jx\" data-testid=\"Tweet-User-Avatar\">\n<div class=\"css-g5y9jx r-18kxxzh r-1wbh5a2 r-13qz1uu\">\n<div class=\"css-g5y9jx r-1wbh5a2 r-dnmrzs\">\n<div class=\"css-g5y9jx r-bztko3 r-1adg3ll\" data-testid=\"UserAvatar-Container-Flamengo_es\">\n<div class=\"r-1p0dtai r-1pi2tsx r-1d2f490 r-u8s1d r-ipm5af r-13qz1uu\">\n<div class=\"css-g5y9jx r-1adg3ll r-1pi2tsx r-13qz1uu r-45ll9u r-u8s1d r-1v2oles r-176fswd r-bztko3\">\n<div class=\"r-1adg3ll r-13qz1uu\"><\/div>\n<div class=\"r-1p0dtai r-1pi2tsx r-1d2f490 r-u8s1d r-ipm5af r-13qz1uu\">\n<div class=\"css-g5y9jx r-sdzlij r-1udh08x r-5f1w11 r-u8s1d r-8jfcpp\">\n<div class=\"css-g5y9jx r-sdzlij r-1udh08x r-633pao r-45ll9u r-u8s1d r-1v2oles r-176fswd\">\n<div class=\"css-g5y9jx r-1pi2tsx r-13qz1uu\"><\/div>\n<\/div>\n<div class=\"css-g5y9jx r-sdzlij r-1udh08x r-633pao r-45ll9u r-u8s1d r-1v2oles r-176fswd\">\n<div class=\"css-g5y9jx r-1pi2tsx r-13qz1uu r-14lw9ot\"><strong><span class=\"css-1jxf684 r-dnmrzs r-1udh08x r-1udbk01 r-3s2u2q r-bcqeeo r-1ttztb7 r-qvutc0 r-poiln3\"><span class=\"css-1jxf684 r-bcqeeo r-1ttztb7 r-qvutc0 r-poiln3\">Flamengo<\/span><\/span><\/strong><\/div>\n<\/div>\n<\/div>\n<\/div>\n<\/div>\n<\/div>\n<\/div>\n<\/div>\n<\/div>\n<\/div>\n<\/div>\n<div class=\"css-g5y9jx r-1iusvr4 r-16y2uox r-1777fci r-kzbkwu\">\n<div class=\"css-g5y9jx r-zl2h9q\">\n<div class=\"css-g5y9jx r-k4xj1c r-18u37iz r-1wtj0ep\">\n<div class=\"css-g5y9jx r-1d09ksm r-18u37iz r-1wbh5a2\">\n<div class=\"css-g5y9jx r-1wbh5a2 r-dnmrzs r-1ny4l3l\">\n<div id=\"id__8a1z3nm554b\" class=\"css-g5y9jx r-1wbh5a2 r-dnmrzs r-1ny4l3l r-1awozwy r-18u37iz\" data-testid=\"User-Name\">\n<div class=\"css-g5y9jx r-1awozwy r-18u37iz r-1wbh5a2 r-dnmrzs\">\n<div class=\"css-g5y9jx r-1wbh5a2 r-dnmrzs\">\n<div class=\"css-g5y9jx r-1awozwy r-18u37iz r-1wbh5a2 r-dnmrzs\">\n<div class=\"css-146c3p1 r-bcqeeo r-1ttztb7 r-qvutc0 r-37j5jr r-a023e6 r-rjixqe r-16dba41 r-xoduu5 r-18u37iz r-1q142lx\" dir=\"ltr\"><\/div>\n<\/div>\n<\/div>\n<\/div>\n<div class=\"css-g5y9jx r-18u37iz r-1wbh5a2 r-1ez5h0i\">\n<div class=\"css-g5y9jx r-1d09ksm r-18u37iz r-1wbh5a2\">\n<div class=\"css-g5y9jx r-1wbh5a2 r-dnmrzs\">\n<div class=\"css-146c3p1 r-dnmrzs r-1udh08x r-1udbk01 r-3s2u2q r-bcqeeo r-1ttztb7 r-qvutc0 r-37j5jr r-a023e6 r-rjixqe r-16dba41 r-18u37iz r-1wvb978\" dir=\"ltr\"><strong><span class=\"css-1jxf684 r-bcqeeo r-1ttztb7 r-qvutc0 r-poiln3\">@Flamengo_es<\/span><\/strong><\/div>\n<\/div>\n<div class=\"css-146c3p1 r-bcqeeo r-1ttztb7 r-qvutc0 r-37j5jr r-a023e6 r-rjixqe r-16dba41 r-1q142lx r-n7gxbd\" dir=\"ltr\" aria-hidden=\"true\"><strong><span class=\"css-1jxf684 r-bcqeeo r-1ttztb7 r-qvutc0 r-poiln3\">\u00b7<\/span><\/strong><\/div>\n<div class=\"css-g5y9jx r-18u37iz r-1q142lx\"><strong>Anthony Valencia es nuevo jugador de Flamengo<\/strong><\/div>\n<\/div>\n<\/div>\n<\/div>\n<\/div>\n<\/div>\n<\/div>\n<\/div>\n<\/div>\n<p><img decoding=\"async\" src=\"https:\/\/pbs.twimg.com\/media\/HRIfXfWWMAA_xaN?format=jpg&amp;name=small\" alt=\"Imagen\" \/><\/p>\n<blockquote class=\"twitter-tweet\" data-width=\"550\" data-dnt=\"true\">\n<p lang=\"pt\" dir=\"ltr\">Valencia assinou at\u00e9 2031 e recebeu das m\u00e3os do diretor Jos\u00e9 Boto o Manto de n\u00famero 14! \ud83c\uddea\ud83c\udde8\ud83d\udfe5\u2b1b\ufe0f <a href=\"https:\/\/x.com\/hashtag\/BemVindo?src=hash&amp;ref_src=twsrc%5Etfw\">#BemVindo<\/a> <a href=\"https:\/\/t.co\/TTi5tUupuy\">pic.twitter.com\/TTi5tUupuy<\/a><\/p>\n<p>&mdash; Flamengo (@Flamengo) <a href=\"https:\/\/x.com\/Flamengo\/status\/2094761648212824248?ref_src=twsrc%5Etfw\">September 1, 2026<\/a><\/p><\/blockquote>\n<p><script async src=\"https:\/\/platform.x.com\/widgets.js\" charset=\"utf-8\"><\/script><\/p>\n<p>&nbsp;<\/p>\n<p><strong>Fuente:<\/strong> evafm.net &#8211; ecuavisa.com<\/p>\n<div class=\"gsp_post_data\" \r\n\t            data-post_type=\"post\" \r\n\t            data-cat=\"deportes-internacionales,general\" \r\n\t            data-modified=\"120\"\r\n\t            data-created=\"1788288842\"\r\n\t            data-title=\"Flamengo presento a Anthony Valencia como nuevo refuerzo\" \r\n\t            data-home=\"https:\/\/www.evafm.net\/sitio\"><\/div>","protected":false},"excerpt":{"rendered":"<p>Flamengo\u00a0oficializ\u00f3 la contrataci\u00f3n de\u00a0Anthony Valencia, quien se convirti\u00f3 en el primer refuerzo del\u00a0Meng\u00e3o\u00a0para la ventana de transferencias de mitad de a\u00f1o. El extremo ecuatoriano firm\u00f3 contrato hasta 2031 y ya se prepara para afrontar un nuevo desaf\u00edo en su carrera. Valencia tiene 23 a\u00f1os y naci\u00f3 en\u00a0Guayaquil el 21 de julio de 2003. Sus primeros&#8230;<\/p>\n","protected":false},"author":5,"featured_media":105086,"comment_status":"closed","ping_status":"open","sticky":false,"template":"","format":"standard","meta":{"_joinchat":[],"footnotes":""},"categories":[1342,1720],"tags":[],"class_list":["post-105084","post","type-post","status-publish","format-standard","has-post-thumbnail","hentry","category-deportes-internacionales","category-general","have-post-thumb"],"_links":{"self":[{"href":"https:\/\/www.evafm.net\/sitio\/wp-json\/wp\/v2\/posts\/105084","targetHints":{"allow":["GET"]}}],"collection":[{"href":"https:\/\/www.evafm.net\/sitio\/wp-json\/wp\/v2\/posts"}],"about":[{"href":"https:\/\/www.evafm.net\/sitio\/wp-json\/wp\/v2\/types\/post"}],"author":[{"embeddable":true,"href":"https:\/\/www.evafm.net\/sitio\/wp-json\/wp\/v2\/users\/5"}],"replies":[{"embeddable":true,"href":"https:\/\/www.evafm.net\/sitio\/wp-json\/wp\/v2\/comments?post=105084"}],"version-history":[{"count":3,"href":"https:\/\/www.evafm.net\/sitio\/wp-json\/wp\/v2\/posts\/105084\/revisions"}],"predecessor-version":[{"id":105089,"href":"https:\/\/www.evafm.net\/sitio\/wp-json\/wp\/v2\/posts\/105084\/revisions\/105089"}],"wp:featuredmedia":[{"embeddable":true,"href":"https:\/\/www.evafm.net\/sitio\/wp-json\/wp\/v2\/media\/105086"}],"wp:attachment":[{"href":"https:\/\/www.evafm.net\/sitio\/wp-json\/wp\/v2\/media?parent=105084"}],"wp:term":[{"taxonomy":"category","embeddable":true,"href":"https:\/\/www.evafm.net\/sitio\/wp-json\/wp\/v2\/categories?post=105084"},{"taxonomy":"post_tag","embeddable":true,"href":"https:\/\/www.evafm.net\/sitio\/wp-json\/wp\/v2\/tags?post=105084"}],"curies":[{"name":"wp","href":"https:\/\/api.w.org\/{rel}","templated":true}]}}