{"id":105102,"date":"2026-09-04T13:06:04","date_gmt":"2026-09-04T18:06:04","guid":{"rendered":"https:\/\/www.evafm.net\/sitio\/?p=105102"},"modified":"2026-09-04T13:06:04","modified_gmt":"2026-09-04T18:06:04","slug":"ezequiel-medran-y-sus-impresiones-tras-el-empate-con-libertad","status":"publish","type":"post","link":"https:\/\/www.evafm.net\/sitio\/ezequiel-medran-y-sus-impresiones-tras-el-empate-con-libertad\/","title":{"rendered":"Ezequiel Medr\u00e1n y sus impresiones tras el empate con Libertad"},"content":{"rendered":"<p>El entrenador del\u00a0<a href=\"https:\/\/www.ecuavisa.com\/tema\/emelec-t92895\" target=\"_blank\" rel=\"noopener\">Club Sport Emelec<\/a>,\u00a0<strong>Ezequiel Medr\u00e1n<\/strong>, analiz\u00f3 el empate ante\u00a0<strong>Libertad<\/strong>\u00a0por la fecha 28 de la\u00a0<a href=\"https:\/\/www.ecuavisa.com\/tema\/ligapro-t95092\" target=\"_blank\" rel=\"noopener\">LigaPro\u00a0<\/a>y destac\u00f3 la actitud de su equipo, que reaccion\u00f3 tras quedar en desventaja y busc\u00f3 hasta el final quedarse con los tres puntos.<\/p>\n<p>\u201cHemos sumado en una cancha dif\u00edcil, ante un equipo que viene compitiendo muy bien de local.\u00a0<strong>Vinimos con la intenci\u00f3n de llevarnos los tres puntos.\u00a0<\/strong>Obviamente, el partido se puso cuesta arriba cuando quedamos en desventaja, pero llegamos al empate. El equipo tuvo actitud y, m\u00e1s all\u00e1 de igualar, sigui\u00f3 buscando el triunfo\u201d, se\u00f1al\u00f3 Medr\u00e1n.<\/p>\n<p>El t\u00e9cnico argentino consider\u00f3 que el resultado<strong>\u00a0mantiene a Emelec en una posici\u00f3n expectante a falta de dos fechas\u00a0<\/strong>para el cierre de la fase regular.<\/p>\n<p>\u201c<strong>Nos tiene en un lugar expectante, a dos fechas de que cierre la fase regular.<\/strong>\u00a0Seguimos trabajando. Era tratar de resolver de la mejor manera el partido de hoy y ahora ya pensar en el encuentro del lunes en casa\u201d, explic\u00f3.<\/p>\n<p>Medr\u00e1n tambi\u00e9n detall\u00f3 el planteamiento que utiliz\u00f3 para intentar<strong>\u00a0neutralizar las principales virtudes de Libertad.<\/strong><\/p>\n<p>\u201c<strong>Quer\u00edamos ser un equipo compacto<\/strong>, que no les diera espacios, trabajarlo ah\u00ed y en esos recorridos. Obviamente, eso implicaba un desgaste f\u00edsico, pero cuando recuper\u00e1bamos la pelota quer\u00edamos tener un poco m\u00e1s de cuidado, tenerla m\u00e1s en nuestro poder, moverla de un lado al otro y despu\u00e9s profundizar, ganar la espalda de los laterales-volantes. Esa era la idea\u201d, explic\u00f3.<\/p>\n<p><strong>El entrenador reconoci\u00f3 que Emelec tuvo dificultades durante el primer tiempo,<\/strong>\u00a0aunque asegur\u00f3 que el equipo logr\u00f3 corregir varios aspectos en el descanso.<\/p>\n<p>\u201cLos cambios entraron muy bien.\u00a0<strong>Nos cambiaron el sistema en cuanto a la calidad de juego<\/strong>, lo hemos mejorado, lo hemos competido bien, llegamos en el complemento al empate y creo que fuimos merecedores de algo m\u00e1s\u201d, finaliz\u00f3<strong>.(D)<\/strong><\/p>\n<blockquote class=\"twitter-tweet\" data-width=\"550\" data-dnt=\"true\">\n<p lang=\"es\" dir=\"ltr\">Ezequiel Medr\u00e1n, DT de Emelec: &quot;Vamos resolviendo, uno va conociendo en el d\u00eda a d\u00eda. Estamos visualizando mucho video, estamos trabajando. Hoy los recambios entraron muy bien, nos cambiaron el sistema en cu\u00e1nto a la calidad de juego, hemos competido bien&quot;. <a href=\"https:\/\/t.co\/BkDTfsCvGY\">pic.twitter.com\/BkDTfsCvGY<\/a><\/p>\n<p>&mdash; Radio Caravana (@Caravana750) <a href=\"https:\/\/x.com\/Caravana750\/status\/2095709463101554745?ref_src=twsrc%5Etfw\">September 4, 2026<\/a><\/p><\/blockquote>\n<p><script async src=\"https:\/\/platform.x.com\/widgets.js\" charset=\"utf-8\"><\/script><\/p>\n<p>&nbsp;<\/p>\n<p><strong>Fuente:<\/strong> evafm.net &#8211; ecuavisa.com &#8211; studiofutbol.com.ec<\/p>\n<div class=\"gsp_post_data\" \r\n\t            data-post_type=\"post\" \r\n\t            data-cat=\"deportes-ecuador\" \r\n\t            data-modified=\"120\"\r\n\t            data-created=\"1788527164\"\r\n\t            data-title=\"Ezequiel Medr\u00e1n y sus impresiones tras el empate con Libertad\" \r\n\t            data-home=\"https:\/\/www.evafm.net\/sitio\"><\/div>","protected":false},"excerpt":{"rendered":"<p>El entrenador del\u00a0Club Sport Emelec,\u00a0Ezequiel Medr\u00e1n, analiz\u00f3 el empate ante\u00a0Libertad\u00a0por la fecha 28 de la\u00a0LigaPro\u00a0y destac\u00f3 la actitud de su equipo, que reaccion\u00f3 tras quedar en desventaja y busc\u00f3 hasta el final quedarse con los tres puntos. \u201cHemos sumado en una cancha dif\u00edcil, ante un equipo que viene compitiendo muy bien de local.\u00a0Vinimos con la&#8230;<\/p>\n","protected":false},"author":5,"featured_media":105105,"comment_status":"closed","ping_status":"open","sticky":false,"template":"","format":"standard","meta":{"_joinchat":[],"footnotes":""},"categories":[1557],"tags":[],"class_list":["post-105102","post","type-post","status-publish","format-standard","has-post-thumbnail","hentry","category-deportes-ecuador","have-post-thumb"],"_links":{"self":[{"href":"https:\/\/www.evafm.net\/sitio\/wp-json\/wp\/v2\/posts\/105102","targetHints":{"allow":["GET"]}}],"collection":[{"href":"https:\/\/www.evafm.net\/sitio\/wp-json\/wp\/v2\/posts"}],"about":[{"href":"https:\/\/www.evafm.net\/sitio\/wp-json\/wp\/v2\/types\/post"}],"author":[{"embeddable":true,"href":"https:\/\/www.evafm.net\/sitio\/wp-json\/wp\/v2\/users\/5"}],"replies":[{"embeddable":true,"href":"https:\/\/www.evafm.net\/sitio\/wp-json\/wp\/v2\/comments?post=105102"}],"version-history":[{"count":1,"href":"https:\/\/www.evafm.net\/sitio\/wp-json\/wp\/v2\/posts\/105102\/revisions"}],"predecessor-version":[{"id":105106,"href":"https:\/\/www.evafm.net\/sitio\/wp-json\/wp\/v2\/posts\/105102\/revisions\/105106"}],"wp:featuredmedia":[{"embeddable":true,"href":"https:\/\/www.evafm.net\/sitio\/wp-json\/wp\/v2\/media\/105105"}],"wp:attachment":[{"href":"https:\/\/www.evafm.net\/sitio\/wp-json\/wp\/v2\/media?parent=105102"}],"wp:term":[{"taxonomy":"category","embeddable":true,"href":"https:\/\/www.evafm.net\/sitio\/wp-json\/wp\/v2\/categories?post=105102"},{"taxonomy":"post_tag","embeddable":true,"href":"https:\/\/www.evafm.net\/sitio\/wp-json\/wp\/v2\/tags?post=105102"}],"curies":[{"name":"wp","href":"https:\/\/api.w.org\/{rel}","templated":true}]}}