{"id":105107,"date":"2026-09-04T15:04:08","date_gmt":"2026-09-04T20:04:08","guid":{"rendered":"https:\/\/www.evafm.net\/sitio\/?p=105107"},"modified":"2026-09-04T15:04:08","modified_gmt":"2026-09-04T20:04:08","slug":"mario-valero-y-su-buen-momento-con-emelec","status":"publish","type":"post","link":"https:\/\/www.evafm.net\/sitio\/mario-valero-y-su-buen-momento-con-emelec\/","title":{"rendered":"Mario Valero y su buen momento con Emelec"},"content":{"rendered":"<p><a href=\"https:\/\/www.ecuavisa.com\/tema\/emelec-t92895\" target=\"_blank\" rel=\"noopener\">Emelec<\/a>\u00a0rescat\u00f3 un empate 1-1 frente a Libertad de Loja por la fecha 28 de la\u00a0<a href=\"https:\/\/www.ecuavisa.com\/tema\/liga-pro-t95090\" target=\"_blank\" rel=\"noopener\">LigaPro<\/a>, pero el punto no le sirvi\u00f3 al Bombillo y\u00a0<strong>se qued\u00f3 sin posibilidades de jugar el primer hexagonal de la competici\u00f3n.<\/strong><\/p>\n<p><a href=\"https:\/\/www.ecuavisa.com\/liveblogs\/libertad-fc-vs-emelec-envivo-resultado-fecha28-ligapro-lb202609030004.html\" target=\"_blank\" rel=\"noopener\">A pesar del resultado<\/a>, el arquero del conjunto azul, Mario\u00a0<strong>Valero, reconoci\u00f3 el esfuerzo que realiz\u00f3 el plantel ante Libertad<\/strong>, en el estadio Reina del Cisne, para evitar quedarse en el hexagonal del descenso.<\/p>\n<p>\u201cVinimos a buscar los tres puntos.\u00a0<strong>Es una plaza muy dif\u00edcil ac\u00e1 en Loja y es importante poner el granito de arena para llevarnos un punto.<\/strong>\u00a0Es frustrante porque en verdad el equipo mostr\u00f3 que quer\u00eda los tres puntos, vinimos enfocados a eso, siempre va a ser importante sumar\u201d, se\u00f1al\u00f3 Valero a Modo Pro.<\/p>\n<p><strong>Mario Valero destac\u00f3 el esfuerzo de Emelec.<\/strong><\/p>\n<p>El arquero de 30 a\u00f1os se\u00f1al\u00f3 que \u201ccreo que hace mucho no se sumaba de visita y\u00a0<strong>esto es un paso importante y la pelea es hasta el final<\/strong>\u00a0y vamos a seguir con la misma mentalidad, trabajando y buscando los puntos importantes en casa que vienen ahora\u201d.<\/p>\n<p>Sin importar el empate, Valero aplaudi\u00f3 el desempe\u00f1o de todo el plantel. \u201c<strong>Creo que todos nos jugamos el f\u00edsico, todos nos jugamos el 100 %<\/strong> y fue importante porque despu\u00e9s de eso vino el gol, entend\u00ed que muchos de mis compa\u00f1eros\u201d, expres\u00f3 el arquero.<strong>(D)<\/strong><\/p>\n<p><strong>Fuente:<\/strong> evafm.net &#8211; ecuavisa.com<\/p>\n<div class=\"gsp_post_data\" \r\n\t            data-post_type=\"post\" \r\n\t            data-cat=\"deportes-ecuador\" \r\n\t            data-modified=\"120\"\r\n\t            data-created=\"1788534248\"\r\n\t            data-title=\"Mario Valero y su buen momento con Emelec\" \r\n\t            data-home=\"https:\/\/www.evafm.net\/sitio\"><\/div>","protected":false},"excerpt":{"rendered":"<p>Emelec\u00a0rescat\u00f3 un empate 1-1 frente a Libertad de Loja por la fecha 28 de la\u00a0LigaPro, pero el punto no le sirvi\u00f3 al Bombillo y\u00a0se qued\u00f3 sin posibilidades de jugar el primer hexagonal de la competici\u00f3n. A pesar del resultado, el arquero del conjunto azul, Mario\u00a0Valero, reconoci\u00f3 el esfuerzo que realiz\u00f3 el plantel ante Libertad, en&#8230;<\/p>\n","protected":false},"author":5,"featured_media":105108,"comment_status":"closed","ping_status":"open","sticky":false,"template":"","format":"standard","meta":{"_joinchat":[],"footnotes":""},"categories":[1557],"tags":[],"class_list":["post-105107","post","type-post","status-publish","format-standard","has-post-thumbnail","hentry","category-deportes-ecuador","have-post-thumb"],"_links":{"self":[{"href":"https:\/\/www.evafm.net\/sitio\/wp-json\/wp\/v2\/posts\/105107","targetHints":{"allow":["GET"]}}],"collection":[{"href":"https:\/\/www.evafm.net\/sitio\/wp-json\/wp\/v2\/posts"}],"about":[{"href":"https:\/\/www.evafm.net\/sitio\/wp-json\/wp\/v2\/types\/post"}],"author":[{"embeddable":true,"href":"https:\/\/www.evafm.net\/sitio\/wp-json\/wp\/v2\/users\/5"}],"replies":[{"embeddable":true,"href":"https:\/\/www.evafm.net\/sitio\/wp-json\/wp\/v2\/comments?post=105107"}],"version-history":[{"count":1,"href":"https:\/\/www.evafm.net\/sitio\/wp-json\/wp\/v2\/posts\/105107\/revisions"}],"predecessor-version":[{"id":105109,"href":"https:\/\/www.evafm.net\/sitio\/wp-json\/wp\/v2\/posts\/105107\/revisions\/105109"}],"wp:featuredmedia":[{"embeddable":true,"href":"https:\/\/www.evafm.net\/sitio\/wp-json\/wp\/v2\/media\/105108"}],"wp:attachment":[{"href":"https:\/\/www.evafm.net\/sitio\/wp-json\/wp\/v2\/media?parent=105107"}],"wp:term":[{"taxonomy":"category","embeddable":true,"href":"https:\/\/www.evafm.net\/sitio\/wp-json\/wp\/v2\/categories?post=105107"},{"taxonomy":"post_tag","embeddable":true,"href":"https:\/\/www.evafm.net\/sitio\/wp-json\/wp\/v2\/tags?post=105107"}],"curies":[{"name":"wp","href":"https:\/\/api.w.org\/{rel}","templated":true}]}}