{"id":105110,"date":"2026-09-04T15:10:16","date_gmt":"2026-09-04T20:10:16","guid":{"rendered":"https:\/\/www.evafm.net\/sitio\/?p=105110"},"modified":"2026-09-04T15:10:45","modified_gmt":"2026-09-04T20:10:45","slug":"marcelo-gallardo-llega-a-un-acuerdo-para-ser-el-nuevo-entrenador-de-ecuador","status":"publish","type":"post","link":"https:\/\/www.evafm.net\/sitio\/marcelo-gallardo-llega-a-un-acuerdo-para-ser-el-nuevo-entrenador-de-ecuador\/","title":{"rendered":"Marcelo Gallardo llega a un acuerdo para ser el nuevo entrenador de Ecuador"},"content":{"rendered":"<p><a href=\"https:\/\/www.ecuavisa.com\/tema\/marcelo-gallardo-t95339\" target=\"_blank\" rel=\"noopener\">Marcelo Gallardo<\/a>\u00a0lleg\u00f3 a un acuerdo con la<strong>\u00a0Federaci\u00f3n Ecuatoriana de F\u00fatbol (FEF)<\/strong>\u00a0para convertirse en el nuevo entrenador de la\u00a0<a href=\"https:\/\/www.ecuavisa.com\/tema\/seleccion-ecuador-t98032\" target=\"_blank\" rel=\"noopener\">Selecci\u00f3n de Ecuador<\/a>. Sin embargo, todav\u00eda deben cumplirse algunas formalidades antes de que ambas partes puedan\u00a0<strong>estampar sus firmas\u00a0<\/strong>y hacer oficial el v\u00ednculo.<\/p>\n<p><a href=\"https:\/\/www.ecuavisa.com\/deportes\" target=\"_blank\" rel=\"noopener\">Ecuavisa<\/a>\u00a0pudo confirmar la informaci\u00f3n con fuentes de Argentina y de la propia Federaci\u00f3n Ecuatoriana de F\u00fatbol, que acordaron en los\u00a0<strong>principales detalles deportivos y econ\u00f3micos<\/strong>. El entrenador argentino tendr\u00e1 un contrato por <strong>cuatro a\u00f1os, con el objetivo de liderar un nuevo proceso al frente de la Tricolor.<\/strong><\/p>\n<p>Adem\u00e1s, el presidente de la FEF,\u00a0<strong>Francisco Egas<\/strong>, convoc\u00f3 al Consejo es<strong>te lunes 6 de septiembre a las 11:00 (hora de Ecuador)<\/strong> para someter a votaci\u00f3n la llegada de Gallardo a la Tricolor.<\/p>\n<p>De esta manera, una vez aprobada su contrataci\u00f3n,<strong>\u00a0el argentino podr\u00e1 ser anunciado oficialmente como nuevo entrenador de la Selecci\u00f3n de Ecuador.<\/strong><\/p>\n<p>&nbsp;<\/p>\n<p><strong>Gallardo tomar\u00e1 el mando de Ecuador.<\/strong><\/p>\n<p>El\u00a0<strong>Mu\u00f1eco asumir\u00e1 la direcci\u00f3n de la Selecci\u00f3n de Ecuador\u00a0<\/strong>con la misi\u00f3n de iniciar una nueva etapa y preparar al equipo para la\u00a0<strong>Copa Am\u00e9rica 2028 y el Mundial 2030.<\/strong><\/p>\n<p>Uno de los primeros retos del entrenador ser\u00e1 la gira por Asia, donde\u00a0<strong>tendr\u00e1 sus primeros partidos al frente de Ecuador.\u00a0<\/strong>Esta etapa tambi\u00e9n le permitir\u00e1 comenzar a implementar su idea de juego y conocer de cerca a los futbolistas que podr\u00edan formar parte de sus futuras convocatorias.<\/p>\n<p>La Tricolor tiene previsto enfrentar a\u00a0<strong>Corea del Sur el 24 de septiembre<\/strong>, mientras que posteriormente jugar\u00e1 ante\u00a0<strong>Jap\u00f3n el 1 de octubre por la Copa Kirin.\u00a0<\/strong>El <strong>5 de octubre<\/strong> disputar\u00e1 otro encuentro ante<strong> Nueva Zelanda o Panam\u00e1, dependiendo de los resultados del torneo. (D)<\/strong><\/p>\n<p><strong>Fuente:<\/strong> evafm,.net &#8211; ecuavisa.com<\/p>\n<p>&nbsp;<\/p>\n<p>&nbsp;<\/p>\n<div class=\"gsp_post_data\" \r\n\t            data-post_type=\"post\" \r\n\t            data-cat=\"deportes-internacionales,general\" \r\n\t            data-modified=\"120\"\r\n\t            data-created=\"1788534616\"\r\n\t            data-title=\"Marcelo Gallardo llega a un acuerdo para ser el nuevo entrenador de Ecuador\" \r\n\t            data-home=\"https:\/\/www.evafm.net\/sitio\"><\/div>","protected":false},"excerpt":{"rendered":"<p>Marcelo Gallardo\u00a0lleg\u00f3 a un acuerdo con la\u00a0Federaci\u00f3n Ecuatoriana de F\u00fatbol (FEF)\u00a0para convertirse en el nuevo entrenador de la\u00a0Selecci\u00f3n de Ecuador. Sin embargo, todav\u00eda deben cumplirse algunas formalidades antes de que ambas partes puedan\u00a0estampar sus firmas\u00a0y hacer oficial el v\u00ednculo. Ecuavisa\u00a0pudo confirmar la informaci\u00f3n con fuentes de Argentina y de la propia Federaci\u00f3n Ecuatoriana de F\u00fatbol,&#8230;<\/p>\n","protected":false},"author":5,"featured_media":105111,"comment_status":"closed","ping_status":"open","sticky":false,"template":"","format":"standard","meta":{"_joinchat":[],"footnotes":""},"categories":[1342,1720],"tags":[],"class_list":["post-105110","post","type-post","status-publish","format-standard","has-post-thumbnail","hentry","category-deportes-internacionales","category-general","have-post-thumb"],"_links":{"self":[{"href":"https:\/\/www.evafm.net\/sitio\/wp-json\/wp\/v2\/posts\/105110","targetHints":{"allow":["GET"]}}],"collection":[{"href":"https:\/\/www.evafm.net\/sitio\/wp-json\/wp\/v2\/posts"}],"about":[{"href":"https:\/\/www.evafm.net\/sitio\/wp-json\/wp\/v2\/types\/post"}],"author":[{"embeddable":true,"href":"https:\/\/www.evafm.net\/sitio\/wp-json\/wp\/v2\/users\/5"}],"replies":[{"embeddable":true,"href":"https:\/\/www.evafm.net\/sitio\/wp-json\/wp\/v2\/comments?post=105110"}],"version-history":[{"count":1,"href":"https:\/\/www.evafm.net\/sitio\/wp-json\/wp\/v2\/posts\/105110\/revisions"}],"predecessor-version":[{"id":105112,"href":"https:\/\/www.evafm.net\/sitio\/wp-json\/wp\/v2\/posts\/105110\/revisions\/105112"}],"wp:featuredmedia":[{"embeddable":true,"href":"https:\/\/www.evafm.net\/sitio\/wp-json\/wp\/v2\/media\/105111"}],"wp:attachment":[{"href":"https:\/\/www.evafm.net\/sitio\/wp-json\/wp\/v2\/media?parent=105110"}],"wp:term":[{"taxonomy":"category","embeddable":true,"href":"https:\/\/www.evafm.net\/sitio\/wp-json\/wp\/v2\/categories?post=105110"},{"taxonomy":"post_tag","embeddable":true,"href":"https:\/\/www.evafm.net\/sitio\/wp-json\/wp\/v2\/tags?post=105110"}],"curies":[{"name":"wp","href":"https:\/\/api.w.org\/{rel}","templated":true}]}}