{"id":105131,"date":"2026-09-05T12:00:45","date_gmt":"2026-09-05T17:00:45","guid":{"rendered":"https:\/\/www.evafm.net\/sitio\/?p=105131"},"modified":"2026-09-05T12:00:45","modified_gmt":"2026-09-05T17:00:45","slug":"arsenal-vs-chelsea-por-la-premier-league","status":"publish","type":"post","link":"https:\/\/www.evafm.net\/sitio\/arsenal-vs-chelsea-por-la-premier-league\/","title":{"rendered":"Arsenal vs. Chelsea por la Premier League"},"content":{"rendered":"<p>El<strong>\u00a0Chelsea de\u00a0<\/strong><a href=\"https:\/\/www.ecuavisa.com\/tema\/moises-caicedo-t95792\" target=\"_blank\" rel=\"noopener\"><strong>Mois\u00e9s Caicedo<\/strong><\/a><strong>\u00a0busca seguir su camino perfecto en la Premier League\u00a0<\/strong>ante el Arsenal de\u00a0<a href=\"https:\/\/www.ecuavisa.com\/tema\/piero-hincapie-t96874\" target=\"_blank\" rel=\"noopener\">Piero Hincapi\u00e9<\/a>\u00a0por la tercera fecha del torneo, pero la presencia de los ecuatorianos no est\u00e1 garantizada.<\/p>\n<p><strong>El primer duelo de compatriotas en la Premier League 2026\/2027\u00a0<\/strong>no se hizo esperar mucho tiempo. Sin embargo, el mediocampista y el defensor no aparecen como protagonistas para el duelo.<\/p>\n<p>En el arranque de la temporada,\u00a0<strong>los dos ecuatorianos no han conseguido roles estelares en sus equipos<\/strong>, sino que solamente han podido disputar pocos minutos en los \u00faltimos encuentros.<\/p>\n<p>El enfrentamiento entre Arsenal de Piero Hincapi\u00e9 y Chelsea de Mois\u00e9s Caicedo se disputar\u00e1 este\u00a0<strong>domingo 6 de septiembre, a las 10:30 (hora de Ecuador), y ser\u00e1 transmitido por Disney+ Premium\u00a0<\/strong>y ESPN.<strong>(D)<\/strong><\/p>\n<p><strong>Fuente:<\/strong> evafm.net &#8211; ecuavisa.com<\/p>\n<p>&nbsp;<\/p>\n<p>&nbsp;<\/p>\n<div class=\"gsp_post_data\" \r\n\t            data-post_type=\"post\" \r\n\t            data-cat=\"deportes-internacionales,general\" \r\n\t            data-modified=\"120\"\r\n\t            data-created=\"1788609645\"\r\n\t            data-title=\"Arsenal vs. Chelsea por la Premier League\" \r\n\t            data-home=\"https:\/\/www.evafm.net\/sitio\"><\/div>","protected":false},"excerpt":{"rendered":"<p>El\u00a0Chelsea de\u00a0Mois\u00e9s Caicedo\u00a0busca seguir su camino perfecto en la Premier League\u00a0ante el Arsenal de\u00a0Piero Hincapi\u00e9\u00a0por la tercera fecha del torneo, pero la presencia de los ecuatorianos no est\u00e1 garantizada. El primer duelo de compatriotas en la Premier League 2026\/2027\u00a0no se hizo esperar mucho tiempo. Sin embargo, el mediocampista y el defensor no aparecen como protagonistas&#8230;<\/p>\n","protected":false},"author":5,"featured_media":105132,"comment_status":"closed","ping_status":"open","sticky":false,"template":"","format":"standard","meta":{"_joinchat":[],"footnotes":""},"categories":[1342,1720],"tags":[],"class_list":["post-105131","post","type-post","status-publish","format-standard","has-post-thumbnail","hentry","category-deportes-internacionales","category-general","have-post-thumb"],"_links":{"self":[{"href":"https:\/\/www.evafm.net\/sitio\/wp-json\/wp\/v2\/posts\/105131","targetHints":{"allow":["GET"]}}],"collection":[{"href":"https:\/\/www.evafm.net\/sitio\/wp-json\/wp\/v2\/posts"}],"about":[{"href":"https:\/\/www.evafm.net\/sitio\/wp-json\/wp\/v2\/types\/post"}],"author":[{"embeddable":true,"href":"https:\/\/www.evafm.net\/sitio\/wp-json\/wp\/v2\/users\/5"}],"replies":[{"embeddable":true,"href":"https:\/\/www.evafm.net\/sitio\/wp-json\/wp\/v2\/comments?post=105131"}],"version-history":[{"count":1,"href":"https:\/\/www.evafm.net\/sitio\/wp-json\/wp\/v2\/posts\/105131\/revisions"}],"predecessor-version":[{"id":105133,"href":"https:\/\/www.evafm.net\/sitio\/wp-json\/wp\/v2\/posts\/105131\/revisions\/105133"}],"wp:featuredmedia":[{"embeddable":true,"href":"https:\/\/www.evafm.net\/sitio\/wp-json\/wp\/v2\/media\/105132"}],"wp:attachment":[{"href":"https:\/\/www.evafm.net\/sitio\/wp-json\/wp\/v2\/media?parent=105131"}],"wp:term":[{"taxonomy":"category","embeddable":true,"href":"https:\/\/www.evafm.net\/sitio\/wp-json\/wp\/v2\/categories?post=105131"},{"taxonomy":"post_tag","embeddable":true,"href":"https:\/\/www.evafm.net\/sitio\/wp-json\/wp\/v2\/tags?post=105131"}],"curies":[{"name":"wp","href":"https:\/\/api.w.org\/{rel}","templated":true}]}}