{"id":105165,"date":"2026-09-06T14:04:06","date_gmt":"2026-09-06T19:04:06","guid":{"rendered":"https:\/\/www.evafm.net\/sitio\/?p=105165"},"modified":"2026-09-06T14:04:39","modified_gmt":"2026-09-06T19:04:39","slug":"mariska-hargitay-gano-dos-premios-emmy-por-el-documental-sobre-la-vida-de-su-madre","status":"publish","type":"post","link":"https:\/\/www.evafm.net\/sitio\/mariska-hargitay-gano-dos-premios-emmy-por-el-documental-sobre-la-vida-de-su-madre\/","title":{"rendered":"Mariska Hargitay gan\u00f3 dos premios Emmy por el documental sobre la vida de su madre"},"content":{"rendered":"<p><a title=\"https:\/\/www.infobae.com\/entretenimiento\/2026\/07\/07\/mariska-hargitay-conducira-los-emmy-2026-y-hara-historia-como-la-primera-mujer-al-frente-en-15-anos\/\" href=\"https:\/\/www.infobae.com\/entretenimiento\/2026\/07\/07\/mariska-hargitay-conducira-los-emmy-2026-y-hara-historia-como-la-primera-mujer-al-frente-en-15-anos\/\" target=\"_blank\" rel=\"noopener noreferrer\" data-mrf-link=\"https:\/\/www.infobae.com\/entretenimiento\/2026\/07\/07\/mariska-hargitay-conducira-los-emmy-2026-y-hara-historia-como-la-primera-mujer-al-frente-en-15-anos\/\">Mariska Hargitay<\/a>\u00a0obtuvo\u00a0<b>dos premios Emmy<\/b>\u00a0por el documental\u00a0<i><b>My Mom Jayne<\/b><\/i><b>\u00a0<\/b>durante la gala de los <strong>Creative Arts Emmys,<\/strong> celebrada la noche del s\u00e1bado en <strong>Los \u00c1ngeles.<\/strong><\/p>\n<p>La actriz recibi\u00f3 los galardones a Mejor Documental o Especial de No Ficci\u00f3n y a Mejor Direcci\u00f3n para un Programa Documental o de No Ficci\u00f3n, d\u00edas antes de conducir la ceremonia principal de los\u00a0<strong><a title=\"https:\/\/www.infobae.com\/entretenimiento\/2026\/07\/08\/premios-emmy-2026-lista-completa-de-nominados-a-la-gala-mas-importante-de-la-television\/\" href=\"https:\/\/www.infobae.com\/entretenimiento\/2026\/07\/08\/premios-emmy-2026-lista-completa-de-nominados-a-la-gala-mas-importante-de-la-television\/\" target=\"_blank\" rel=\"noopener noreferrer\" data-mrf-link=\"https:\/\/www.infobae.com\/entretenimiento\/2026\/07\/08\/premios-emmy-2026-lista-completa-de-nominados-a-la-gala-mas-importante-de-la-television\/\">Premios Emmy<\/a>\u00a0el 14 de septiembre.<\/strong><\/p>\n<p>El filme, producido por HBO, aborda la vida y la carrera de\u00a0<b>Jayne Mansfield, madre de Hargitay y actriz fallecida en 1967<\/b>, adem\u00e1s de indagar en el misterio sobre la identidad de su padre biol\u00f3gico.<\/p>\n<p class=\"paragraph\" data-paragraph-number=\"7\" data-mrf-recirculation=\"Links inline\">Con estas dos estatuillas, la estrella de\u00a0<i><b>La ley y el orden: UVE<\/b><\/i><b>\u00a0<\/b>suma tres Emmy en su carrera, tras el que obtuvo en 2006 como mejor actriz por esa misma serie.<\/p>\n<p class=\"paragraph\" data-paragraph-number=\"8\" data-mrf-recirculation=\"Links inline\">Los\u00a0<b>Creative Arts Emmys\u00a0<\/b>iniciaron el s\u00e1bado en Los \u00c1ngeles y continuar\u00e1n el domingo desde el Peacock Theater, previo a la transmisi\u00f3n de los Primetime Emmy Awards el lunes 14 de septiembre por NBC y la plataforma Peacock.<\/p>\n<p class=\"paragraph\" data-paragraph-number=\"9\" data-mrf-recirculation=\"Links inline\">En la categor\u00eda de Documental o Especial de No Ficci\u00f3n,\u00a0<i>My Mom Jayne<\/i>\u00a0se impuso a\u00a0<i>John Candy: I Like Me<\/i>,\u00a0<i>Marty, Life Is Short<\/i>,\u00a0<i>Mel Brooks: The 99 Year Old Man!<\/i>\u00a0y\u00a0<i>Ocean with David Attenborough<\/i>, este \u00faltimo ganador en cinematograf\u00eda y edici\u00f3n de sonido para programas de no ficci\u00f3n.<\/p>\n<p class=\"paragraph\" data-paragraph-number=\"10\" data-mrf-recirculation=\"Links inline\">En la categor\u00eda de direcci\u00f3n documental, Hargitay compiti\u00f3 contra\u00a0<b>Lawrence Kasdan<\/b>\u00a0por\u00a0<i>Marty, Life Is Short<\/i>;\u00a0<b>Judd Apatow<\/b>\u00a0y\u00a0<b>Michael Bonfiglio<\/b>\u00a0por\u00a0<i>Mel Brooks: The 99 Year Old Man!<\/i>;\u00a0<b>Alexandria Stapelton<\/b>\u00a0por\u00a0<i>Sean Combs: The Reckoning<\/i>, y\u00a0<b>Rebecca Miller<\/b>\u00a0por\u00a0<i>Mr. Scorsese<\/i>.<\/p>\n<p class=\"paragraph\" data-paragraph-number=\"11\" data-mrf-recirculation=\"Links inline\">Al recibir el premio a Mejor Documental, Hargitay dedic\u00f3 unas palabras a la activista feminista\u00a0<b>Gloria Steinem<\/b>, quien muri\u00f3 el mi\u00e9rcoles a los 92 a\u00f1os.<\/p>\n<p class=\"paragraph\" data-paragraph-number=\"12\" data-mrf-recirculation=\"Links inline\">\u201cMi h\u00e9roe y amiga Gloria Steinem dijo recientemente \u2018por favor cuenten su propia historia\u2019\u201d, expres\u00f3 la actriz.<\/p>\n<p class=\"paragraph\" data-paragraph-number=\"13\" data-mrf-recirculation=\"Links inline\">Y agreg\u00f3: \u201cLo m\u00e1s importante que podemos hacer los unos por los otros es conocernos a trav\u00e9s de las historias. Yo llegu\u00e9 a conocer a mi madre al contar su historia\u201d.<\/p>\n<p class=\"paragraph\" data-paragraph-number=\"14\" data-mrf-recirculation=\"Links inline\">Al aceptar el trofeo de direcci\u00f3n, Hargitay relat\u00f3 que tard\u00f3 tiempo en decidirse a filmar el proyecto durante la pandemia.<\/p>\n<p class=\"paragraph\" data-paragraph-number=\"15\" data-mrf-recirculation=\"Links inline\">\u201c<b>Me tom\u00f3 un tiempo darme cuenta de que esta era mi historia para contar<\/b>. Pod\u00eda dirigirla\u201d, se\u00f1al\u00f3.<\/p>\n<p class=\"paragraph\" data-paragraph-number=\"16\" data-mrf-recirculation=\"Links inline\">La actriz reiter\u00f3 el consejo de Steinem a las mujeres sobre narrar sus propias historias y a\u00f1adi\u00f3 que espera \u201cexplorar y descubrir nuevas formas de contar historias\u201d desde la mirada femenina.<\/p>\n<p class=\"paragraph\" data-paragraph-number=\"17\" data-mrf-recirculation=\"Links inline\">Detr\u00e1s del escenario, Hargitay se refiri\u00f3 al momento particular que atraviesa su carrera.<\/p>\n<p class=\"paragraph\" data-paragraph-number=\"18\" data-mrf-recirculation=\"Links inline\">\u201cEs un a\u00f1o de primeras veces y un a\u00f1o de decir que s\u00ed,\u00a0<b>sin limitarme ni dejarme gobernar por el miedo<\/b>\u201d, dijo a los periodistas presentes.<\/p>\n<p class=\"paragraph\" data-paragraph-number=\"19\" data-mrf-recirculation=\"Links inline\">La actriz, que este a\u00f1o inicia su temporada 28 como protagonista de\u00a0<i>La ley y el orden: UVE<\/i>, tambi\u00e9n debut\u00f3 en Broadway con la obra\u00a0<i>Every Brilliant Thing<\/i>\u00a0antes de aceptar el reto de conducir los Emmy.<\/p>\n<p class=\"paragraph\" data-paragraph-number=\"20\" data-mrf-recirculation=\"Links inline\">Sobre la propuesta de la cadena, Hargitay coment\u00f3 que en un principio pens\u00f3 que se trataba de una broma. \u201cCuando me llamaron, pensaron que era una broma\u201d, relat\u00f3.<\/p>\n<p class=\"paragraph\" data-paragraph-number=\"21\" data-mrf-recirculation=\"Links inline\">La actriz a\u00f1adi\u00f3 que NBC le hab\u00eda advertido sobre solo dos d\u00edas de ensayo para la conducci\u00f3n, algo que calific\u00f3 como \u201cuna mentira\u201d dado el volumen de trabajo real que implic\u00f3 la preparaci\u00f3n.<\/p>\n<p class=\"paragraph\" data-paragraph-number=\"22\" data-mrf-recirculation=\"Links inline\">No obstante, expres\u00f3 entusiasmo por trabajar con el equipo de guionistas de\u00a0<i>The Late Show with Stephen Colbert<\/i>\u00a0en el material de la gala.<\/p>\n<p class=\"paragraph\" data-paragraph-number=\"23\" data-mrf-recirculation=\"Links inline\">Por otro lado, en la categor\u00eda de Mejor Serie Documental o de No Ficci\u00f3n, el premio recay\u00f3 en\u00a0<i>Mr. Scorsese<\/i>, dirigida por\u00a0<b>Rebecca Miller<\/b>, cinco episodios centrados en la trayectoria del cineasta\u00a0<b>Martin Scorsese<\/b>.<\/p>\n<p class=\"paragraph\" data-paragraph-number=\"24\" data-mrf-recirculation=\"Links inline\">La producci\u00f3n incluye entrevistas con\u00a0<b>Robert De Niro<\/b>,\u00a0<b>Leonardo DiCaprio<\/b>,\u00a0<b>Jodie Foster<\/b>, los guionistas\u00a0<b>Paul Schrader<\/b>\u00a0y\u00a0<b>Nicholas Pileggi<\/b>, el director\u00a0<b>Spike Lee<\/b>\u00a0y el actor\u00a0<b>Daniel Day-Lewis<\/b>, esposo de Miller.<\/p>\n<p class=\"paragraph\" data-paragraph-number=\"25\" data-mrf-recirculation=\"Links inline\">En la serie, Scorsese ofrece entrevistas sobre los momentos altos y bajos de su carrera, su vida sentimental y su infancia como ni\u00f1o asm\u00e1tico en Nueva York<strong>.(E)<\/strong><\/p>\n<p data-paragraph-number=\"25\" data-mrf-recirculation=\"Links inline\"><img fetchpriority=\"high\" decoding=\"async\" class=\"\" src=\"https:\/\/www.infobae.com\/resizer\/v2\/OMTURWPNKFCRLLPCOW6OFKYJYY.jpg?auth=52c6df84a3cacb68cd5fddb1156ffdf7ff7b50dc741ca2315a6b917629c0d87e&amp;smart=true&amp;width=350&amp;height=407&amp;quality=85\" alt=\"Una mujer rubia con labios rojos y traje de ba\u00f1o rojo en el agua, sonriendo con la boca abierta\" width=\"636\" height=\"739\" \/><\/p>\n<p data-paragraph-number=\"25\" data-mrf-recirculation=\"Links inline\"><strong>El documental, producido por HBO, recorre la vida de Jayne Mansfield y explora<\/strong><\/p>\n<p data-paragraph-number=\"25\" data-mrf-recirculation=\"Links inline\"><strong> la <\/strong><strong>identidad del padre biol\u00f3gico de Mariska Hargitay (HBO)<\/strong><\/p>\n<p data-paragraph-number=\"16\" data-mrf-recirculation=\"Links inline\"><img decoding=\"async\" class=\"global-image\" src=\"https:\/\/www.infobae.com\/resizer\/v2\/3ZQR7EHTFJC7RJHRHWBBATGUUA.jpg?auth=e090913fe8bd9b109a7b2c044f5c7f0344636a1739f4e71daf68559bbf2da570&amp;smart=true&amp;width=350&amp;height=197&amp;quality=85\" alt=\"Una mujer rubia con labios rojos y traje de ba\u00f1o rojo en el agua, sonriendo con la boca abierta\" width=\"670\" height=\"377\" \/><\/p>\n<p data-paragraph-number=\"16\" data-mrf-recirculation=\"Links inline\"><strong>\u00abMy Mom Jayne\u00bb se impuso en Mejor Documental o Especial de No Ficci\u00f3n ante t\u00edtulos<\/strong><\/p>\n<p data-paragraph-number=\"16\" data-mrf-recirculation=\"Links inline\"><strong> como \u00abJohn Candy: I Like Me\u00bb y \u00abOcean with David Attenborough\u00bb (HBO)<\/strong><\/p>\n<p data-paragraph-number=\"16\" data-mrf-recirculation=\"Links inline\"><img decoding=\"async\" class=\"global-image\" src=\"https:\/\/www.infobae.com\/resizer\/v2\/LD5TFY4WGJEOJHMI4WVHHLJZ5I.jpg?auth=e30bcf5c664f2be1022b599bee919d4a82de36e8b9004a44262be2fefc2c850b&amp;smart=true&amp;width=350&amp;height=197&amp;quality=85\" alt=\"Mariska Hargitay\" width=\"675\" height=\"380\" \/><\/p>\n<p data-paragraph-number=\"16\" data-mrf-recirculation=\"Links inline\"><strong>Con estos galardones, Hargitay sum\u00f3 tres premios Emmy en su carrera, tras el obtenido<\/strong><\/p>\n<p data-paragraph-number=\"16\" data-mrf-recirculation=\"Links inline\"><strong> en 2006 por \u00abLaw &amp; Order: SVU\u00bb (REUTERS\/Jeenah Moon)<\/strong><\/p>\n<div class=\"ad_5 ad-wrapper dfpAd ad-1-al-6 ad-text ad-component-container\" data-ad-wrapper=\"arcad\" data-ad-type=\"ad_5\" data-ad-slot=\"infobae\/entretenimiento\/nota\/ad_5\" data-ad-container=\"dfp\" data-ad-slot-name=\"infobae\/entretenimiento\/nota\/ad_5\"><\/div>\n<p data-paragraph-number=\"13\" data-mrf-recirculation=\"Links inline\"><img loading=\"lazy\" decoding=\"async\" class=\"global-image\" src=\"https:\/\/www.infobae.com\/resizer\/v2\/LQTZ5ENWPRFU3IV6HM5JFCTKJI.png?auth=9b185705f0ba610349082ec5a9176d6e76add7564a74c7f30470d3cb44bd89be&amp;smart=true&amp;width=350&amp;height=236&amp;quality=85\" alt=\"\u201cMr. Scorsese\u201d\" width=\"686\" height=\"463\" \/><\/p>\n<p data-paragraph-number=\"13\" data-mrf-recirculation=\"Links inline\"><strong>\u00abMr. Scorsese\u00bb, dirigido por Rebecca Miller, gan\u00f3 el Emmy a Mejor Serie Documental<\/strong><\/p>\n<p data-paragraph-number=\"13\" data-mrf-recirculation=\"Links inline\"><strong> o de No Ficci\u00f3n con una producci\u00f3n sobre la trayectoria del famoso director (Apple TV+)<\/strong><\/p>\n<p data-paragraph-number=\"13\" data-mrf-recirculation=\"Links inline\">\n<p data-paragraph-number=\"13\" data-mrf-recirculation=\"Links inline\"><strong>Fuente:<\/strong> evafm.net &#8211; infobae.com<\/p>\n<div class=\"gsp_post_data\" \r\n\t            data-post_type=\"post\" \r\n\t            data-cat=\"espectaculos,general\" \r\n\t            data-modified=\"120\"\r\n\t            data-created=\"1788703446\"\r\n\t            data-title=\"Mariska Hargitay gan\u00f3 dos premios Emmy por el documental sobre la vida de su madre\" \r\n\t            data-home=\"https:\/\/www.evafm.net\/sitio\"><\/div>","protected":false},"excerpt":{"rendered":"<p>Mariska Hargitay\u00a0obtuvo\u00a0dos premios Emmy\u00a0por el documental\u00a0My Mom Jayne\u00a0durante la gala de los Creative Arts Emmys, celebrada la noche del s\u00e1bado en Los \u00c1ngeles. La actriz recibi\u00f3 los galardones a Mejor Documental o Especial de No Ficci\u00f3n y a Mejor Direcci\u00f3n para un Programa Documental o de No Ficci\u00f3n, d\u00edas antes de conducir la ceremonia principal&#8230;<\/p>\n","protected":false},"author":5,"featured_media":105166,"comment_status":"closed","ping_status":"open","sticky":false,"template":"","format":"standard","meta":{"_joinchat":[],"footnotes":""},"categories":[4,1720],"tags":[],"class_list":["post-105165","post","type-post","status-publish","format-standard","has-post-thumbnail","hentry","category-espectaculos","category-general","have-post-thumb"],"_links":{"self":[{"href":"https:\/\/www.evafm.net\/sitio\/wp-json\/wp\/v2\/posts\/105165","targetHints":{"allow":["GET"]}}],"collection":[{"href":"https:\/\/www.evafm.net\/sitio\/wp-json\/wp\/v2\/posts"}],"about":[{"href":"https:\/\/www.evafm.net\/sitio\/wp-json\/wp\/v2\/types\/post"}],"author":[{"embeddable":true,"href":"https:\/\/www.evafm.net\/sitio\/wp-json\/wp\/v2\/users\/5"}],"replies":[{"embeddable":true,"href":"https:\/\/www.evafm.net\/sitio\/wp-json\/wp\/v2\/comments?post=105165"}],"version-history":[{"count":2,"href":"https:\/\/www.evafm.net\/sitio\/wp-json\/wp\/v2\/posts\/105165\/revisions"}],"predecessor-version":[{"id":105168,"href":"https:\/\/www.evafm.net\/sitio\/wp-json\/wp\/v2\/posts\/105165\/revisions\/105168"}],"wp:featuredmedia":[{"embeddable":true,"href":"https:\/\/www.evafm.net\/sitio\/wp-json\/wp\/v2\/media\/105166"}],"wp:attachment":[{"href":"https:\/\/www.evafm.net\/sitio\/wp-json\/wp\/v2\/media?parent=105165"}],"wp:term":[{"taxonomy":"category","embeddable":true,"href":"https:\/\/www.evafm.net\/sitio\/wp-json\/wp\/v2\/categories?post=105165"},{"taxonomy":"post_tag","embeddable":true,"href":"https:\/\/www.evafm.net\/sitio\/wp-json\/wp\/v2\/tags?post=105165"}],"curies":[{"name":"wp","href":"https:\/\/api.w.org\/{rel}","templated":true}]}}