{"id":35519,"date":"2018-07-02T19:15:19","date_gmt":"2018-07-03T00:15:19","guid":{"rendered":"http:\/\/www.evafm.net\/sitio\/?p=35519"},"modified":"2018-07-02T19:15:19","modified_gmt":"2018-07-03T00:15:19","slug":"bebe-agua-y-tu-cerebro-rendira","status":"publish","type":"post","link":"https:\/\/www.evafm.net\/sitio\/bebe-agua-y-tu-cerebro-rendira\/","title":{"rendered":"Bebe agua y tu cerebro rendir\u00e1"},"content":{"rendered":"<div class=\"panel-pane pane-views pane-datos-nota-ampliada pane-node-body\">\n<div class=\"pane-content\">\n<div class=\"view view-datos-nota-ampliada view-id-datos_nota_ampliada view-display-id-block_11 view-dom-id-10b3e82cc518caa6fb037a21be49ec5d\">\n<div class=\"view-content\">\n<div class=\"views-row views-row-1 views-row-odd views-row-first views-row-last\">\n<div class=\"views-field views-field-body\">\n<div class=\"field-content\">\n<div class=\"field-name-body\">\n<p>El agua puede llegar a constituir hasta un 85% del cerebro y si no est\u00e1 suficientemente hidratado se puede resentir, incluso con una peque\u00f1a reducci\u00f3n del volumen corporal de fluidos (1-2%) puede afectar al estado de \u00e1nimo, a la concentraci\u00f3n y a la memoria a largo plazo.<\/p>\n<p>En \u00e9pocas de esfuerzo mental intenso, como puede ser la \u00e9poca de ex\u00e1menes la p\u00e9rdida de agua se puede notar.<\/p>\n<p>En situaciones de esfuerzo mental intenso bebe de dos a dos y medio litros de agua como aconseja la Agencia Europea de Seguridad Alimentaria (EFSA). (F)<\/p>\n<p>Fuente: eluniverso.com<\/p>\n<\/div>\n<\/div>\n<\/div>\n<div class=\"views-field views-field-php\"><\/div>\n<\/div>\n<\/div>\n<\/div>\n<\/div>\n<\/div>\n<div class=\"panel-pane pane-views pane-datos-nota-ampliada element-hide-mobile tokens-nota\">\n<div class=\"pane-content\">\n<div class=\"view view-datos-nota-ampliada view-id-datos_nota_ampliada view-display-id-block_6 nota-tokens view-dom-id-dc21ca1989df6be7a232e1fd6ca0c71e\">\n<div class=\"view-content\">\n<div class=\"views-row views-row-1 views-row-odd views-row-first views-row-last\">\n<div class=\"views-field views-field-field-topicos\">\n<div class=\"field-content\"><\/div>\n<\/div>\n<div class=\"views-field views-field-field-keywords\">\n<div class=\"field-content\">\n<div class=\"item-list\"><\/div>\n<\/div>\n<\/div>\n<\/div>\n<\/div>\n<\/div>\n<\/div>\n<\/div>\n<div class=\"gsp_post_data\" \r\n\t            data-post_type=\"post\" \r\n\t            data-cat=\"general,salud\" \r\n\t            data-modified=\"120\"\r\n\t            data-created=\"1530558919\"\r\n\t            data-title=\"Bebe agua y tu cerebro rendir\u00e1\" \r\n\t            data-home=\"https:\/\/www.evafm.net\/sitio\"><\/div>","protected":false},"excerpt":{"rendered":"<p>El agua puede llegar a constituir hasta un 85% del cerebro y si no est\u00e1 suficientemente hidratado se puede resentir, incluso con una peque\u00f1a reducci\u00f3n del volumen corporal de fluidos (1-2%) puede afectar al estado de \u00e1nimo, a la concentraci\u00f3n y a la memoria a largo plazo. En \u00e9pocas de esfuerzo mental intenso, como puede&#8230;<\/p>\n","protected":false},"author":5,"featured_media":35520,"comment_status":"closed","ping_status":"open","sticky":false,"template":"","format":"standard","meta":{"_joinchat":[],"footnotes":""},"categories":[1720,1724],"tags":[],"class_list":["post-35519","post","type-post","status-publish","format-standard","has-post-thumbnail","hentry","category-general","category-salud","have-post-thumb"],"_links":{"self":[{"href":"https:\/\/www.evafm.net\/sitio\/wp-json\/wp\/v2\/posts\/35519","targetHints":{"allow":["GET"]}}],"collection":[{"href":"https:\/\/www.evafm.net\/sitio\/wp-json\/wp\/v2\/posts"}],"about":[{"href":"https:\/\/www.evafm.net\/sitio\/wp-json\/wp\/v2\/types\/post"}],"author":[{"embeddable":true,"href":"https:\/\/www.evafm.net\/sitio\/wp-json\/wp\/v2\/users\/5"}],"replies":[{"embeddable":true,"href":"https:\/\/www.evafm.net\/sitio\/wp-json\/wp\/v2\/comments?post=35519"}],"version-history":[{"count":1,"href":"https:\/\/www.evafm.net\/sitio\/wp-json\/wp\/v2\/posts\/35519\/revisions"}],"predecessor-version":[{"id":35521,"href":"https:\/\/www.evafm.net\/sitio\/wp-json\/wp\/v2\/posts\/35519\/revisions\/35521"}],"wp:featuredmedia":[{"embeddable":true,"href":"https:\/\/www.evafm.net\/sitio\/wp-json\/wp\/v2\/media\/35520"}],"wp:attachment":[{"href":"https:\/\/www.evafm.net\/sitio\/wp-json\/wp\/v2\/media?parent=35519"}],"wp:term":[{"taxonomy":"category","embeddable":true,"href":"https:\/\/www.evafm.net\/sitio\/wp-json\/wp\/v2\/categories?post=35519"},{"taxonomy":"post_tag","embeddable":true,"href":"https:\/\/www.evafm.net\/sitio\/wp-json\/wp\/v2\/tags?post=35519"}],"curies":[{"name":"wp","href":"https:\/\/api.w.org\/{rel}","templated":true}]}}