{"id":35626,"date":"2018-07-04T16:51:48","date_gmt":"2018-07-04T21:51:48","guid":{"rendered":"http:\/\/www.evafm.net\/sitio\/?p=35626"},"modified":"2018-07-04T16:51:48","modified_gmt":"2018-07-04T21:51:48","slug":"rafael-correa-denuncia-un-complot-del-gobierno-de-lenin-moreno","status":"publish","type":"post","link":"https:\/\/www.evafm.net\/sitio\/rafael-correa-denuncia-un-complot-del-gobierno-de-lenin-moreno\/","title":{"rendered":"Rafael Correa denuncia un \u00abcomplot\u00bb del Gobierno de Len\u00edn Moreno"},"content":{"rendered":"<div class=\"location-event\">Bruselas &#8211;<\/div>\n<p>El ex presidente de la Rep\u00fablica\u00a0Rafael Correa, calific\u00f3 la orden de detenci\u00f3n emitida por la justicia nacional como un \u00abcomplot\u00bb del actual Gobierno contra \u00e9l y asegur\u00f3 que Interpol (Polic\u00eda internacional) rechazar\u00e1 la petici\u00f3n, en una entrevista con la\u00a0<em>AFP\u00a0<\/em>este mi\u00e9rcoles.<\/p>\n<p>\u00abHay toda una hoja de ruta (&#8230;) Hay todo un complot\u00bb, dijo Correa en Bruselas, un d\u00eda despu\u00e9s que la justicia ordenara prisi\u00f3n preventiva y emitiera una circular roja de Interpol contra \u00e9l por su presunta vinculaci\u00f3n en el secuestro del exasamble\u00edsta\u00a0Fernando Balda\u00a0en Colombia en 2012.<\/p>\n<p>\u00abMe vinculan a un caso sin tener ninguna prueba, en base al testimonio de un polic\u00eda que pas\u00f3 siete horas el d\u00eda anterior con el fiscal aprendi\u00e9ndose la lecci\u00f3n, diciendo que el presidente lo ha llamado para pedirle que secuestre a Balda\u00bb, argument\u00f3.<\/p>\n<p>Para Correa, que reside actualmente en B\u00e9lgica junto a su familia, el \u00abgobierno\u00bb de su sucesor,\u00a0Len\u00edn Moreno, est\u00e1 \u00absin dudas\u00bb detr\u00e1s de este plan.<\/p>\n<p>\u00ab\u00c9l est\u00e1 detr\u00e1s de todo esto, de la judicializaci\u00f3n de la pol\u00edtica\u00bb.<\/p>\n<p>El expresidente denunci\u00f3 que Moreno \u00abse reuni\u00f3 con Balda, se reuni\u00f3 con el anterior fiscal para meter preso a (el exvicepresidente) Jorge Glas\u00bb y que \u00abdelegados del gobierno\u00bb intentaron presionar a personas \u00abclave\u00bb para que testificaran en su contra.<\/p>\n<p>La circular roja\u00a0Interpol\u00a0\u00abno va a tener ning\u00fan \u00e9xito\u00bb, ya que esta organizaci\u00f3n de cooperaci\u00f3n policial internacional \u00abtoma su tiempo, analiza el caso y de ser pol\u00edtico lo desecha\u00bb y \u00abm\u00e1s pol\u00edtico que esto no hay\u00bb, agreg\u00f3.<\/p>\n<p>Pero, en caso de que la solicitud prosperase, Correa estim\u00f3 que B\u00e9lgica, en donde no descart\u00f3 solicitar el asilo, \u00abjam\u00e1s\u00bb dar\u00eda tr\u00e1mite \u00aba una barbaridad as\u00ed\u00bb.<\/p>\n<p>\u00abJam\u00e1s un pa\u00eds tan garantista (&#8230;) va a dar paso a una extradici\u00f3n o una orden de prisi\u00f3n tan injusta\u00bb.<\/p>\n<p>Y, sobre un eventual regreso a Ecuador, asegur\u00f3 que volver \u00abser\u00eda casi un suicidio en las condiciones actuales\u00bb.<\/p>\n<p>\u00abSi fuera soltero lo har\u00eda\u00bb, apunt\u00f3 el expresidente, recordando que cuando dej\u00f3 el cargo, le prometi\u00f3 a su familia varios a\u00f1os de estancia en B\u00e9lgica, de donde es oriunda su esposa Anne Malherbe.\u00a0<strong>(I)<\/strong><\/p>\n<p><iframe title=\"Correa desestima orden de detenci\u00f3n en su contra\" width=\"1200\" height=\"675\" src=\"https:\/\/www.youtube.com\/embed\/ZI7hdnuzItM?feature=oembed\" frameborder=\"0\" allow=\"accelerometer; autoplay; clipboard-write; encrypted-media; gyroscope; picture-in-picture; web-share\" referrerpolicy=\"strict-origin-when-cross-origin\" allowfullscreen><\/iframe><\/p>\n<p>Fuente: eluniverso.com &#8211; youtube.com<\/p>\n<p>&nbsp;<\/p>\n<div class=\"gsp_post_data\" \r\n\t            data-post_type=\"post\" \r\n\t            data-cat=\"noticias-ecuador\" \r\n\t            data-modified=\"120\"\r\n\t            data-created=\"1530723108\"\r\n\t            data-title=\"Rafael Correa denuncia un \u00abcomplot\u00bb del Gobierno de Len\u00edn Moreno\" \r\n\t            data-home=\"https:\/\/www.evafm.net\/sitio\"><\/div>","protected":false},"excerpt":{"rendered":"<p>Bruselas &#8211; El ex presidente de la Rep\u00fablica\u00a0Rafael Correa, calific\u00f3 la orden de detenci\u00f3n emitida por la justicia nacional como un \u00abcomplot\u00bb del actual Gobierno contra \u00e9l y asegur\u00f3 que Interpol (Polic\u00eda internacional) rechazar\u00e1 la petici\u00f3n, en una entrevista con la\u00a0AFP\u00a0este mi\u00e9rcoles. \u00abHay toda una hoja de ruta (&#8230;) Hay todo un complot\u00bb, dijo Correa&#8230;<\/p>\n","protected":false},"author":5,"featured_media":35627,"comment_status":"closed","ping_status":"open","sticky":false,"template":"","format":"standard","meta":{"_joinchat":[],"footnotes":""},"categories":[1558],"tags":[],"class_list":["post-35626","post","type-post","status-publish","format-standard","has-post-thumbnail","hentry","category-noticias-ecuador","have-post-thumb"],"_links":{"self":[{"href":"https:\/\/www.evafm.net\/sitio\/wp-json\/wp\/v2\/posts\/35626","targetHints":{"allow":["GET"]}}],"collection":[{"href":"https:\/\/www.evafm.net\/sitio\/wp-json\/wp\/v2\/posts"}],"about":[{"href":"https:\/\/www.evafm.net\/sitio\/wp-json\/wp\/v2\/types\/post"}],"author":[{"embeddable":true,"href":"https:\/\/www.evafm.net\/sitio\/wp-json\/wp\/v2\/users\/5"}],"replies":[{"embeddable":true,"href":"https:\/\/www.evafm.net\/sitio\/wp-json\/wp\/v2\/comments?post=35626"}],"version-history":[{"count":1,"href":"https:\/\/www.evafm.net\/sitio\/wp-json\/wp\/v2\/posts\/35626\/revisions"}],"predecessor-version":[{"id":35629,"href":"https:\/\/www.evafm.net\/sitio\/wp-json\/wp\/v2\/posts\/35626\/revisions\/35629"}],"wp:featuredmedia":[{"embeddable":true,"href":"https:\/\/www.evafm.net\/sitio\/wp-json\/wp\/v2\/media\/35627"}],"wp:attachment":[{"href":"https:\/\/www.evafm.net\/sitio\/wp-json\/wp\/v2\/media?parent=35626"}],"wp:term":[{"taxonomy":"category","embeddable":true,"href":"https:\/\/www.evafm.net\/sitio\/wp-json\/wp\/v2\/categories?post=35626"},{"taxonomy":"post_tag","embeddable":true,"href":"https:\/\/www.evafm.net\/sitio\/wp-json\/wp\/v2\/tags?post=35626"}],"curies":[{"name":"wp","href":"https:\/\/api.w.org\/{rel}","templated":true}]}}