{"id":35681,"date":"2018-07-04T19:40:52","date_gmt":"2018-07-05T00:40:52","guid":{"rendered":"http:\/\/www.evafm.net\/sitio\/?p=35681"},"modified":"2018-07-04T19:40:52","modified_gmt":"2018-07-05T00:40:52","slug":"inminente-retorno-de-jose-ayovi-a-barcelona-sc","status":"publish","type":"post","link":"https:\/\/www.evafm.net\/sitio\/inminente-retorno-de-jose-ayovi-a-barcelona-sc\/","title":{"rendered":"Inminente retorno de Jos\u00e9 Ayov\u00ed a Barcelona SC"},"content":{"rendered":"<p>Barcelona espera el regreso del extremo Jos\u00e9 Ayov\u00ed, quien milit\u00f3 en el Cafetaleros de Tapachula, de la Liga de Ascenso de M\u00e9xico, seg\u00fan confirm\u00f3 el presidente del cuadro amarillo Jos\u00e9 Francisco Cevallos.<\/p>\n<p>Se espera que el jugador de 26 a\u00f1os, que fue campe\u00f3n con los amarillos en 2012 y 2016, se una a las pr\u00e1cticas en los pr\u00f3ximos d\u00edas y se ponga a punto para la segunda etapa.<\/p>\n<p>El esmeralde\u00f1o jug\u00f3 37 partidos el a\u00f1o pasado con Barcelona y marc\u00f3 3 goles en el campeonato nacional.<\/p>\n<p>\u201cA\u00fan no se incorpora (Ayov\u00ed) porque todav\u00eda no se soluciona un peque\u00f1o tema del aspecto econ\u00f3mico, pero ya con \u00e9l est\u00e1 casi todo arreglado.<\/p>\n<p>Ya est\u00e1 elaborado el contrato, solo falta firmarlo\u201d, coment\u00f3 Carlos Alfaro Moreno, vicepresidente deportivo de los amarillos, sobre la situaci\u00f3n del extremo.<\/p>\n<p>Ayov\u00ed lleg\u00f3 al balompi\u00e9 mexicano en 2014 cuando milit\u00f3 en Dorados de Sinaloa, luego pas\u00f3 al Tijuana y al Jaguares de Chiapas (due\u00f1o de su pase).<\/p>\n<p>En el equipo de Tapachula del que ahora se despide para volver a Barcelona ya estuvo en 2015.<\/p>\n<p>Barcelona tambi\u00e9n sum\u00f3 al delantero Joffre Guerr\u00f3n para la segunda etapa.<\/p>\n<p><strong>Reforzar la defensa<\/strong><\/p>\n<p>Ante la inminente salida del defensor Dar\u00edo Aimar, quien se ir\u00e1 al f\u00fatbol mexicano, Barcelona reforzar\u00e1 su plantel con un zaguero.<\/p>\n<p>No se ha mencionado si ser\u00e1 nacional o extranjero.<\/p>\n<p>\u201cLo de Aimar est\u00e1 todo firmado (su paso a Cruz Azul), solo falta que pase los chequeos m\u00e9dicos.<\/p>\n<p>En el caso de Luis Caicedo, estamos en negociaciones (por renovar el pr\u00e9stamo de su transferencia).<\/p>\n<p>Ante esto, si se ratifican las salidas de los dos jugadores vamos a traer un central\u201d, manifest\u00f3 Cevallos a radio\u00a0<em>Huancavilca<\/em>.<\/p>\n<p>Fuente: eluniverso.com<\/p>\n<div class=\"gsp_post_data\" \r\n\t            data-post_type=\"post\" \r\n\t            data-cat=\"deportes-ecuador\" \r\n\t            data-modified=\"120\"\r\n\t            data-created=\"1530733252\"\r\n\t            data-title=\"Inminente retorno de Jos\u00e9 Ayov\u00ed a Barcelona SC\" \r\n\t            data-home=\"https:\/\/www.evafm.net\/sitio\"><\/div>","protected":false},"excerpt":{"rendered":"<p>Barcelona espera el regreso del extremo Jos\u00e9 Ayov\u00ed, quien milit\u00f3 en el Cafetaleros de Tapachula, de la Liga de Ascenso de M\u00e9xico, seg\u00fan confirm\u00f3 el presidente del cuadro amarillo Jos\u00e9 Francisco Cevallos. Se espera que el jugador de 26 a\u00f1os, que fue campe\u00f3n con los amarillos en 2012 y 2016, se una a las pr\u00e1cticas&#8230;<\/p>\n","protected":false},"author":5,"featured_media":35682,"comment_status":"closed","ping_status":"open","sticky":false,"template":"","format":"standard","meta":{"_joinchat":[],"footnotes":""},"categories":[1557],"tags":[],"class_list":["post-35681","post","type-post","status-publish","format-standard","has-post-thumbnail","hentry","category-deportes-ecuador","have-post-thumb"],"_links":{"self":[{"href":"https:\/\/www.evafm.net\/sitio\/wp-json\/wp\/v2\/posts\/35681","targetHints":{"allow":["GET"]}}],"collection":[{"href":"https:\/\/www.evafm.net\/sitio\/wp-json\/wp\/v2\/posts"}],"about":[{"href":"https:\/\/www.evafm.net\/sitio\/wp-json\/wp\/v2\/types\/post"}],"author":[{"embeddable":true,"href":"https:\/\/www.evafm.net\/sitio\/wp-json\/wp\/v2\/users\/5"}],"replies":[{"embeddable":true,"href":"https:\/\/www.evafm.net\/sitio\/wp-json\/wp\/v2\/comments?post=35681"}],"version-history":[{"count":1,"href":"https:\/\/www.evafm.net\/sitio\/wp-json\/wp\/v2\/posts\/35681\/revisions"}],"predecessor-version":[{"id":35683,"href":"https:\/\/www.evafm.net\/sitio\/wp-json\/wp\/v2\/posts\/35681\/revisions\/35683"}],"wp:featuredmedia":[{"embeddable":true,"href":"https:\/\/www.evafm.net\/sitio\/wp-json\/wp\/v2\/media\/35682"}],"wp:attachment":[{"href":"https:\/\/www.evafm.net\/sitio\/wp-json\/wp\/v2\/media?parent=35681"}],"wp:term":[{"taxonomy":"category","embeddable":true,"href":"https:\/\/www.evafm.net\/sitio\/wp-json\/wp\/v2\/categories?post=35681"},{"taxonomy":"post_tag","embeddable":true,"href":"https:\/\/www.evafm.net\/sitio\/wp-json\/wp\/v2\/tags?post=35681"}],"curies":[{"name":"wp","href":"https:\/\/api.w.org\/{rel}","templated":true}]}}