{"id":35688,"date":"2018-07-05T15:51:02","date_gmt":"2018-07-05T20:51:02","guid":{"rendered":"http:\/\/www.evafm.net\/sitio\/?p=35688"},"modified":"2018-07-05T15:51:02","modified_gmt":"2018-07-05T20:51:02","slug":"cnj-pide-a-interpol-dar-cumplimiento-a-captura-de-rafael-correa","status":"publish","type":"post","link":"https:\/\/www.evafm.net\/sitio\/cnj-pide-a-interpol-dar-cumplimiento-a-captura-de-rafael-correa\/","title":{"rendered":"CNJ pide a Interpol dar cumplimiento a captura de Rafael Correa"},"content":{"rendered":"<p>La tarde del mi\u00e9rcoles, Carlos Rodr\u00edguez, secretario relator de la Sala Penal de la Corte Nacional de Justicia (CNJ), emiti\u00f3 al director de la Interpol en Quito el pedido para que se cumpla la disposici\u00f3n de la jueza Daniella Camacho de que la instituci\u00f3n proceda a la\u00a0<strong>inmediata localizaci\u00f3n y captura del expresidente Rafael Correa con fines de extradici\u00f3n<\/strong>.<\/p>\n<p>La acci\u00f3n llega a un d\u00eda de que Camacho, dentro de la instrucci\u00f3n fiscal que investiga el secuestro del pol\u00edtico\u00a0<strong>Fernando Balda<\/strong>, resolvi\u00f3 imponer la medida cautelar de prisi\u00f3n preventiva en contra de Correa y se dej\u00f3 por incumplimiento del procesado sin efecto la medida cautelar alternativa de presentaci\u00f3n peri\u00f3dica ante la secretar\u00eda de la Sala Penal de la CNJ.<\/p>\n<p>La resoluci\u00f3n adoptada se\u00f1al\u00f3: \u00abhaciendo conocer de esta disposici\u00f3n por cuanto han justificado conforme a derecho tanto la Defensa T\u00e9cnica como el Fiscal General Estado, y la acusaci\u00f3n que Rafael Correa se encuentra radicado fuera del pa\u00eds, emito difusi\u00f3n roja y en tal consideraci\u00f3n of\u00edciese a la INTERPOL, para que se proceda a la inmediata localizaci\u00f3n y captura del ciudadano para fines de extradici\u00f3n y una vez que se cumpla lo dispuesto ser\u00e1 remitido a la C\u00e1rcel 4 a disposici\u00f3n de esta Judicatura\u2026\u00bb<\/p>\n<p>La CNJ haciendo conocer de esta decisi\u00f3n pidi\u00f3 a la Interpol que se sirva dar cumplimiento a la disposici\u00f3n emitida por la jueza nacional Daniella Camacho. (I)<\/p>\n<p>Fuente: eluniverso.com<\/p>\n<div class=\"gsp_post_data\" \r\n\t            data-post_type=\"post\" \r\n\t            data-cat=\"noticias-ecuador\" \r\n\t            data-modified=\"120\"\r\n\t            data-created=\"1530805862\"\r\n\t            data-title=\"CNJ pide a Interpol dar cumplimiento a captura de Rafael Correa\" \r\n\t            data-home=\"https:\/\/www.evafm.net\/sitio\"><\/div>","protected":false},"excerpt":{"rendered":"<p>La tarde del mi\u00e9rcoles, Carlos Rodr\u00edguez, secretario relator de la Sala Penal de la Corte Nacional de Justicia (CNJ), emiti\u00f3 al director de la Interpol en Quito el pedido para que se cumpla la disposici\u00f3n de la jueza Daniella Camacho de que la instituci\u00f3n proceda a la\u00a0inmediata localizaci\u00f3n y captura del expresidente Rafael Correa con&#8230;<\/p>\n","protected":false},"author":5,"featured_media":35689,"comment_status":"closed","ping_status":"open","sticky":false,"template":"","format":"standard","meta":{"_joinchat":[],"footnotes":""},"categories":[1558],"tags":[],"class_list":["post-35688","post","type-post","status-publish","format-standard","has-post-thumbnail","hentry","category-noticias-ecuador","have-post-thumb"],"_links":{"self":[{"href":"https:\/\/www.evafm.net\/sitio\/wp-json\/wp\/v2\/posts\/35688","targetHints":{"allow":["GET"]}}],"collection":[{"href":"https:\/\/www.evafm.net\/sitio\/wp-json\/wp\/v2\/posts"}],"about":[{"href":"https:\/\/www.evafm.net\/sitio\/wp-json\/wp\/v2\/types\/post"}],"author":[{"embeddable":true,"href":"https:\/\/www.evafm.net\/sitio\/wp-json\/wp\/v2\/users\/5"}],"replies":[{"embeddable":true,"href":"https:\/\/www.evafm.net\/sitio\/wp-json\/wp\/v2\/comments?post=35688"}],"version-history":[{"count":1,"href":"https:\/\/www.evafm.net\/sitio\/wp-json\/wp\/v2\/posts\/35688\/revisions"}],"predecessor-version":[{"id":35690,"href":"https:\/\/www.evafm.net\/sitio\/wp-json\/wp\/v2\/posts\/35688\/revisions\/35690"}],"wp:featuredmedia":[{"embeddable":true,"href":"https:\/\/www.evafm.net\/sitio\/wp-json\/wp\/v2\/media\/35689"}],"wp:attachment":[{"href":"https:\/\/www.evafm.net\/sitio\/wp-json\/wp\/v2\/media?parent=35688"}],"wp:term":[{"taxonomy":"category","embeddable":true,"href":"https:\/\/www.evafm.net\/sitio\/wp-json\/wp\/v2\/categories?post=35688"},{"taxonomy":"post_tag","embeddable":true,"href":"https:\/\/www.evafm.net\/sitio\/wp-json\/wp\/v2\/tags?post=35688"}],"curies":[{"name":"wp","href":"https:\/\/api.w.org\/{rel}","templated":true}]}}