{"id":35700,"date":"2018-07-05T16:38:54","date_gmt":"2018-07-05T21:38:54","guid":{"rendered":"http:\/\/www.evafm.net\/sitio\/?p=35700"},"modified":"2018-07-05T16:38:54","modified_gmt":"2018-07-05T21:38:54","slug":"el-maestro-tabarez-compartio-un-dato-estadistico-y-encendio-la-polemica","status":"publish","type":"post","link":"https:\/\/www.evafm.net\/sitio\/el-maestro-tabarez-compartio-un-dato-estadistico-y-encendio-la-polemica\/","title":{"rendered":"El \u00abMaestro\u00bb Tab\u00e1rez comparti\u00f3 un dato estad\u00edstico y encendi\u00f3 la pol\u00e9mica"},"content":{"rendered":"<p>Ma\u00f1ana comenzar\u00e1n los cuartos de final de la Copa del Mundo con uno de los duelos m\u00e1s atractivos: Uruguay-Francia.<\/p>\n<p>Y en la conferencia de prensa previa,\u00a0<strong>Oscar Washington Tab\u00e1rez<\/strong>\u00a0ofreci\u00f3 material para ser repasado.<\/p>\n<p>Sobre todo, por consideraci\u00f3n con el \u00e1rbitro N\u00e9stor Pitana.<\/p>\n<div class=\"row\">\n<div class=\"col-xs-12 col-print-12\">\n<p class=\"element element-paragraph\">\u00abNunca me preguntaron por el \u00e1rbitro en los partidos anteriores y ahora por el solo hecho de que es argentino s\u00ed\u00bb, se sorprendi\u00f3 el\u00a0<em>Maestro<\/em>, quien prosigui\u00f3 con una estad\u00edstica que desat\u00f3 la pol\u00e9mica:\u00a0<strong>\u00abNunca ganamos un partido con \u00e9l de \u00e1rbitro\u00bb.<\/strong><\/p>\n<\/div>\n<\/div>\n<div class=\"row\">\n<div class=\"col-xs-12 col-print-12\">\n<p class=\"element element-paragraph\">El entrenador del combinado uruguayo se\u00f1al\u00f3 el dato como una \u00abcoincidencia\u00bb y afirm\u00f3 \u00abno querer entrar en esos jueguitos\u00bb, pero dej\u00f3 la pelota picando.<\/p>\n<p class=\"element element-paragraph\">\u00a0<strong>\u00abSimplemente lo digo para que vean que no tiene nada que ver que sea argentino o de cualquier otra nacionalidad. <\/strong><\/p>\n<p class=\"element element-paragraph\"><strong>Es un buen \u00e1rbitro, me adelanto a decirlo, y de experiencia\u00bb<\/strong>, agreg\u00f3.<\/p>\n<div class=\"row\">\n<div class=\"col-xs-12 col-print-12\">\n<p class=\"element element-paragraph\">Pitana dirigi\u00f3 a Uruguay en las \u00faltimas Eliminatorias en dos ocasiones: empate 2-2 con Brasil y empate 2-2 con Colombia (en ambas ocasiones la Celeste fue visitante).<\/p>\n<p class=\"element element-paragraph\">Y en las Eliminatorias de Brasil 2014 lo arbitr\u00f3 en otra oportunidad: ca\u00edda 2-0 con Chile en Santiago.<\/p>\n<\/div>\n<\/div>\n<div class=\"row\">\n<div class=\"col-xs-12 col-print-12\">\n<p class=\"element element-paragraph\">Al margen del historial con el juez de turno, Tab\u00e1rez destac\u00f3 a la actual Copa del Mundo como \u00abel mejor Mundial de los que he vivido\u00bb y no dio pistas sobre la posible titularidad de\u00a0<strong>Edinson Cavani<\/strong>, quien arrastra una molestia muscular desde el partido con Portugal.<\/p>\n<p class=\"element element-paragraph\">\u00abTendr\u00e1n que tener 24 horas de paciencia, nada m\u00e1s\u00bb, dijo.<\/p>\n<\/div>\n<\/div>\n<div class=\"row\">\n<div class=\"col-xs-12 col-print-12\">\n<p class=\"element element-paragraph\">\u00abFrancia tiene un equipo muy poderoso.\u00a0<strong>Confieso que una parte de nuestro proceso de trabajo tuvo el espejo en Francia.<\/strong><\/p>\n<p class=\"element element-paragraph\">Ser\u00e1n grandes rivales ma\u00f1ana, pero de ninguna manera enemigos\u00bb, concluy\u00f3.<\/p>\n<p>Fuente: infobae.com<\/p>\n<\/div>\n<\/div>\n<\/div>\n<\/div>\n<div class=\"gsp_post_data\" \r\n\t            data-post_type=\"post\" \r\n\t            data-cat=\"deportes-internacionales,general\" \r\n\t            data-modified=\"120\"\r\n\t            data-created=\"1530808734\"\r\n\t            data-title=\"El \u00abMaestro\u00bb Tab\u00e1rez comparti\u00f3 un dato estad\u00edstico y encendi\u00f3 la pol\u00e9mica\" \r\n\t            data-home=\"https:\/\/www.evafm.net\/sitio\"><\/div>","protected":false},"excerpt":{"rendered":"<p>Ma\u00f1ana comenzar\u00e1n los cuartos de final de la Copa del Mundo con uno de los duelos m\u00e1s atractivos: Uruguay-Francia. Y en la conferencia de prensa previa,\u00a0Oscar Washington Tab\u00e1rez\u00a0ofreci\u00f3 material para ser repasado. Sobre todo, por consideraci\u00f3n con el \u00e1rbitro N\u00e9stor Pitana. \u00abNunca me preguntaron por el \u00e1rbitro en los partidos anteriores y ahora por el&#8230;<\/p>\n","protected":false},"author":5,"featured_media":35701,"comment_status":"closed","ping_status":"open","sticky":false,"template":"","format":"standard","meta":{"_joinchat":[],"footnotes":""},"categories":[1342,1720],"tags":[],"class_list":["post-35700","post","type-post","status-publish","format-standard","has-post-thumbnail","hentry","category-deportes-internacionales","category-general","have-post-thumb"],"_links":{"self":[{"href":"https:\/\/www.evafm.net\/sitio\/wp-json\/wp\/v2\/posts\/35700","targetHints":{"allow":["GET"]}}],"collection":[{"href":"https:\/\/www.evafm.net\/sitio\/wp-json\/wp\/v2\/posts"}],"about":[{"href":"https:\/\/www.evafm.net\/sitio\/wp-json\/wp\/v2\/types\/post"}],"author":[{"embeddable":true,"href":"https:\/\/www.evafm.net\/sitio\/wp-json\/wp\/v2\/users\/5"}],"replies":[{"embeddable":true,"href":"https:\/\/www.evafm.net\/sitio\/wp-json\/wp\/v2\/comments?post=35700"}],"version-history":[{"count":1,"href":"https:\/\/www.evafm.net\/sitio\/wp-json\/wp\/v2\/posts\/35700\/revisions"}],"predecessor-version":[{"id":35702,"href":"https:\/\/www.evafm.net\/sitio\/wp-json\/wp\/v2\/posts\/35700\/revisions\/35702"}],"wp:featuredmedia":[{"embeddable":true,"href":"https:\/\/www.evafm.net\/sitio\/wp-json\/wp\/v2\/media\/35701"}],"wp:attachment":[{"href":"https:\/\/www.evafm.net\/sitio\/wp-json\/wp\/v2\/media?parent=35700"}],"wp:term":[{"taxonomy":"category","embeddable":true,"href":"https:\/\/www.evafm.net\/sitio\/wp-json\/wp\/v2\/categories?post=35700"},{"taxonomy":"post_tag","embeddable":true,"href":"https:\/\/www.evafm.net\/sitio\/wp-json\/wp\/v2\/tags?post=35700"}],"curies":[{"name":"wp","href":"https:\/\/api.w.org\/{rel}","templated":true}]}}