{"id":35724,"date":"2018-07-05T18:29:00","date_gmt":"2018-07-05T23:29:00","guid":{"rendered":"http:\/\/www.evafm.net\/sitio\/?p=35724"},"modified":"2018-07-05T18:29:00","modified_gmt":"2018-07-05T23:29:00","slug":"fallece-el-cineasta-frances-del-holocausto-claude-lanzmann","status":"publish","type":"post","link":"https:\/\/www.evafm.net\/sitio\/fallece-el-cineasta-frances-del-holocausto-claude-lanzmann\/","title":{"rendered":"Fallece el cineasta franc\u00e9s del Holocausto, Claude Lanzmann"},"content":{"rendered":"<p>PAR\u00cdS.<\/p>\n<p class=\"letter-capitular\">El cineasta, escritor, periodista y fil\u00f3sofo franc\u00e9s\u00a0<strong>Claude Lanzmann<\/strong>, autor del documental\u00a0<strong>Shoah<\/strong>, falleci\u00f3 hoy en Par\u00eds a los 92 a\u00f1os de edad, informaron los medios franceses.<\/p>\n<p><strong>Shoah<\/strong>, obra capital del\u00a0cine\u00a0documental, fue un proyecto en el que trabaj\u00f3 desde 1974 hasta su estreno en 1985, con nueve horas de testimonios sobre el Holocausto que recorrieron el mundo.<\/p>\n<p>Hijo de emigrantes jud\u00edos de la Europa del Este, fue miembro de la resistencia en la Francia ocupada por los nazis, militando en las filas de las Juventudes Comunistas.<\/p>\n<p>Tras estudiar Literatura y Filosof\u00eda, se volc\u00f3 primero en la docencia y el periodismo y posteriormente en el\u00a0cine.<\/p>\n<p>Lanzmann naci\u00f3 el 27 de noviembre de 1925 en Bois-Colombes, en la regi\u00f3n parisina.<\/p>\n<p>Dedic\u00f3 toda su vida a la creaci\u00f3n art\u00edstica. En 1952 entr\u00f3 como colaborador en la revista\u00a0<strong>Les temps modernes<\/strong>, de la que fue director, y realiz\u00f3 sus primeros documentales a partir de 1970.<\/p>\n<p><strong>Porquoi Israel\u00a0<\/strong>(1973) y\u00a0<strong>Tsahal\u00a0<\/strong>(1994) giran en torno al Estado de Israel, mientras que en\u00a0<strong>Un vivant qui passe<\/strong>\u00a0(1997) y<strong>\u00a0Sobib\u00f3r, 14 octubre 1943, 16 heures<\/strong>\u00a0(2001) aborda, como en su obra m\u00e1s conocida, el Holocausto nazi.<\/p>\n<p>En 1995 public\u00f3 un libro con la transcripci\u00f3n completa de los testimonios de<strong>Shoah<\/strong>\u00a0y en 2009, bajo el nombre de\u00a0<strong>Le Li\u00e8vre de Patagonie<\/strong>, lanz\u00f3 su autobiograf\u00eda, repaso de una vida en la que fue pareja de la escritora\u00a0<strong>Simone de Beauvoir<\/strong>.<\/p>\n<p>El diario\u00a0<strong>Le Monde<\/strong>\u00a0record\u00f3 hoy que el entonces presidente franc\u00e9s,\u00a0<strong>Fran\u00e7ois Mitterrand<\/strong>, cuando ya estaba muy debilitado por el c\u00e1ncer, lo convoc\u00f3 en el El\u00edseo una noche, para preguntarle: \u00abLanzmann, \u00bfqu\u00e9 es la muerte?\u00bb.<\/p>\n<p>\u00abEs un esc\u00e1ndalo absoluto, se\u00f1or presidente\u00bb, le contest\u00f3.<\/p>\n<p>cmd<\/p>\n<p>Fuente: excelsior.com.mx<\/p>\n<div class=\"gsp_post_data\" \r\n\t            data-post_type=\"post\" \r\n\t            data-cat=\"farandula-internacional\" \r\n\t            data-modified=\"120\"\r\n\t            data-created=\"1530815340\"\r\n\t            data-title=\"Fallece el cineasta franc\u00e9s del Holocausto, Claude Lanzmann\" \r\n\t            data-home=\"https:\/\/www.evafm.net\/sitio\"><\/div>","protected":false},"excerpt":{"rendered":"<p>PAR\u00cdS. El cineasta, escritor, periodista y fil\u00f3sofo franc\u00e9s\u00a0Claude Lanzmann, autor del documental\u00a0Shoah, falleci\u00f3 hoy en Par\u00eds a los 92 a\u00f1os de edad, informaron los medios franceses. Shoah, obra capital del\u00a0cine\u00a0documental, fue un proyecto en el que trabaj\u00f3 desde 1974 hasta su estreno en 1985, con nueve horas de testimonios sobre el Holocausto que recorrieron el&#8230;<\/p>\n","protected":false},"author":5,"featured_media":35725,"comment_status":"closed","ping_status":"open","sticky":false,"template":"","format":"standard","meta":{"_joinchat":[],"footnotes":""},"categories":[1346],"tags":[],"class_list":["post-35724","post","type-post","status-publish","format-standard","has-post-thumbnail","hentry","category-farandula-internacional","have-post-thumb"],"_links":{"self":[{"href":"https:\/\/www.evafm.net\/sitio\/wp-json\/wp\/v2\/posts\/35724","targetHints":{"allow":["GET"]}}],"collection":[{"href":"https:\/\/www.evafm.net\/sitio\/wp-json\/wp\/v2\/posts"}],"about":[{"href":"https:\/\/www.evafm.net\/sitio\/wp-json\/wp\/v2\/types\/post"}],"author":[{"embeddable":true,"href":"https:\/\/www.evafm.net\/sitio\/wp-json\/wp\/v2\/users\/5"}],"replies":[{"embeddable":true,"href":"https:\/\/www.evafm.net\/sitio\/wp-json\/wp\/v2\/comments?post=35724"}],"version-history":[{"count":1,"href":"https:\/\/www.evafm.net\/sitio\/wp-json\/wp\/v2\/posts\/35724\/revisions"}],"predecessor-version":[{"id":35726,"href":"https:\/\/www.evafm.net\/sitio\/wp-json\/wp\/v2\/posts\/35724\/revisions\/35726"}],"wp:featuredmedia":[{"embeddable":true,"href":"https:\/\/www.evafm.net\/sitio\/wp-json\/wp\/v2\/media\/35725"}],"wp:attachment":[{"href":"https:\/\/www.evafm.net\/sitio\/wp-json\/wp\/v2\/media?parent=35724"}],"wp:term":[{"taxonomy":"category","embeddable":true,"href":"https:\/\/www.evafm.net\/sitio\/wp-json\/wp\/v2\/categories?post=35724"},{"taxonomy":"post_tag","embeddable":true,"href":"https:\/\/www.evafm.net\/sitio\/wp-json\/wp\/v2\/tags?post=35724"}],"curies":[{"name":"wp","href":"https:\/\/api.w.org\/{rel}","templated":true}]}}